{"id":129710,"date":"2025-08-30T23:17:58","date_gmt":"2025-08-31T05:17:58","guid":{"rendered":"https:\/\/diariolanoticia.com.mx\/?p=129710"},"modified":"2025-09-08T23:18:19","modified_gmt":"2025-09-09T05:18:19","slug":"apertura-congreso-del-estado-primer-periodo-ordinario-del-segundo-ano-de-ejercicio-legal","status":"publish","type":"post","link":"https:\/\/diariolanoticia.com.mx\/?p=129710","title":{"rendered":"Apertura Congreso del Estado Primer Periodo Ordinario del Segundo A\u00f1o de Ejercicio Legal"},"content":{"rendered":"\n<p>\u00b7&nbsp;&nbsp;&nbsp;&nbsp;&nbsp;&nbsp;&nbsp;&nbsp;<em>Nombran diputados nuevos titulares de \u00f3rganos administrativos y t\u00e9cnicos.<\/em><\/p>\n\n\n\n<p>En sesi\u00f3n extraordinaria, p\u00fablica y solemne la LXV Legislatura del Congreso del Estado de Tlaxcala declar\u00f3 formalmente la apertura del Primer Periodo Ordinario de Sesiones del Segundo A\u00f1o de Ejercicio Legal, que comprende del 30 de agosto de 2025 al 15 de diciembre de 2025.<\/p>\n\n\n\n<p>Con este acto, las y los legisladores dieron inicio a una nueva etapa de trabajo parlamentario, en la que se comprometen a atender los retos y necesidades de la sociedad tlaxcalteca, privilegiando el di\u00e1logo, el debate y la toma de decisiones en beneficio de la ciudadan\u00eda.<\/p>\n\n\n\n<p>En sesi\u00f3n extraordinaria posterior, el Pleno design\u00f3 a los titulares de los \u00f3rganos administrativos y t\u00e9cnicos que acompa\u00f1ar\u00e1n la labor legislativa.<\/p>\n\n\n\n<p>Se design\u00f3 al Licenciado Juan Pablo Tena Ochoa en la Secretar\u00eda Parlamentaria; a la Licenciada Mar\u00eda Genoveva Loredo Rodr\u00edguez en el Instituto de Estudios Legislativos; y a la Licenciada Melanie Zamudio Vel\u00e1zquez en la Direcci\u00f3n Jur\u00eddica, quienes rindieron protesta al cargo.<\/p>\n\n\n\n<p>Los titulares designados, acreditaron de manera satisfactoria tener los conocimientos y la experiencia necesaria, as\u00ed como satisfacer los requisitos que exige la norma en menci\u00f3n<\/p>\n","protected":false},"excerpt":{"rendered":"<p>\u00b7&nbsp;&nbsp;&nbsp;&nbsp;&nbsp;&nbsp;&nbsp;&nbsp;Nombran diputados nuevos titulares de \u00f3rganos administrativos y t\u00e9cnicos. En sesi\u00f3n extraordinaria, p\u00fablica y solemne la LXV Legislatura del Congreso del Estado de Tlaxcala declar\u00f3 formalmente la apertura del Primer Periodo Ordinario de Sesiones del Segundo A\u00f1o de Ejercicio Legal, que comprende del 30 de agosto de 2025 al 15 de diciembre de 2025. Con [&hellip;]<\/p>\n","protected":false},"author":1,"featured_media":129711,"comment_status":"open","ping_status":"open","sticky":false,"template":"","format":"standard","meta":{"footnotes":""},"categories":[22],"tags":[],"class_list":["post-129710","post","type-post","status-publish","format-standard","has-post-thumbnail","hentry","category-congreso"],"blog_post_layout_featured_media_urls":{"thumbnail":["https:\/\/diariolanoticia.com.mx\/wp-content\/uploads\/2025\/09\/1a22e12a-d514-44e9-b5e2-ef734aa5d42c-216x160.jpg",216,160,true],"full":["https:\/\/diariolanoticia.com.mx\/wp-content\/uploads\/2025\/09\/1a22e12a-d514-44e9-b5e2-ef734aa5d42c.jpg",1364,911,false]},"categories_names":{"22":{"name":"Congreso","link":"https:\/\/diariolanoticia.com.mx\/?cat=22"}},"tags_names":[],"comments_number":"0","wpmagazine_modules_lite_featured_media_urls":{"thumbnail":["https:\/\/diariolanoticia.com.mx\/wp-content\/uploads\/2025\/09\/1a22e12a-d514-44e9-b5e2-ef734aa5d42c-216x160.jpg",216,160,true],"cvmm-medium":["https:\/\/diariolanoticia.com.mx\/wp-content\/uploads\/2025\/09\/1a22e12a-d514-44e9-b5e2-ef734aa5d42c-300x300.jpg",300,300,true],"cvmm-medium-plus":["https:\/\/diariolanoticia.com.mx\/wp-content\/uploads\/2025\/09\/1a22e12a-d514-44e9-b5e2-ef734aa5d42c-305x207.jpg",305,207,true],"cvmm-portrait":["https:\/\/diariolanoticia.com.mx\/wp-content\/uploads\/2025\/09\/1a22e12a-d514-44e9-b5e2-ef734aa5d42c-400x600.jpg",400,600,true],"cvmm-medium-square":["https:\/\/diariolanoticia.com.mx\/wp-content\/uploads\/2025\/09\/1a22e12a-d514-44e9-b5e2-ef734aa5d42c-600x600.jpg",600,600,true],"cvmm-large":["https:\/\/diariolanoticia.com.mx\/wp-content\/uploads\/2025\/09\/1a22e12a-d514-44e9-b5e2-ef734aa5d42c-1024x911.jpg",1024,911,true],"cvmm-small":["https:\/\/diariolanoticia.com.mx\/wp-content\/uploads\/2025\/09\/1a22e12a-d514-44e9-b5e2-ef734aa5d42c-130x95.jpg",130,95,true],"full":["https:\/\/diariolanoticia.com.mx\/wp-content\/uploads\/2025\/09\/1a22e12a-d514-44e9-b5e2-ef734aa5d42c.jpg",1364,911,false]},"_links":{"self":[{"href":"https:\/\/diariolanoticia.com.mx\/index.php?rest_route=\/wp\/v2\/posts\/129710","targetHints":{"allow":["GET"]}}],"collection":[{"href":"https:\/\/diariolanoticia.com.mx\/index.php?rest_route=\/wp\/v2\/posts"}],"about":[{"href":"https:\/\/diariolanoticia.com.mx\/index.php?rest_route=\/wp\/v2\/types\/post"}],"author":[{"embeddable":true,"href":"https:\/\/diariolanoticia.com.mx\/index.php?rest_route=\/wp\/v2\/users\/1"}],"replies":[{"embeddable":true,"href":"https:\/\/diariolanoticia.com.mx\/index.php?rest_route=%2Fwp%2Fv2%2Fcomments&post=129710"}],"version-history":[{"count":1,"href":"https:\/\/diariolanoticia.com.mx\/index.php?rest_route=\/wp\/v2\/posts\/129710\/revisions"}],"predecessor-version":[{"id":129712,"href":"https:\/\/diariolanoticia.com.mx\/index.php?rest_route=\/wp\/v2\/posts\/129710\/revisions\/129712"}],"wp:featuredmedia":[{"embeddable":true,"href":"https:\/\/diariolanoticia.com.mx\/index.php?rest_route=\/wp\/v2\/media\/129711"}],"wp:attachment":[{"href":"https:\/\/diariolanoticia.com.mx\/index.php?rest_route=%2Fwp%2Fv2%2Fmedia&parent=129710"}],"wp:term":[{"taxonomy":"category","embeddable":true,"href":"https:\/\/diariolanoticia.com.mx\/index.php?rest_route=%2Fwp%2Fv2%2Fcategories&post=129710"},{"taxonomy":"post_tag","embeddable":true,"href":"https:\/\/diariolanoticia.com.mx\/index.php?rest_route=%2Fwp%2Fv2%2Ftags&post=129710"}],"curies":[{"name":"wp","href":"https:\/\/api.w.org\/{rel}","templated":true}]}}