{"id":129713,"date":"2025-08-30T23:18:59","date_gmt":"2025-08-31T05:18:59","guid":{"rendered":"https:\/\/diariolanoticia.com.mx\/?p=129713"},"modified":"2025-09-08T23:19:20","modified_gmt":"2025-09-09T05:19:20","slug":"aprueba-congreso-la-designacion-de-sonia-lilian-rodriguez-becerra-como-integrante-del-organo-de-administracion-judicial","status":"publish","type":"post","link":"https:\/\/diariolanoticia.com.mx\/?p=129713","title":{"rendered":"Aprueba Congreso la designaci\u00f3n de Sonia Lilian Rodr\u00edguez Becerra como integrante del \u00d3rgano de Administraci\u00f3n Judicial"},"content":{"rendered":"\n<p>En sesi\u00f3n extraordinaria, las diputadas y los diputados integrantes de la LXV Legislatura aprobaron por unanimidad, el Dictamen con Proyecto de Decreto por el que el Congreso del Estado designa a la persona que ocupar\u00e1 el cargo de integrante del \u00d3rgano de Administraci\u00f3n Judicial del Poder Judicial del Estado de Tlaxcala.<\/p>\n\n\n\n<p>La persona designada es la Licenciada Sonia Lilian Rodr\u00edguez Becerra, quien rendir\u00e1 protesta de Ley ante el Pleno del Congreso del Estado el d\u00eda primero de septiembre del a\u00f1o en curso, mismo cargo que deber\u00e1 desempe\u00f1ar con autonom\u00eda, independencia e imparcialidad, garantizando as\u00ed el correcto desempe\u00f1o del \u00d3rgano de Administraci\u00f3n Judicial.<\/p>\n\n\n\n<p>El dictamen aprobado fue presentado por la Comisi\u00f3n de Puntos Constitucionales, Gobernaci\u00f3n y Justicia y Asuntos Pol\u00edticos, la cual observ\u00f3 el cumplimiento de los requisitos que exigen la Constituci\u00f3n Local y la normatividad vigente, respecto a la integraci\u00f3n del referido \u00d3rgano, el cual deber\u00e1 iniciar sus funciones el pr\u00f3ximo primero de septiembre.<\/p>\n\n\n\n<p>Es de mencionar que, el \u00d3rgano de Administraci\u00f3n Judicial fue creado mediante el Decreto que reform\u00f3 el texto constitucional en materia de Poder Judicial, publicado en el Peri\u00f3dico Oficial del Gobierno del Estado en diciembre del a\u00f1o pasado, y que desempe\u00f1ar\u00e1 junto al Tribunal de Disciplina Judicial, las funciones que realizaba el Consejo de la Judicatura. Este nuevo esquema fortalece la administraci\u00f3n, gesti\u00f3n y carrera judicial, con independencia t\u00e9cnica y autonom\u00eda en la toma de decisiones.<\/p>\n\n\n\n<p>Con este acto, el Congreso del Estado de Tlaxcala refrenda su compromiso con el fortalecimiento del Poder Judicial, garantizando que la impartici\u00f3n de justicia en la entidad se realice con mayor eficiencia, autonom\u00eda y transparencia en beneficio de la ciudadan\u00eda.<\/p>\n","protected":false},"excerpt":{"rendered":"<p>En sesi\u00f3n extraordinaria, las diputadas y los diputados integrantes de la LXV Legislatura aprobaron por unanimidad, el Dictamen con Proyecto de Decreto por el que el Congreso del Estado designa a la persona que ocupar\u00e1 el cargo de integrante del \u00d3rgano de Administraci\u00f3n Judicial del Poder Judicial del Estado de Tlaxcala. La persona designada es [&hellip;]<\/p>\n","protected":false},"author":1,"featured_media":129714,"comment_status":"open","ping_status":"open","sticky":false,"template":"","format":"standard","meta":{"footnotes":""},"categories":[22],"tags":[],"class_list":["post-129713","post","type-post","status-publish","format-standard","has-post-thumbnail","hentry","category-congreso"],"blog_post_layout_featured_media_urls":{"thumbnail":["https:\/\/diariolanoticia.com.mx\/wp-content\/uploads\/2025\/09\/PHOTO-2025-08-30-14-36-38-216x160.jpg",216,160,true],"full":["https:\/\/diariolanoticia.com.mx\/wp-content\/uploads\/2025\/09\/PHOTO-2025-08-30-14-36-38.jpg",1280,856,false]},"categories_names":{"22":{"name":"Congreso","link":"https:\/\/diariolanoticia.com.mx\/?cat=22"}},"tags_names":[],"comments_number":"0","wpmagazine_modules_lite_featured_media_urls":{"thumbnail":["https:\/\/diariolanoticia.com.mx\/wp-content\/uploads\/2025\/09\/PHOTO-2025-08-30-14-36-38-216x160.jpg",216,160,true],"cvmm-medium":["https:\/\/diariolanoticia.com.mx\/wp-content\/uploads\/2025\/09\/PHOTO-2025-08-30-14-36-38-300x300.jpg",300,300,true],"cvmm-medium-plus":["https:\/\/diariolanoticia.com.mx\/wp-content\/uploads\/2025\/09\/PHOTO-2025-08-30-14-36-38-305x207.jpg",305,207,true],"cvmm-portrait":["https:\/\/diariolanoticia.com.mx\/wp-content\/uploads\/2025\/09\/PHOTO-2025-08-30-14-36-38-400x600.jpg",400,600,true],"cvmm-medium-square":["https:\/\/diariolanoticia.com.mx\/wp-content\/uploads\/2025\/09\/PHOTO-2025-08-30-14-36-38-600x600.jpg",600,600,true],"cvmm-large":["https:\/\/diariolanoticia.com.mx\/wp-content\/uploads\/2025\/09\/PHOTO-2025-08-30-14-36-38-1024x856.jpg",1024,856,true],"cvmm-small":["https:\/\/diariolanoticia.com.mx\/wp-content\/uploads\/2025\/09\/PHOTO-2025-08-30-14-36-38-130x95.jpg",130,95,true],"full":["https:\/\/diariolanoticia.com.mx\/wp-content\/uploads\/2025\/09\/PHOTO-2025-08-30-14-36-38.jpg",1280,856,false]},"_links":{"self":[{"href":"https:\/\/diariolanoticia.com.mx\/index.php?rest_route=\/wp\/v2\/posts\/129713","targetHints":{"allow":["GET"]}}],"collection":[{"href":"https:\/\/diariolanoticia.com.mx\/index.php?rest_route=\/wp\/v2\/posts"}],"about":[{"href":"https:\/\/diariolanoticia.com.mx\/index.php?rest_route=\/wp\/v2\/types\/post"}],"author":[{"embeddable":true,"href":"https:\/\/diariolanoticia.com.mx\/index.php?rest_route=\/wp\/v2\/users\/1"}],"replies":[{"embeddable":true,"href":"https:\/\/diariolanoticia.com.mx\/index.php?rest_route=%2Fwp%2Fv2%2Fcomments&post=129713"}],"version-history":[{"count":1,"href":"https:\/\/diariolanoticia.com.mx\/index.php?rest_route=\/wp\/v2\/posts\/129713\/revisions"}],"predecessor-version":[{"id":129715,"href":"https:\/\/diariolanoticia.com.mx\/index.php?rest_route=\/wp\/v2\/posts\/129713\/revisions\/129715"}],"wp:featuredmedia":[{"embeddable":true,"href":"https:\/\/diariolanoticia.com.mx\/index.php?rest_route=\/wp\/v2\/media\/129714"}],"wp:attachment":[{"href":"https:\/\/diariolanoticia.com.mx\/index.php?rest_route=%2Fwp%2Fv2%2Fmedia&parent=129713"}],"wp:term":[{"taxonomy":"category","embeddable":true,"href":"https:\/\/diariolanoticia.com.mx\/index.php?rest_route=%2Fwp%2Fv2%2Fcategories&post=129713"},{"taxonomy":"post_tag","embeddable":true,"href":"https:\/\/diariolanoticia.com.mx\/index.php?rest_route=%2Fwp%2Fv2%2Ftags&post=129713"}],"curies":[{"name":"wp","href":"https:\/\/api.w.org\/{rel}","templated":true}]}}