{"id":129816,"date":"2025-10-01T17:31:45","date_gmt":"2025-10-01T23:31:45","guid":{"rendered":"https:\/\/diariolanoticia.com.mx\/?p=129816"},"modified":"2025-10-01T17:31:45","modified_gmt":"2025-10-01T23:31:45","slug":"puebla-es-ejemplo-nacional-en-el-impulso-comunitario-a-la-industria-zapatera","status":"publish","type":"post","link":"https:\/\/diariolanoticia.com.mx\/?p=129816","title":{"rendered":"Puebla es ejemplo nacional en el impulso comunitario a la industria zapatera"},"content":{"rendered":"\n<p>&#8211; El gobernador Alejandro Armenta afirm\u00f3 que durante los pr\u00f3ximos seis a\u00f1os las y los fabricantes de zapato tendr\u00e1n certeza y seguridad.<\/p>\n\n\n\n<p>-\u201cDespu\u00e9s de 50 a\u00f1os sin ser tomados en cuenta, actualmente las y los productores son reconocidos\u201d: presidente de la cooperativa de calzado en Tehuac\u00e1n, Isael N\u00e1jera.<\/p>\n\n\n\n<p>CIUDAD DE M\u00c9XICO.- Las y los fabricantes de calzado en Tehuac\u00e1n y Tepeyahualco cuentan con la certeza de que el Gobierno de Puebla, durante los pr\u00f3ximos seis a\u00f1os fortalecer\u00e1 a la industria, con el proyecto de 300 mil pares de zapatos escolares, as\u00ed lo asegur\u00f3 el gobernador Alejandro Armenta, durante una rueda de prensa con medios nacionales en la Casa de Representaci\u00f3n.<\/p>\n\n\n\n<p>El titular del ejecutivo subray\u00f3 que, con el prop\u00f3sito de impulsar la econom\u00eda regional, generar empleos dignos y con una visi\u00f3n inclusiva de desarrollo, en Puebla renaci\u00f3 la industria del calzado, despu\u00e9s de vivir una crisis el a\u00f1o pasado. Afirm\u00f3 que ahora corresponde incluir a m\u00e1s municipios que tengan vocaci\u00f3n en el sector para que el pr\u00f3ximo a\u00f1o se logre la elaboraci\u00f3n de 700 mil pares de zapatos.<\/p>\n\n\n\n<p>El presidente de la cooperativa de calzado en Tehuac\u00e1n, Isael N\u00e1jera Ventura, se\u00f1al\u00f3 que despu\u00e9s de 50 a\u00f1os sin ser tomados en cuenta, actualmente la industria es reconocida. Record\u00f3 que el a\u00f1o pasado disminuyeron las ventas, sin embargo con el proyecto del gobernador se impuls\u00f3 a los fabricantes. Explic\u00f3 que para las y los productores, el periodo entre junio y septiembre representa temporada baja, pero a la fecha tienen un incremento en ingresos y m\u00e1s de 650 empleos. \u201cTodos los fabricantes est\u00e1n contentos y comprometidos porque estos proyectos fortalecen a la industria\u201d, afirm\u00f3.<\/p>\n\n\n\n<p>El secretario de Desarrollo econ\u00f3mico y Trabajo, V\u00edctor Gabriel Chedraui, explic\u00f3 que para llegar a este punto de producci\u00f3n, llevaron a cabo reuniones con productores de Tehuac\u00e1n y Tepeyahualco, donde identificaron talleres familiares y posteriormente realizaron un diagn\u00f3stico para generar vinculaci\u00f3n, impulsar la figura de cooperativa y consolidar a Puebla como una potencia en la industria.<\/p>\n\n\n\n<p>Detall\u00f3 que en la entidad se tienen 382 establecimientos en el sector y Puebla ocupa el sexto lugar a nivel nacional con m\u00e1s de mil 600 trabajadores, tan solo en Tehuac\u00e1n hay 91 empresas y 73 en Tepeyahualco, que ya han mejorado sus ingresos.<\/p>\n\n\n\n<p>Por su parte, la productora Diana Pacheco Vargas, reconoci\u00f3 al gobernador de Puebla por tomar en cuenta a las familias que elaboran zapato en la entidad y aprender a realizar zapato de piel y con calidad. \u201cEsto ayuda a la econom\u00eda, hace la diferencia, ya que nunca antes se hab\u00eda integrado a los peque\u00f1os comerciantes\u201d, afirm\u00f3 Diana.<\/p>\n\n\n\n<p>En su oportunidad, Oscar G\u00f3mez Centeno, productor de Tepeyahualco, destac\u00f3 que con la visi\u00f3n de desarrollo regional y el impulso decidido del gobernador, se cumple con la producci\u00f3n del zapato escolar de calidad con los est\u00e1ndares requeridos por la Secretar\u00eda de Educaci\u00f3n P\u00fablica, ya que se trata de un producto hecho de piel con confort y comodidad. \u201cQue nos conozcan en todo M\u00e9xico y competirle a cualquier industria del calzado en el pa\u00eds\u201d, asegur\u00f3.<\/p>\n\n\n\n<p>Finalmente, Juan Jos\u00e9 L\u00f3pez Ibarra, de la empresa Probox del municipio de Tehuac\u00e1n, se\u00f1al\u00f3 que, con una visi\u00f3n social e integral, desarrollaron la caja donde van empaquetados los zapatos, en dicho envase va impreso un c\u00f3digo QR con informaci\u00f3n del fabricante y con un mensaje del gobernador Alejandro Armenta sobre el proyecto zapatero.<\/p>\n","protected":false},"excerpt":{"rendered":"<p>&#8211; El gobernador Alejandro Armenta afirm\u00f3 que durante los pr\u00f3ximos seis a\u00f1os las y los fabricantes de zapato tendr\u00e1n certeza y seguridad. -\u201cDespu\u00e9s de 50 a\u00f1os sin ser tomados en cuenta, actualmente las y los productores son reconocidos\u201d: presidente de la cooperativa de calzado en Tehuac\u00e1n, Isael N\u00e1jera. CIUDAD DE M\u00c9XICO.- Las y los fabricantes [&hellip;]<\/p>\n","protected":false},"author":1,"featured_media":129815,"comment_status":"closed","ping_status":"open","sticky":false,"template":"","format":"standard","meta":{"footnotes":""},"categories":[20],"tags":[],"class_list":["post-129816","post","type-post","status-publish","format-standard","has-post-thumbnail","hentry","category-norte-de-puebla"],"blog_post_layout_featured_media_urls":{"thumbnail":["https:\/\/diariolanoticia.com.mx\/wp-content\/uploads\/2025\/10\/3350d67e-0bbe-4cea-873c-4259a9d86936-216x160.jpg",216,160,true],"full":["https:\/\/diariolanoticia.com.mx\/wp-content\/uploads\/2025\/10\/3350d67e-0bbe-4cea-873c-4259a9d86936.jpg",1280,838,false]},"categories_names":{"20":{"name":"Norte de Puebla","link":"https:\/\/diariolanoticia.com.mx\/?cat=20"}},"tags_names":[],"comments_number":"0","wpmagazine_modules_lite_featured_media_urls":{"thumbnail":["https:\/\/diariolanoticia.com.mx\/wp-content\/uploads\/2025\/10\/3350d67e-0bbe-4cea-873c-4259a9d86936-216x160.jpg",216,160,true],"cvmm-medium":["https:\/\/diariolanoticia.com.mx\/wp-content\/uploads\/2025\/10\/3350d67e-0bbe-4cea-873c-4259a9d86936-300x300.jpg",300,300,true],"cvmm-medium-plus":["https:\/\/diariolanoticia.com.mx\/wp-content\/uploads\/2025\/10\/3350d67e-0bbe-4cea-873c-4259a9d86936-305x207.jpg",305,207,true],"cvmm-portrait":["https:\/\/diariolanoticia.com.mx\/wp-content\/uploads\/2025\/10\/3350d67e-0bbe-4cea-873c-4259a9d86936-400x600.jpg",400,600,true],"cvmm-medium-square":["https:\/\/diariolanoticia.com.mx\/wp-content\/uploads\/2025\/10\/3350d67e-0bbe-4cea-873c-4259a9d86936-600x600.jpg",600,600,true],"cvmm-large":["https:\/\/diariolanoticia.com.mx\/wp-content\/uploads\/2025\/10\/3350d67e-0bbe-4cea-873c-4259a9d86936-1024x838.jpg",1024,838,true],"cvmm-small":["https:\/\/diariolanoticia.com.mx\/wp-content\/uploads\/2025\/10\/3350d67e-0bbe-4cea-873c-4259a9d86936-130x95.jpg",130,95,true],"full":["https:\/\/diariolanoticia.com.mx\/wp-content\/uploads\/2025\/10\/3350d67e-0bbe-4cea-873c-4259a9d86936.jpg",1280,838,false]},"_links":{"self":[{"href":"https:\/\/diariolanoticia.com.mx\/index.php?rest_route=\/wp\/v2\/posts\/129816","targetHints":{"allow":["GET"]}}],"collection":[{"href":"https:\/\/diariolanoticia.com.mx\/index.php?rest_route=\/wp\/v2\/posts"}],"about":[{"href":"https:\/\/diariolanoticia.com.mx\/index.php?rest_route=\/wp\/v2\/types\/post"}],"author":[{"embeddable":true,"href":"https:\/\/diariolanoticia.com.mx\/index.php?rest_route=\/wp\/v2\/users\/1"}],"replies":[{"embeddable":true,"href":"https:\/\/diariolanoticia.com.mx\/index.php?rest_route=%2Fwp%2Fv2%2Fcomments&post=129816"}],"version-history":[{"count":1,"href":"https:\/\/diariolanoticia.com.mx\/index.php?rest_route=\/wp\/v2\/posts\/129816\/revisions"}],"predecessor-version":[{"id":129817,"href":"https:\/\/diariolanoticia.com.mx\/index.php?rest_route=\/wp\/v2\/posts\/129816\/revisions\/129817"}],"wp:featuredmedia":[{"embeddable":true,"href":"https:\/\/diariolanoticia.com.mx\/index.php?rest_route=\/wp\/v2\/media\/129815"}],"wp:attachment":[{"href":"https:\/\/diariolanoticia.com.mx\/index.php?rest_route=%2Fwp%2Fv2%2Fmedia&parent=129816"}],"wp:term":[{"taxonomy":"category","embeddable":true,"href":"https:\/\/diariolanoticia.com.mx\/index.php?rest_route=%2Fwp%2Fv2%2Fcategories&post=129816"},{"taxonomy":"post_tag","embeddable":true,"href":"https:\/\/diariolanoticia.com.mx\/index.php?rest_route=%2Fwp%2Fv2%2Ftags&post=129816"}],"curies":[{"name":"wp","href":"https:\/\/api.w.org\/{rel}","templated":true}]}}