{"id":129866,"date":"2025-10-07T21:02:56","date_gmt":"2025-10-08T03:02:56","guid":{"rendered":"https:\/\/diariolanoticia.com.mx\/?p=129866"},"modified":"2025-10-07T21:03:00","modified_gmt":"2025-10-08T03:03:00","slug":"propone-gabriela-hernandez-sustituir-el-termino-grupos-vulnerables-por-grupos-vulnerados-en-la-normativa-del-congreso-del-estado","status":"publish","type":"post","link":"https:\/\/diariolanoticia.com.mx\/?p=129866","title":{"rendered":"Propone Gabriela Hern\u00e1ndez sustituir el t\u00e9rmino \u00abgrupos vulnerables\u00bb por \u00abgrupos vulnerados\u00bb en la normativa del Congreso del Estado"},"content":{"rendered":"\n<p>Durante la D\u00e9cima Sesi\u00f3n Ordinaria del Congreso del Estado, la diputada Gabriela Hern\u00e1ndez Islas, present\u00f3 ante el Pleno la Iniciativa con Proyecto de Decreto que tiene como finalidad sustituir el t\u00e9rmino \u00abgrupos vulnerables\u00bb por \u00abgrupos vulnerados\u00bb en el marco normativo interno del Poder Legislativo local, a fin de promover el uso de un lenguaje incluyente que reconozca la dignidad humana y elimine expresiones que perpet\u00faan la desigualdad o discriminaci\u00f3n hacia las personas con discapacidad y otros sectores de la sociedad.<\/p>\n\n\n\n<p>En su exposici\u00f3n de motivos, la legisladora explic\u00f3 que el uso de t\u00e9rminos como \u00abvulnerables\u00bb o \u00aben situaci\u00f3n de vulnerabilidad\u00bb contribuye a reforzar una visi\u00f3n asistencialista y excluyente, al considerar a ciertos grupos como inferiores o dependientes, en lugar de reconocerlos como sujetos de derechos. Por ello, subray\u00f3 la necesidad de que las leyes y reglamentos reflejen un enfoque basado en el respeto, la igualdad y la no discriminaci\u00f3n.<\/p>\n\n\n\n<p>La propuesta plantea reformar la fracci\u00f3n VII del art\u00edculo 82 de la Ley Org\u00e1nica del Poder Legislativo, as\u00ed como la fracci\u00f3n VII del art\u00edculo 37 y el primer p\u00e1rrafo del art\u00edculo 44 del Reglamento Interior del Congreso del Estado, con el prop\u00f3sito de armonizar la normativa interna con un lenguaje que promueva la dignidad humana y elimine expresiones que reproduzcan estigmas o desigualdades.<\/p>\n\n\n\n<p>Hern\u00e1ndez Islas destac\u00f3 la importancia de adecuar la denominaci\u00f3n de la Comisi\u00f3n de Derechos Humanos, Grupos Vulnerados y Derecho de Ni\u00f1as, Ni\u00f1os y Adolescentes \u2014de la cual es presidenta\u2014 al principio de dignidad humana, para que la estructura legislativa sea congruente con los valores que promueve el Congreso.<\/p>\n\n\n\n<p>Tras su presentaci\u00f3n, la Iniciativa fue turnada a la Comisi\u00f3n de Puntos Constitucionales, Gobernaci\u00f3n y Justicia y Asuntos Pol\u00edticos para su estudio, an\u00e1lisis y dictamen correspondiente.<\/p>\n","protected":false},"excerpt":{"rendered":"<p>Durante la D\u00e9cima Sesi\u00f3n Ordinaria del Congreso del Estado, la diputada Gabriela Hern\u00e1ndez Islas, present\u00f3 ante el Pleno la Iniciativa con Proyecto de Decreto que tiene como finalidad sustituir el t\u00e9rmino \u00abgrupos vulnerables\u00bb por \u00abgrupos vulnerados\u00bb en el marco normativo interno del Poder Legislativo local, a fin de promover el uso de un lenguaje incluyente [&hellip;]<\/p>\n","protected":false},"author":1,"featured_media":129867,"comment_status":"open","ping_status":"open","sticky":false,"template":"","format":"standard","meta":{"footnotes":""},"categories":[22],"tags":[],"class_list":["post-129866","post","type-post","status-publish","format-standard","has-post-thumbnail","hentry","category-congreso"],"blog_post_layout_featured_media_urls":{"thumbnail":["https:\/\/diariolanoticia.com.mx\/wp-content\/uploads\/2025\/10\/435a2950-7ad5-4cbb-8e8b-dd03e1ba29fc-216x160.jpg",216,160,true],"full":["https:\/\/diariolanoticia.com.mx\/wp-content\/uploads\/2025\/10\/435a2950-7ad5-4cbb-8e8b-dd03e1ba29fc.jpg",1616,1080,false]},"categories_names":{"22":{"name":"Congreso","link":"https:\/\/diariolanoticia.com.mx\/?cat=22"}},"tags_names":[],"comments_number":"0","wpmagazine_modules_lite_featured_media_urls":{"thumbnail":["https:\/\/diariolanoticia.com.mx\/wp-content\/uploads\/2025\/10\/435a2950-7ad5-4cbb-8e8b-dd03e1ba29fc-216x160.jpg",216,160,true],"cvmm-medium":["https:\/\/diariolanoticia.com.mx\/wp-content\/uploads\/2025\/10\/435a2950-7ad5-4cbb-8e8b-dd03e1ba29fc-300x300.jpg",300,300,true],"cvmm-medium-plus":["https:\/\/diariolanoticia.com.mx\/wp-content\/uploads\/2025\/10\/435a2950-7ad5-4cbb-8e8b-dd03e1ba29fc-305x207.jpg",305,207,true],"cvmm-portrait":["https:\/\/diariolanoticia.com.mx\/wp-content\/uploads\/2025\/10\/435a2950-7ad5-4cbb-8e8b-dd03e1ba29fc-400x600.jpg",400,600,true],"cvmm-medium-square":["https:\/\/diariolanoticia.com.mx\/wp-content\/uploads\/2025\/10\/435a2950-7ad5-4cbb-8e8b-dd03e1ba29fc-600x600.jpg",600,600,true],"cvmm-large":["https:\/\/diariolanoticia.com.mx\/wp-content\/uploads\/2025\/10\/435a2950-7ad5-4cbb-8e8b-dd03e1ba29fc-1024x1024.jpg",1024,1024,true],"cvmm-small":["https:\/\/diariolanoticia.com.mx\/wp-content\/uploads\/2025\/10\/435a2950-7ad5-4cbb-8e8b-dd03e1ba29fc-130x95.jpg",130,95,true],"full":["https:\/\/diariolanoticia.com.mx\/wp-content\/uploads\/2025\/10\/435a2950-7ad5-4cbb-8e8b-dd03e1ba29fc.jpg",1616,1080,false]},"_links":{"self":[{"href":"https:\/\/diariolanoticia.com.mx\/index.php?rest_route=\/wp\/v2\/posts\/129866","targetHints":{"allow":["GET"]}}],"collection":[{"href":"https:\/\/diariolanoticia.com.mx\/index.php?rest_route=\/wp\/v2\/posts"}],"about":[{"href":"https:\/\/diariolanoticia.com.mx\/index.php?rest_route=\/wp\/v2\/types\/post"}],"author":[{"embeddable":true,"href":"https:\/\/diariolanoticia.com.mx\/index.php?rest_route=\/wp\/v2\/users\/1"}],"replies":[{"embeddable":true,"href":"https:\/\/diariolanoticia.com.mx\/index.php?rest_route=%2Fwp%2Fv2%2Fcomments&post=129866"}],"version-history":[{"count":1,"href":"https:\/\/diariolanoticia.com.mx\/index.php?rest_route=\/wp\/v2\/posts\/129866\/revisions"}],"predecessor-version":[{"id":129868,"href":"https:\/\/diariolanoticia.com.mx\/index.php?rest_route=\/wp\/v2\/posts\/129866\/revisions\/129868"}],"wp:featuredmedia":[{"embeddable":true,"href":"https:\/\/diariolanoticia.com.mx\/index.php?rest_route=\/wp\/v2\/media\/129867"}],"wp:attachment":[{"href":"https:\/\/diariolanoticia.com.mx\/index.php?rest_route=%2Fwp%2Fv2%2Fmedia&parent=129866"}],"wp:term":[{"taxonomy":"category","embeddable":true,"href":"https:\/\/diariolanoticia.com.mx\/index.php?rest_route=%2Fwp%2Fv2%2Fcategories&post=129866"},{"taxonomy":"post_tag","embeddable":true,"href":"https:\/\/diariolanoticia.com.mx\/index.php?rest_route=%2Fwp%2Fv2%2Ftags&post=129866"}],"curies":[{"name":"wp","href":"https:\/\/api.w.org\/{rel}","templated":true}]}}