{"id":129878,"date":"2025-10-08T17:42:23","date_gmt":"2025-10-08T23:42:23","guid":{"rendered":"https:\/\/diariolanoticia.com.mx\/?p=129878"},"modified":"2025-10-08T17:42:27","modified_gmt":"2025-10-08T23:42:27","slug":"a-500-anos-de-fundacion-persiste-una-huella-profunda-de-tlaxcala-en-el-territorio-mexicano","status":"publish","type":"post","link":"https:\/\/diariolanoticia.com.mx\/?p=129878","title":{"rendered":"A 500 a\u00f1os de fundaci\u00f3n, persiste una huella profunda de Tlaxcala en el territorio mexicano"},"content":{"rendered":"\n<p>\u00fc&nbsp;&nbsp;El Tlaxcala de la \u00e9poca novohispana fue un modelo de mediaci\u00f3n<\/p>\n\n\n\n<p>\u00fc&nbsp;&nbsp;Sigue sin ser reconocido el legado de las mujeres<\/p>\n\n\n\n<p>\u00fc&nbsp;&nbsp;Construir la identidad cultural del mexicano es incluir a todas las regiones<\/p>\n\n\n\n<p>Prestigiados especialistas mexicanos aportaron su conocimiento y experticia en la historia de M\u00e9xico y en el legado del pueblo tlaxcalteca durante la \u00e9poca de la conquista, ubic\u00e1ndolo como un modelo a seguir por otros pueblos ind\u00edgenas de esa \u00e9poca, durante el desarrollo del&nbsp;\ud835\udc02\ud835\udc28\ud835\udc27\ud835\udc20\ud835\udc2b\ud835\udc1e\ud835\udc2c\ud835\udc28&nbsp;\ud835\udc08\ud835\udc1b\ud835\udc1e\ud835\udc2b\ud835\udc28\ud835\udc1a\ud835\udc26\ud835\udc1e\ud835\udc2b\ud835\udc22\ud835\udc1c\ud835\udc1a\ud835\udc27\ud835\udc28&nbsp;a prop\u00f3sito de los&nbsp;\ud835\udfd3\ud835\udfce\ud835\udfce&nbsp;\ud835\udc1a\ud835\udc27\u0303\ud835\udc28\ud835\udc2c&nbsp;\ud835\udc1d\ud835\udc1e&nbsp;\ud835\udc25\ud835\udc1a&nbsp;\ud835\udc1f\ud835\udc2e\ud835\udc27\ud835\udc1d\ud835\udc1a\ud835\udc1c\ud835\udc22\ud835\udc28\u0301\ud835\udc27&nbsp;\ud835\udc1d\ud835\udc1e&nbsp;\ud835\udc25\ud835\udc1a&nbsp;\ud835\udc02\ud835\udc22\ud835\udc2e\ud835\udc1d\ud835\udc1a\ud835\udc1d&nbsp;\ud835\udc1d\ud835\udc1e&nbsp;\ud835\udc13\ud835\udc25\ud835\udc1a\ud835\udc31\ud835\udc1c\ud835\udc1a\ud835\udc25\ud835\udc1a, &nbsp;y que ha sido convocado por la Universidad Aut\u00f3noma de Tlaxcala (UATx) como parte de las celebraciones por los&nbsp;\ud835\udfd3\ud835\udfce\ud835\udfce&nbsp;\ud835\udc1a\ud835\udc27\u0303\ud835\udc28\ud835\udc2c&nbsp;de la fundaci\u00f3n de la ciudad capital.<\/p>\n\n\n\n<p>Con la presencia del Rector, Doctor Seraf\u00edn Ortiz Ortiz, acad\u00e9micos y estudiantes en el Teatro Universitario, los asistentes presenciaron excelentes disertaciones sobre el valor de la identidad y el liderazgo tlaxcalteca.<\/p>\n\n\n\n<p>As\u00ed, la identidad tlaxcalteca en los siglos XVII y XVIII, lejos de ser un simple marcador de origen \u00e9tnico o geogr\u00e1fico, abr\u00eda puertas, ofrec\u00eda legitimidad y daba sentido a aspiraciones de gobierno, defensa o rebeli\u00f3n, expres\u00f3 la Doctora Raquel Er\u00e9ndira G\u00fcereca Dur\u00e1n, destacada investigadora del Instituto de Investigaciones Hist\u00f3ricas de la Universidad Nacional Aut\u00f3noma de M\u00e9xico (UNAM), al impartir la conferencia magistral&nbsp;\ud835\udc12\ud835\udc28\ud835\udc25\ud835\udc1d\ud835\udc1a\ud835\udc1d\ud835\udc28\ud835\udc2c,&nbsp;\ud835\udc22\ud835\udc27\ud835\udc2d\ud835\udc1e\u0301\ud835\udc2b\ud835\udc29\ud835\udc2b\ud835\udc1e\ud835\udc2d\ud835\udc1e\ud835\udc2c&nbsp;\ud835\udc32&nbsp;\ud835\udc26\ud835\udc22\ud835\udc2c\ud835\udc22\ud835\udc28\ud835\udc27\ud835\udc1e\ud835\udc2b\ud835\udc28\ud835\udc2c:&nbsp;\ud835\udc2d\ud835\udc25\ud835\udc1a\ud835\udc31\ud835\udc1c\ud835\udc1a\ud835\udc25\ud835\udc2d\ud835\udc1e\ud835\udc1c\ud835\udc1a\ud835\udc2c&nbsp;\ud835\udc1e\ud835\udc27&nbsp;\ud835\udc25\ud835\udc1a\ud835\udc2c&nbsp;\ud835\udc1f\ud835\udc2b\ud835\udc28\ud835\udc27\ud835\udc2d\ud835\udc1e\ud835\udc2b\ud835\udc1a\ud835\udc2c&nbsp;\ud835\udc27\ud835\udc28\ud835\udc2f\ud835\udc28\ud835\udc21\ud835\udc22\ud835\udc2c\ud835\udc29\ud835\udc1a\ud835\udc27\ud835\udc1a\ud835\udc2c,<\/p>\n\n\n\n<p>La Doctora G\u00fcereca Dur\u00e1n destac\u00f3 que el ejercicio sostenido de funciones como la vigilancia, la guerra, la traducci\u00f3n del n\u00e1huatl y la negociaci\u00f3n fue lo que convirti\u00f3 a los tlaxcaltecas en una naci\u00f3n reconocida, admirada y, en ocasiones, temida por otros pueblos ind\u00edgenas, convirti\u00e9ndose as\u00ed en modelo y mediadores dentro del territorio novohispano.<\/p>\n\n\n\n<p>Asimismo, subray\u00f3 que la acci\u00f3n tlaxcalteca en las regiones fronterizas dej\u00f3 una&nbsp;\ud835\udc21\ud835\udc2e\ud835\udc1e\ud835\udc25\ud835\udc25\ud835\udc1a&nbsp;\ud835\udc29\ud835\udc2b\ud835\udc28\ud835\udc1f\ud835\udc2e\ud835\udc27\ud835\udc1d\ud835\udc1a&nbsp;\ud835\udc32&nbsp;\ud835\udc29\ud835\udc1e\ud835\udc2b\ud835\udc2c\ud835\udc22\ud835\udc2c\ud835\udc2d\ud835\udc1e\ud835\udc27\ud835\udc2d\ud835\udc1e, visible a\u00fan hoy en archivos hist\u00f3ricos, toponimias, pr\u00e1cticas ling\u00fc\u00edsticas y relatos que siguen vivos en la memoria hist\u00f3rica de M\u00e9xico.<\/p>\n\n\n\n<p>La l\u00ednea de investigaci\u00f3n de la Doctora Raquel E. G\u00fcereca Dur\u00e1n, se centra en la historia social de los pueblos ind\u00edgenas durante el periodo virreinal, especialmente en regiones consideradas marginales de la Nueva Espa\u00f1a. Ha publicado obras como&nbsp;<em>Milicias ind\u00edgenas en Nueva Espa\u00f1a&nbsp;<\/em>(UNAM, 2016),&nbsp;<em>Caciques, int\u00e9rpretes y soldados fronterizos. Actores ind\u00edgenas en la conquista del Nayar, siglo XVIII<\/em>&nbsp;(UNAM, 2022) y&nbsp;<em>Tierra, poder y memoria. Analco, Oaxaca, siglos XVI-XIX<\/em>&nbsp;(UNAM, 2025).&nbsp;La moderadora de esta ponencia magistral fue la Doctora Gloria Ram\u00edrez El\u00edas, Secretaria de Autorrealizaci\u00f3n de la UATx-<\/p>\n\n\n\n<p>Por otra parte, en su disertaci\u00f3n&nbsp;\ud835\udc0c\ud835\udc2e\ud835\udc23\ud835\udc1e\ud835\udc2b\ud835\udc1e\ud835\udc2c&nbsp;\ud835\udc1e&nbsp;\ud835\udc21\ud835\udc22\ud835\udc2c\ud835\udc2d\ud835\udc28\ud835\udc2b\ud835\udc22\ud835\udc1a:&nbsp;\ud835\udc1a&nbsp;\ud835\udc29\ud835\udc2b\ud835\udc28\ud835\udc29\ud835\udc28\u0301\ud835\udc2c\ud835\udc22\ud835\udc2d\ud835\udc28&nbsp;\ud835\udc1d\ud835\udc1e&nbsp;\ud835\udc25\ud835\udc28\ud835\udc2c&nbsp;\ud835\udfd3\ud835\udfce\ud835\udfce&nbsp;\ud835\udc1a\ud835\udc27\u0303\ud835\udc28\ud835\udc2c&nbsp;\ud835\udc1d\ud835\udc1e&nbsp;\ud835\udc1f\ud835\udc2e\ud835\udc27\ud835\udc1d\ud835\udc1a\ud835\udc1c\ud835\udc22\ud835\udc28\u0301\ud835\udc27&nbsp;\ud835\udc1d\ud835\udc1e&nbsp;\ud835\udc25\ud835\udc1a&nbsp;\ud835\udc02\ud835\udc22\ud835\udc2e\ud835\udc1d\ud835\udc1a\ud835\udc1d&nbsp;\ud835\udc1d\ud835\udc1e&nbsp;\ud835\udc13\ud835\udc25\ud835\udc1a\ud835\udc31\ud835\udc1c\ud835\udc1a\ud835\udc25\ud835\udc1a, la Doctora Mar\u00eda Elizabeth Jaime Espinosa, Catedr\u00e1tica de la Facultad de Filosof\u00eda y Letras de la UATx, sostuvo que a pesar de que las mujeres del Tlaxcala prehisp\u00e1nico tuvieron voz, todav\u00eda siguen sin ser reconocidas aun cuando ellas nos heredaron los conocimientos.<\/p>\n\n\n\n<p>La Doctora en Historia mencion\u00f3 que durante el periodo de la conquista y hasta el siglo XXI, las mujeres que daban vida eran y son consideradas importantes dentro de la comunidad. En este sentido, especific\u00f3 que una de las mujeres que desempe\u00f1\u00f3 un papel fundamental como puente entre dos culturas por ser int\u00e9rprete, diplom\u00e1tica y consejera, fue la Malintzi, s\u00edmbolo del mestizaje.<\/p>\n\n\n\n<p>Ante la comunidad acad\u00e9mica reunida en el Teatro Universitario, la investigadora dijo que en el&nbsp;<em>Lienzo Mem\u00f3rica<\/em>&nbsp;se presenta a esta mujer extraordinaria como eje central entre ambas culturas, adem\u00e1s las doncellas, hijas de los se\u00f1ores tlaxcaltecas, son promotoras del linaje y puentes para la formaci\u00f3n de la Nueva Espa\u00f1a.<\/p>\n\n\n\n<p>Subray\u00f3 que los expedientes judiciales de siglo XVIII demuestran que las mujeres empiezan a recibir expresiones de violencia, dado que entre menos rangos sociales que pose\u00edan eran m\u00e1s maltratadas, hecho que deja ver que la violencia que se ejerce a este sector de la poblaci\u00f3n es un problema cultural que se arrastra desde la \u00e9poca prehisp\u00e1nica hasta nuestros d\u00edas. La ponencia magistral fue moderada por la Maestra Gabriela Mateos G\u00f3mez, Coordinadora General de Cuerpos Acad\u00e9micos de la UATx.<\/p>\n\n\n\n<p>Otro de los conferencistas magistrales invitados fue el Doctor Jorge Eugenio Traslosheros Hern\u00e1ndez, quien dict\u00f3 la conferencia&nbsp;<strong>\u00abLa Conquista de M\u00e9xico: Entre los prejuicios historiogr\u00e1ficos y la historia oficial\u00bb<\/strong>.<\/p>\n\n\n\n<p>El Doctor Traslosheros, Catedr\u00e1tico del Instituto de Investigaciones Hist\u00f3ricas de la UNAM, explic\u00f3 que la gran Rep\u00fablica de Tlaxcala es uno de los acontecimientos hist\u00f3ricos m\u00e1s interesantes que pueda haber y no solo estamos celebrando una ciudad o una entidad pol\u00edtica, sino la fundaci\u00f3n de una aut\u00e9ntica rep\u00fablica, es decir, Tlaxcala durante m\u00e1s de 250 a\u00f1os fue una de las entidades m\u00e1s importantes de la monarqu\u00eda de Espa\u00f1a en las Indias Occidentales.<\/p>\n\n\n\n<p>En la conferencia moderada por la Doctora Margarita Mart\u00ednez G\u00f3mez, Secretaria de Investigaci\u00f3n Cient\u00edfica y Posgrado de la UATx, el ponente enfatiz\u00f3 que ir construyendo la identidad cultural del mexicano es incluir a todas las regiones y as\u00ed lograr un discurso de lo que significa una cultura propiamente mexicana y entender que somos una enorme diversidad, que tenemos una gran riqueza y, desde la patria, pensarnos como una gran unidad.<\/p>\n\n\n\n<p>Asimismo, el experto exhort\u00f3 a los j\u00f3venes a que no dejen que les capturen la imaginaci\u00f3n, ni por las redes ni por los discursos pol\u00edticos, ya que el d\u00eda que esto pase se les termina la vida, y para evitarlo les sugiri\u00f3 que se mantengan informados, cuestionen y desarrollen un pensamiento cr\u00edtico.<\/p>\n","protected":false},"excerpt":{"rendered":"<p>\u00fc&nbsp;&nbsp;El Tlaxcala de la \u00e9poca novohispana fue un modelo de mediaci\u00f3n \u00fc&nbsp;&nbsp;Sigue sin ser reconocido el legado de las mujeres \u00fc&nbsp;&nbsp;Construir la identidad cultural del mexicano es incluir a todas las regiones Prestigiados especialistas mexicanos aportaron su conocimiento y experticia en la historia de M\u00e9xico y en el legado del pueblo tlaxcalteca durante la \u00e9poca [&hellip;]<\/p>\n","protected":false},"author":1,"featured_media":129879,"comment_status":"open","ping_status":"open","sticky":false,"template":"","format":"standard","meta":{"footnotes":""},"categories":[10],"tags":[],"class_list":["post-129878","post","type-post","status-publish","format-standard","has-post-thumbnail","hentry","category-educacion"],"blog_post_layout_featured_media_urls":{"thumbnail":["https:\/\/diariolanoticia.com.mx\/wp-content\/uploads\/2025\/10\/8-A-500-anos-de-fundacion-persiste-una-huella-profunda-de-Tlaxcala-en-el-territorio-mexicano-4-216x160.jpg",216,160,true],"full":["https:\/\/diariolanoticia.com.mx\/wp-content\/uploads\/2025\/10\/8-A-500-anos-de-fundacion-persiste-una-huella-profunda-de-Tlaxcala-en-el-territorio-mexicano-4-scaled.jpg",2560,1707,false]},"categories_names":{"10":{"name":"Educaci\u00f3n","link":"https:\/\/diariolanoticia.com.mx\/?cat=10"}},"tags_names":[],"comments_number":"0","wpmagazine_modules_lite_featured_media_urls":{"thumbnail":["https:\/\/diariolanoticia.com.mx\/wp-content\/uploads\/2025\/10\/8-A-500-anos-de-fundacion-persiste-una-huella-profunda-de-Tlaxcala-en-el-territorio-mexicano-4-216x160.jpg",216,160,true],"cvmm-medium":["https:\/\/diariolanoticia.com.mx\/wp-content\/uploads\/2025\/10\/8-A-500-anos-de-fundacion-persiste-una-huella-profunda-de-Tlaxcala-en-el-territorio-mexicano-4-300x300.jpg",300,300,true],"cvmm-medium-plus":["https:\/\/diariolanoticia.com.mx\/wp-content\/uploads\/2025\/10\/8-A-500-anos-de-fundacion-persiste-una-huella-profunda-de-Tlaxcala-en-el-territorio-mexicano-4-305x207.jpg",305,207,true],"cvmm-portrait":["https:\/\/diariolanoticia.com.mx\/wp-content\/uploads\/2025\/10\/8-A-500-anos-de-fundacion-persiste-una-huella-profunda-de-Tlaxcala-en-el-territorio-mexicano-4-400x600.jpg",400,600,true],"cvmm-medium-square":["https:\/\/diariolanoticia.com.mx\/wp-content\/uploads\/2025\/10\/8-A-500-anos-de-fundacion-persiste-una-huella-profunda-de-Tlaxcala-en-el-territorio-mexicano-4-600x600.jpg",600,600,true],"cvmm-large":["https:\/\/diariolanoticia.com.mx\/wp-content\/uploads\/2025\/10\/8-A-500-anos-de-fundacion-persiste-una-huella-profunda-de-Tlaxcala-en-el-territorio-mexicano-4-1024x1024.jpg",1024,1024,true],"cvmm-small":["https:\/\/diariolanoticia.com.mx\/wp-content\/uploads\/2025\/10\/8-A-500-anos-de-fundacion-persiste-una-huella-profunda-de-Tlaxcala-en-el-territorio-mexicano-4-130x95.jpg",130,95,true],"full":["https:\/\/diariolanoticia.com.mx\/wp-content\/uploads\/2025\/10\/8-A-500-anos-de-fundacion-persiste-una-huella-profunda-de-Tlaxcala-en-el-territorio-mexicano-4-scaled.jpg",2560,1707,false]},"_links":{"self":[{"href":"https:\/\/diariolanoticia.com.mx\/index.php?rest_route=\/wp\/v2\/posts\/129878","targetHints":{"allow":["GET"]}}],"collection":[{"href":"https:\/\/diariolanoticia.com.mx\/index.php?rest_route=\/wp\/v2\/posts"}],"about":[{"href":"https:\/\/diariolanoticia.com.mx\/index.php?rest_route=\/wp\/v2\/types\/post"}],"author":[{"embeddable":true,"href":"https:\/\/diariolanoticia.com.mx\/index.php?rest_route=\/wp\/v2\/users\/1"}],"replies":[{"embeddable":true,"href":"https:\/\/diariolanoticia.com.mx\/index.php?rest_route=%2Fwp%2Fv2%2Fcomments&post=129878"}],"version-history":[{"count":1,"href":"https:\/\/diariolanoticia.com.mx\/index.php?rest_route=\/wp\/v2\/posts\/129878\/revisions"}],"predecessor-version":[{"id":129880,"href":"https:\/\/diariolanoticia.com.mx\/index.php?rest_route=\/wp\/v2\/posts\/129878\/revisions\/129880"}],"wp:featuredmedia":[{"embeddable":true,"href":"https:\/\/diariolanoticia.com.mx\/index.php?rest_route=\/wp\/v2\/media\/129879"}],"wp:attachment":[{"href":"https:\/\/diariolanoticia.com.mx\/index.php?rest_route=%2Fwp%2Fv2%2Fmedia&parent=129878"}],"wp:term":[{"taxonomy":"category","embeddable":true,"href":"https:\/\/diariolanoticia.com.mx\/index.php?rest_route=%2Fwp%2Fv2%2Fcategories&post=129878"},{"taxonomy":"post_tag","embeddable":true,"href":"https:\/\/diariolanoticia.com.mx\/index.php?rest_route=%2Fwp%2Fv2%2Ftags&post=129878"}],"curies":[{"name":"wp","href":"https:\/\/api.w.org\/{rel}","templated":true}]}}