{"id":129997,"date":"2025-10-14T14:48:43","date_gmt":"2025-10-14T20:48:43","guid":{"rendered":"https:\/\/diariolanoticia.com.mx\/?p=129997"},"modified":"2025-10-14T14:48:43","modified_gmt":"2025-10-14T20:48:43","slug":"avalan-en-comision-del-congreso-ampliacion-de-categorias-para-medalla-juan-c-bonilla","status":"publish","type":"post","link":"https:\/\/diariolanoticia.com.mx\/?p=129997","title":{"rendered":"Avalan en Comisi\u00f3n del Congreso ampliaci\u00f3n de categor\u00edas para Medalla Juan C. Bonilla"},"content":{"rendered":"\n<p class=\"s9\">&#8211; La iniciativa de la diputada Laura Artemisa Garc\u00eda pretende que la presea incluya educaci\u00f3n ind\u00edgena y nivel inicial<\/p>\n\n\n\n<p class=\"s11\">&#8211; Reforman Ley de Prestaci\u00f3n de Servicios para la Atenci\u00f3n, Cuidado y Desarrollo Integral Infantil<\/p>\n\n\n\n<p class=\"s8\">La Comisi\u00f3n de Educaci\u00f3n del Congreso del Estado aval\u00f3 el proyecto de dictamen para reformar el decreto por el que se instituye la Medalla al M\u00e9rito Docente \u00abJuan C. Bonilla\u00bb, con la finalidad de incorporar el reconocimiento a la modalidad de educaci\u00f3n ind\u00edgena y nivel inicial.&nbsp;<\/p>\n\n\n\n<p class=\"s8\">&nbsp;<\/p>\n\n\n\n<p class=\"s8\">El proyecto de dictamen, formulado con la iniciativa de la diputada Laura Artemisa Garc\u00eda Ch\u00e1vez, incrementa el n\u00famero de categor\u00edas de la entrega de estas preseas, pasando de seis a ocho. Adem\u00e1s, establece que de la informaci\u00f3n general que proporcione la Secretar\u00eda de Educaci\u00f3n P\u00fablica (SEP), tambi\u00e9n se tome en cuenta la contribuci\u00f3n de las y los docentes en el cumplimiento de los fines de la educaci\u00f3n, en t\u00e9rminos de ley.<\/p>\n\n\n\n<p class=\"s8\">&nbsp;<\/p>\n\n\n\n<p class=\"s8\">Durante el an\u00e1lisis del dictamen, la diputada Laura Artemisa Garc\u00eda Ch\u00e1vez, presidenta de la Comisi\u00f3n de Educaci\u00f3n, destac\u00f3 la necesidad de modificar y dar claridad a los criterios de evaluaci\u00f3n que emite la SEP para la entrega de la Medalla al M\u00e9rito Docente \u00abJuan C. Bonilla\u00bb, que incluya el conocimiento de la forma en que se eval\u00faa, el escalaf\u00f3n claro y los puntajes por la preparaci\u00f3n y desempe\u00f1o de cada maestro y maestra.<\/p>\n\n\n\n<p class=\"s8\">&nbsp;<\/p>\n\n\n\n<p class=\"s8\">Asimismo, la legisladora puntualiz\u00f3 que el objetivo es que el reconocimiento a&nbsp;los maestros y maestras&nbsp;sea permanente, pertinente, objetivo, basado en su preparaci\u00f3n y desempe\u00f1o. As\u00ed como la revisi\u00f3n del impacto que tienen las y los docentes en sus comunidades, valor\u00e1ndolos como agentes transformadores.<\/p>\n\n\n\n<p class=\"s8\">&nbsp;<\/p>\n\n\n\n<p class=\"s8\">REFORMAN LEY DE PRESTACI\u00d3N DE SERVICIOS PARA LA ATENCI\u00d3N, CUIDADO Y DESARROLLO INTEGRAL INFANTIL<\/p>\n\n\n\n<p class=\"s8\">&nbsp;<\/p>\n\n\n\n<p class=\"s8\">Por otra parte, las y los integrantes del \u00f3rgano colegiado aprobaron el proyecto de dictamen para reformar y adicionar diversas disposiciones de la Ley de Prestaci\u00f3n de Servicios para la Atenci\u00f3n, Cuidado y Desarrollo Integral Infantil del Estado de Puebla.<\/p>\n\n\n\n<p class=\"s8\">&nbsp;<\/p>\n\n\n\n<p class=\"s8\">El objetivo del proyecto de dictamen, realizado con la iniciativa del Ejecutivo del Estado, es incorporar como integrante del Consejo Estatal de Prestaci\u00f3n de Servicios para la Atenci\u00f3n, Cuidado y Desarrollo Integral Infantil, a la persona titular del SEDIF, quien fungir\u00e1 como secretaria T\u00e9cnica.<\/p>\n\n\n\n<p class=\"s8\">&nbsp;<\/p>\n\n\n\n<p class=\"s8\">Tambi\u00e9n se dispone que las personas integrantes del Consejo podr\u00e1n designar a sus suplentes para asistir a las sesiones. As\u00ed como establecer que podr\u00e1n ser invitados a las sesiones, especialistas, dependiendo el asunto que se discuta.&nbsp;<\/p>\n\n\n\n<p class=\"s8\">&nbsp;<\/p>\n\n\n\n<p class=\"s8\">El proyecto de dictamen tambi\u00e9n reconoce como atribuciones del Consejo Estatal el autorizar las solicitudes para la instalaci\u00f3n de Centros Atenci\u00f3n Infantil, informar lo correspondiente al Registro Nacional, as\u00ed como aprobar los lineamientos de operaci\u00f3n de los centros en menci\u00f3n.&nbsp;<\/p>\n\n\n\n<p class=\"s8\">&nbsp;<\/p>\n\n\n\n<p class=\"s8\">A la sesi\u00f3n de la Comisi\u00f3n de Educaci\u00f3n asistieron las diputadas: Laura Artemisa Garc\u00eda Ch\u00e1vez, Leonela Jazm\u00edn Mart\u00ednez Ayala, Ang\u00e9lica Patricia Alvarado Ju\u00e1rez, Araceli Celestino Rosas y Ana Laura G\u00f3mez Ram\u00edrez.<\/p>\n","protected":false},"excerpt":{"rendered":"<p>&#8211; La iniciativa de la diputada Laura Artemisa Garc\u00eda pretende que la presea incluya educaci\u00f3n ind\u00edgena y nivel inicial &#8211; Reforman Ley de Prestaci\u00f3n de Servicios para la Atenci\u00f3n, Cuidado y Desarrollo Integral Infantil La Comisi\u00f3n de Educaci\u00f3n del Congreso del Estado aval\u00f3 el proyecto de dictamen para reformar el decreto por el que se [&hellip;]<\/p>\n","protected":false},"author":1,"featured_media":129996,"comment_status":"closed","ping_status":"open","sticky":false,"template":"","format":"standard","meta":{"footnotes":""},"categories":[20],"tags":[],"class_list":["post-129997","post","type-post","status-publish","format-standard","has-post-thumbnail","hentry","category-norte-de-puebla"],"blog_post_layout_featured_media_urls":{"thumbnail":["https:\/\/diariolanoticia.com.mx\/wp-content\/uploads\/2025\/10\/a307691f-f6b9-4549-a34e-67fe8139fc91-216x160.jpg",216,160,true],"full":["https:\/\/diariolanoticia.com.mx\/wp-content\/uploads\/2025\/10\/a307691f-f6b9-4549-a34e-67fe8139fc91.jpg",1500,1035,false]},"categories_names":{"20":{"name":"Norte de Puebla","link":"https:\/\/diariolanoticia.com.mx\/?cat=20"}},"tags_names":[],"comments_number":"0","wpmagazine_modules_lite_featured_media_urls":{"thumbnail":["https:\/\/diariolanoticia.com.mx\/wp-content\/uploads\/2025\/10\/a307691f-f6b9-4549-a34e-67fe8139fc91-216x160.jpg",216,160,true],"cvmm-medium":["https:\/\/diariolanoticia.com.mx\/wp-content\/uploads\/2025\/10\/a307691f-f6b9-4549-a34e-67fe8139fc91-300x300.jpg",300,300,true],"cvmm-medium-plus":["https:\/\/diariolanoticia.com.mx\/wp-content\/uploads\/2025\/10\/a307691f-f6b9-4549-a34e-67fe8139fc91-305x207.jpg",305,207,true],"cvmm-portrait":["https:\/\/diariolanoticia.com.mx\/wp-content\/uploads\/2025\/10\/a307691f-f6b9-4549-a34e-67fe8139fc91-400x600.jpg",400,600,true],"cvmm-medium-square":["https:\/\/diariolanoticia.com.mx\/wp-content\/uploads\/2025\/10\/a307691f-f6b9-4549-a34e-67fe8139fc91-600x600.jpg",600,600,true],"cvmm-large":["https:\/\/diariolanoticia.com.mx\/wp-content\/uploads\/2025\/10\/a307691f-f6b9-4549-a34e-67fe8139fc91-1024x1024.jpg",1024,1024,true],"cvmm-small":["https:\/\/diariolanoticia.com.mx\/wp-content\/uploads\/2025\/10\/a307691f-f6b9-4549-a34e-67fe8139fc91-130x95.jpg",130,95,true],"full":["https:\/\/diariolanoticia.com.mx\/wp-content\/uploads\/2025\/10\/a307691f-f6b9-4549-a34e-67fe8139fc91.jpg",1500,1035,false]},"_links":{"self":[{"href":"https:\/\/diariolanoticia.com.mx\/index.php?rest_route=\/wp\/v2\/posts\/129997","targetHints":{"allow":["GET"]}}],"collection":[{"href":"https:\/\/diariolanoticia.com.mx\/index.php?rest_route=\/wp\/v2\/posts"}],"about":[{"href":"https:\/\/diariolanoticia.com.mx\/index.php?rest_route=\/wp\/v2\/types\/post"}],"author":[{"embeddable":true,"href":"https:\/\/diariolanoticia.com.mx\/index.php?rest_route=\/wp\/v2\/users\/1"}],"replies":[{"embeddable":true,"href":"https:\/\/diariolanoticia.com.mx\/index.php?rest_route=%2Fwp%2Fv2%2Fcomments&post=129997"}],"version-history":[{"count":1,"href":"https:\/\/diariolanoticia.com.mx\/index.php?rest_route=\/wp\/v2\/posts\/129997\/revisions"}],"predecessor-version":[{"id":129998,"href":"https:\/\/diariolanoticia.com.mx\/index.php?rest_route=\/wp\/v2\/posts\/129997\/revisions\/129998"}],"wp:featuredmedia":[{"embeddable":true,"href":"https:\/\/diariolanoticia.com.mx\/index.php?rest_route=\/wp\/v2\/media\/129996"}],"wp:attachment":[{"href":"https:\/\/diariolanoticia.com.mx\/index.php?rest_route=%2Fwp%2Fv2%2Fmedia&parent=129997"}],"wp:term":[{"taxonomy":"category","embeddable":true,"href":"https:\/\/diariolanoticia.com.mx\/index.php?rest_route=%2Fwp%2Fv2%2Fcategories&post=129997"},{"taxonomy":"post_tag","embeddable":true,"href":"https:\/\/diariolanoticia.com.mx\/index.php?rest_route=%2Fwp%2Fv2%2Ftags&post=129997"}],"curies":[{"name":"wp","href":"https:\/\/api.w.org\/{rel}","templated":true}]}}