{"id":130022,"date":"2025-10-14T19:20:14","date_gmt":"2025-10-15T01:20:14","guid":{"rendered":"https:\/\/diariolanoticia.com.mx\/?p=130022"},"modified":"2025-10-14T19:20:20","modified_gmt":"2025-10-15T01:20:20","slug":"consolida-la-uatx-vinculos-internacionales-en-posgrado-globe-de-erasmus-mundus","status":"publish","type":"post","link":"https:\/\/diariolanoticia.com.mx\/?p=130022","title":{"rendered":"Consolida la UATx v\u00ednculos internacionales en posgrado GLOBE\u00a0 de Erasmus Mundus"},"content":{"rendered":"\n<p>\u00fc&nbsp;&nbsp;Con universidades de Espa\u00f1a, Portugal y Reino Unido<\/p>\n\n\n\n<p>La Doctora Itzel Arias del Razo, Coordinadora de&nbsp;\ud835\udc25\ud835\udc1a&nbsp;\ud835\udc0c\ud835\udc1a\ud835\udc1e\ud835\udc2c\ud835\udc2d\ud835\udc2b\ud835\udc22\u0301\ud835\udc1a&nbsp;\ud835\udc1e\ud835\udc27&nbsp;\ud835\udc04\ud835\udc1c\ud835\udc28\ud835\udc25\ud835\udc28\ud835\udc20\ud835\udc22\u0301\ud835\udc1a&nbsp;\ud835\udc1d\ud835\udc1e\ud835\udc25&nbsp;\ud835\udc02\ud835\udc1a\ud835\udc26\ud835\udc1b\ud835\udc22\ud835\udc28&nbsp;\ud835\udc06\ud835\udc25\ud835\udc28\ud835\udc1b\ud835\udc1a\ud835\udc25&nbsp;(\ud835\udc06\ud835\udc0b\ud835\udc0e\ud835\udc01\ud835\udc04), posgrado de excelencia que pertenece al Erasmus Mundus Joint Master&#8217;s (EMJM) y une los esfuerzos de instituciones de M\u00e9xico, Reino Unido, Portugal y Espa\u00f1a, particip\u00f3 por la Universidad Aut\u00f3noma de Tlaxcala en el&nbsp;\ud835\udc16\ud835\udc1e\ud835\udc25\ud835\udc1c\ud835\udc28\ud835\udc26\ud835\udc1e&nbsp;\ud835\udc16\ud835\udc1e\ud835\udc1e\ud835\udc24&nbsp;\ud835\udc06\ud835\udc0b\ud835\udc0e\ud835\udc01\ud835\udc04&nbsp;\ud835\udfd0\ud835\udfce\ud835\udfd0\ud835\udfd3, en la Universidad Rey Juan Carlos (URJC) de Madrid, Espa\u00f1a.<\/p>\n\n\n\n<p>La investigadora del Centro Tlaxcala de Biolog\u00eda de la Conducta (CTBC-UATx) asisti\u00f3 a este evento, realizado del 19 al 22 de septiembre en la URJC, en donde se dio la bienvenida a la&nbsp;\ud835\udc29\ud835\udc2b\ud835\udc22\ud835\udc26\ud835\udc1e\ud835\udc2b\ud835\udc1a&nbsp;\ud835\udc20\ud835\udc1e\ud835\udc27\ud835\udc1e\ud835\udc2b\ud835\udc1a\ud835\udc1c\ud835\udc22\ud835\udc28\u0301\ud835\udc27&nbsp;\ud835\udc1d\ud835\udc1e&nbsp;\ud835\udc25\ud835\udc1a&nbsp;\ud835\udc0c\ud835\udc1a\ud835\udc1e\ud835\udc2c\ud835\udc2d\ud835\udc2b\ud835\udc22\u0301\ud835\udc1a&nbsp;\ud835\udc1e\ud835\udc27&nbsp;\ud835\udc04\ud835\udc1c\ud835\udc28\ud835\udc25\ud835\udc28\ud835\udc20\ud835\udc22\u0301\ud835\udc1a&nbsp;\ud835\udc1d\ud835\udc1e\ud835\udc25&nbsp;\ud835\udc02\ud835\udc1a\ud835\udc26\ud835\udc1b\ud835\udc22\ud835\udc28&nbsp;\ud835\udc06\ud835\udc25\ud835\udc28\ud835\udc1b\ud835\udc1a\ud835\udc25, Verano 2025.<\/p>\n\n\n\n<p>Su participaci\u00f3n se enmarca en la incorporaci\u00f3n de la UATx al programa internacional&nbsp;\ud835\udc06\ud835\udc0b\ud835\udc0e\ud835\udc01\ud835\udc04, el cual fue aprobado el 20 de diciembre de 2024 por el Consejo Universitario de la UATx.<\/p>\n\n\n\n<p>Este posgrado de excelencia pertenece al Erasmus Mundus Joint Master&#8217;s y su objetivo es formar especialistas capaces de enfrentar los desaf\u00edos ambientales del presente y del futuro; el programa tiene una duraci\u00f3n de dos a\u00f1os y medio.<\/p>\n\n\n\n<p>Durante esta semana de integraci\u00f3n, los 25 estudiantes provenientes de 17 pa\u00edses conocieron a los representantes acad\u00e9micos de las universidades que integran el consorcio: la Doctora Itzel Arias del Razo de la Aut\u00f3noma de Tlaxcala por M\u00e9xico, el Doctor Farnon Ellwood de Bangor University del Reino Unido, y la PhD Maria Filomena Magalh\u00e3es por la Universidade de Lisboa, Portugal.<\/p>\n\n\n\n<p>La agenda incluy\u00f3 recorridos por el campus de la URJC convivencias con el cuerpo docente, una excursi\u00f3n al Parque Nacional Sierra de Guadarrama y una visita al Real Jard\u00edn Bot\u00e1nico de Madrid, espacios donde se destac\u00f3 la importancia de la cooperaci\u00f3n cient\u00edfica internacional y la educaci\u00f3n ambiental.<\/p>\n\n\n\n<p>Con esta participaci\u00f3n, la UATx fortalece su proyecci\u00f3n internacional al convertirse en la segunda universidad mexicana integrada a una maestr\u00eda Erasmus Mundus.<\/p>\n","protected":false},"excerpt":{"rendered":"<p>\u00fc&nbsp;&nbsp;Con universidades de Espa\u00f1a, Portugal y Reino Unido La Doctora Itzel Arias del Razo, Coordinadora de&nbsp;\ud835\udc25\ud835\udc1a&nbsp;\ud835\udc0c\ud835\udc1a\ud835\udc1e\ud835\udc2c\ud835\udc2d\ud835\udc2b\ud835\udc22\u0301\ud835\udc1a&nbsp;\ud835\udc1e\ud835\udc27&nbsp;\ud835\udc04\ud835\udc1c\ud835\udc28\ud835\udc25\ud835\udc28\ud835\udc20\ud835\udc22\u0301\ud835\udc1a&nbsp;\ud835\udc1d\ud835\udc1e\ud835\udc25&nbsp;\ud835\udc02\ud835\udc1a\ud835\udc26\ud835\udc1b\ud835\udc22\ud835\udc28&nbsp;\ud835\udc06\ud835\udc25\ud835\udc28\ud835\udc1b\ud835\udc1a\ud835\udc25&nbsp;(\ud835\udc06\ud835\udc0b\ud835\udc0e\ud835\udc01\ud835\udc04), posgrado de excelencia que pertenece al Erasmus Mundus Joint Master&#8217;s (EMJM) y une los esfuerzos de instituciones de M\u00e9xico, Reino Unido, Portugal y Espa\u00f1a, particip\u00f3 por la Universidad Aut\u00f3noma de Tlaxcala en el&nbsp;\ud835\udc16\ud835\udc1e\ud835\udc25\ud835\udc1c\ud835\udc28\ud835\udc26\ud835\udc1e&nbsp;\ud835\udc16\ud835\udc1e\ud835\udc1e\ud835\udc24&nbsp;\ud835\udc06\ud835\udc0b\ud835\udc0e\ud835\udc01\ud835\udc04&nbsp;\ud835\udfd0\ud835\udfce\ud835\udfd0\ud835\udfd3, en la Universidad Rey Juan Carlos [&hellip;]<\/p>\n","protected":false},"author":1,"featured_media":130023,"comment_status":"open","ping_status":"open","sticky":false,"template":"","format":"standard","meta":{"footnotes":""},"categories":[10],"tags":[],"class_list":["post-130022","post","type-post","status-publish","format-standard","has-post-thumbnail","hentry","category-educacion"],"blog_post_layout_featured_media_urls":{"thumbnail":["https:\/\/diariolanoticia.com.mx\/wp-content\/uploads\/2025\/10\/14-Consolida-la-UATx-vinculos-internacionales-en-posgrado-GLOBE-de-Erasmus-Mundus-1-216x160.jpeg",216,160,true],"full":["https:\/\/diariolanoticia.com.mx\/wp-content\/uploads\/2025\/10\/14-Consolida-la-UATx-vinculos-internacionales-en-posgrado-GLOBE-de-Erasmus-Mundus-1.jpeg",1600,953,false]},"categories_names":{"10":{"name":"Educaci\u00f3n","link":"https:\/\/diariolanoticia.com.mx\/?cat=10"}},"tags_names":[],"comments_number":"0","wpmagazine_modules_lite_featured_media_urls":{"thumbnail":["https:\/\/diariolanoticia.com.mx\/wp-content\/uploads\/2025\/10\/14-Consolida-la-UATx-vinculos-internacionales-en-posgrado-GLOBE-de-Erasmus-Mundus-1-216x160.jpeg",216,160,true],"cvmm-medium":["https:\/\/diariolanoticia.com.mx\/wp-content\/uploads\/2025\/10\/14-Consolida-la-UATx-vinculos-internacionales-en-posgrado-GLOBE-de-Erasmus-Mundus-1-300x300.jpeg",300,300,true],"cvmm-medium-plus":["https:\/\/diariolanoticia.com.mx\/wp-content\/uploads\/2025\/10\/14-Consolida-la-UATx-vinculos-internacionales-en-posgrado-GLOBE-de-Erasmus-Mundus-1-305x207.jpeg",305,207,true],"cvmm-portrait":["https:\/\/diariolanoticia.com.mx\/wp-content\/uploads\/2025\/10\/14-Consolida-la-UATx-vinculos-internacionales-en-posgrado-GLOBE-de-Erasmus-Mundus-1-400x600.jpeg",400,600,true],"cvmm-medium-square":["https:\/\/diariolanoticia.com.mx\/wp-content\/uploads\/2025\/10\/14-Consolida-la-UATx-vinculos-internacionales-en-posgrado-GLOBE-de-Erasmus-Mundus-1-600x600.jpeg",600,600,true],"cvmm-large":["https:\/\/diariolanoticia.com.mx\/wp-content\/uploads\/2025\/10\/14-Consolida-la-UATx-vinculos-internacionales-en-posgrado-GLOBE-de-Erasmus-Mundus-1-1024x953.jpeg",1024,953,true],"cvmm-small":["https:\/\/diariolanoticia.com.mx\/wp-content\/uploads\/2025\/10\/14-Consolida-la-UATx-vinculos-internacionales-en-posgrado-GLOBE-de-Erasmus-Mundus-1-130x95.jpeg",130,95,true],"full":["https:\/\/diariolanoticia.com.mx\/wp-content\/uploads\/2025\/10\/14-Consolida-la-UATx-vinculos-internacionales-en-posgrado-GLOBE-de-Erasmus-Mundus-1.jpeg",1600,953,false]},"_links":{"self":[{"href":"https:\/\/diariolanoticia.com.mx\/index.php?rest_route=\/wp\/v2\/posts\/130022","targetHints":{"allow":["GET"]}}],"collection":[{"href":"https:\/\/diariolanoticia.com.mx\/index.php?rest_route=\/wp\/v2\/posts"}],"about":[{"href":"https:\/\/diariolanoticia.com.mx\/index.php?rest_route=\/wp\/v2\/types\/post"}],"author":[{"embeddable":true,"href":"https:\/\/diariolanoticia.com.mx\/index.php?rest_route=\/wp\/v2\/users\/1"}],"replies":[{"embeddable":true,"href":"https:\/\/diariolanoticia.com.mx\/index.php?rest_route=%2Fwp%2Fv2%2Fcomments&post=130022"}],"version-history":[{"count":1,"href":"https:\/\/diariolanoticia.com.mx\/index.php?rest_route=\/wp\/v2\/posts\/130022\/revisions"}],"predecessor-version":[{"id":130024,"href":"https:\/\/diariolanoticia.com.mx\/index.php?rest_route=\/wp\/v2\/posts\/130022\/revisions\/130024"}],"wp:featuredmedia":[{"embeddable":true,"href":"https:\/\/diariolanoticia.com.mx\/index.php?rest_route=\/wp\/v2\/media\/130023"}],"wp:attachment":[{"href":"https:\/\/diariolanoticia.com.mx\/index.php?rest_route=%2Fwp%2Fv2%2Fmedia&parent=130022"}],"wp:term":[{"taxonomy":"category","embeddable":true,"href":"https:\/\/diariolanoticia.com.mx\/index.php?rest_route=%2Fwp%2Fv2%2Fcategories&post=130022"},{"taxonomy":"post_tag","embeddable":true,"href":"https:\/\/diariolanoticia.com.mx\/index.php?rest_route=%2Fwp%2Fv2%2Ftags&post=130022"}],"curies":[{"name":"wp","href":"https:\/\/api.w.org\/{rel}","templated":true}]}}