{"id":130025,"date":"2025-10-14T19:23:53","date_gmt":"2025-10-15T01:23:53","guid":{"rendered":"https:\/\/diariolanoticia.com.mx\/?p=130025"},"modified":"2025-11-03T13:13:30","modified_gmt":"2025-11-03T19:13:30","slug":"el-jet-uatx-promueve-comparte-y-revitaliza-los-conocimientos-de-comunidades-originarias-de-tlaxcala","status":"publish","type":"post","link":"https:\/\/diariolanoticia.com.mx\/?p=130025","title":{"rendered":"El JET-UATx promueve, comparte y revitaliza los conocimientos de comunidades originarias de Tlaxcala"},"content":{"rendered":"\n<p>\u00fc\u00a0\u00a0Con el encuentro Ra\u00edces y saberes: Festival Etnobiol\u00f3gico Tlaxcallan en su segunda edici\u00f3n<\/p>\n\n\n\n<p>Por segundo a\u00f1o consecutivo el Jard\u00edn Etnobiol\u00f3gico Tlaxcallan de la Universidad Aut\u00f3noma de Tlaxcala (JET-UATx) llevar\u00e1 a cabo el encuentro Ra\u00edces y Saberes: Festival Etnobiol\u00f3gico Tlaxcallan, que busca rescatar y difundir los conocimientos bioculturales de M\u00e9xico, con especial \u00e9nfasis en el contexto tlaxcalteca, los d\u00edas 17, 18 y 19 de octubre en el Palacio de la Cultura de Tlaxcala.<\/p>\n\n\n\n<p>En el estado de Tlaxcala, numerosas comunidades \u2014especialmente las pertenecientes a pueblos originarios\u2014 conservan profundos conocimientos tradicionales que reflejan una estrecha relaci\u00f3n con su entorno natural. Estos saberes abarcan pr\u00e1cticas de aprovechamiento, manejo, cuidado y conservaci\u00f3n de los recursos naturales, transmiti\u00e9ndose de generaci\u00f3n en generaci\u00f3n a trav\u00e9s de la experiencia, la observaci\u00f3n y el aprendizaje continuo. Por ello, este legado biocultural constituye un patrimonio invaluable que debe preservarse y fortalecerse para las generaciones futuras.<\/p>\n\n\n\n<p>As\u00ed, con el prop\u00f3sito de reconocer, compartir y revitalizar estos conocimientos, se organiz\u00f3 la segunda edici\u00f3n de Ra\u00edces y Saberes: Festival Etnobiol\u00f3gico Tlaxcallan\u00bb, que coordina el&nbsp; Jard\u00edn Etnobiol\u00f3gico Tlaxcallan, perteneciente al Centro de Investigaci\u00f3n en Ciencias Biol\u00f3gicas (CICB-UATx)&nbsp; en colaboraci\u00f3n con la Secretar\u00eda de Ciencia, Humanidades, Tecnolog\u00eda e Innovaci\u00f3n&nbsp; (SECIHTI), el Palacio de Cultura de Tlaxcala, y contando con la participaci\u00f3n de acad\u00e9micos y estudiantes de la UATx, Universidad Nacional Aut\u00f3noma de M\u00e9xico, Benem\u00e9rita Universidad&nbsp; Aut\u00f3noma de Puebla, Instituto Nacional de Antropolog\u00eda e Historia Morelos y diversas comunidades de Tlaxcala y Morelos.<\/p>\n\n\n\n<p>El encuentro busca rescatar y difundir los conocimientos bioculturales de M\u00e9xico, con especial \u00e9nfasis en el contexto tlaxcalteca. Durante tres d\u00edas se presentar\u00e1n cinco conferencias dedicadas a la importancia y usos de las plantas, hongos y polinizadores, y a la relevancia de los sistemas agroecol\u00f3gicos tradicionales (como la milpa) y su papel en la soberan\u00eda alimentaria.<\/p>\n\n\n\n<p>Asimismo, se presentar\u00e1 una exposici\u00f3n abierta con cinco mesas tem\u00e1ticas dedicadas a las plantas medicinales, la etnobot\u00e1nica de los agaves, los hongos (alimentarios, t\u00f3xicos, medicinales y de relevancia cultural), los polinizadores, y los mam\u00edferos y r\u00e9ptiles.<\/p>\n\n\n\n<p>El programa tambi\u00e9n incluye 12 talleres de expresi\u00f3n art\u00edstica y actividades l\u00fadicas relacionadas con los recursos naturales, dirigidos a p\u00fablicos de todas las edades, desde ni\u00f1os de cinco a\u00f1os hasta adultos mayores. Adem\u00e1s, se realizar\u00e1 el foro Di\u00e1logo entre actores sociales de Tlaxcala y Morelos: Retos y esperanzas en torno al patrimonio biocultural y los territorios, un espacio de reflexi\u00f3n y construcci\u00f3n colectiva; un concurso de pintura infantil y una muestra gastron\u00f3mica, en la que cocineras tradicionales compartir\u00e1n platillos elaborados con hongos y plantas locales.<\/p>\n\n\n\n<p>En el \u00e1mbito art\u00edstico y cultural, se presentar\u00e1n el coro infantil Voces Yuhmu de San Juan Ixtenco y la camada de huehues \u00abTecenal\u00bb de La Trinidad Tenexyecac. Finalmente, el encuentro ofrecer\u00e1 un mercado agroecol\u00f3gico y biocultural, donde productores locales expondr\u00e1n y comercializar\u00e1n sus artesan\u00edas y productos tradicionales.<\/p>\n","protected":false},"excerpt":{"rendered":"<p>\u00fc\u00a0\u00a0Con el encuentro Ra\u00edces y saberes: Festival Etnobiol\u00f3gico Tlaxcallan en su segunda edici\u00f3n Por segundo a\u00f1o consecutivo el Jard\u00edn Etnobiol\u00f3gico Tlaxcallan de la Universidad Aut\u00f3noma de Tlaxcala (JET-UATx) llevar\u00e1 a cabo el encuentro Ra\u00edces y Saberes: Festival Etnobiol\u00f3gico Tlaxcallan, que busca rescatar y difundir los conocimientos bioculturales de M\u00e9xico, con especial \u00e9nfasis en el contexto [&hellip;]<\/p>\n","protected":false},"author":1,"featured_media":130026,"comment_status":"open","ping_status":"open","sticky":false,"template":"","format":"standard","meta":{"footnotes":""},"categories":[10],"tags":[],"class_list":["post-130025","post","type-post","status-publish","format-standard","has-post-thumbnail","hentry","category-educacion"],"blog_post_layout_featured_media_urls":{"thumbnail":["https:\/\/diariolanoticia.com.mx\/wp-content\/uploads\/2025\/10\/14-El-JET-UATx-promueve-comparte-y-revitaliza-los-conocimientos-de-comunidades-originarias-de-Tlaxcala-216x160.jpeg",216,160,true],"full":["https:\/\/diariolanoticia.com.mx\/wp-content\/uploads\/2025\/10\/14-El-JET-UATx-promueve-comparte-y-revitaliza-los-conocimientos-de-comunidades-originarias-de-Tlaxcala.jpeg",1080,1350,false]},"categories_names":{"10":{"name":"Educaci\u00f3n","link":"https:\/\/diariolanoticia.com.mx\/?cat=10"}},"tags_names":[],"comments_number":"0","wpmagazine_modules_lite_featured_media_urls":{"thumbnail":["https:\/\/diariolanoticia.com.mx\/wp-content\/uploads\/2025\/10\/14-El-JET-UATx-promueve-comparte-y-revitaliza-los-conocimientos-de-comunidades-originarias-de-Tlaxcala-216x160.jpeg",216,160,true],"cvmm-medium":["https:\/\/diariolanoticia.com.mx\/wp-content\/uploads\/2025\/10\/14-El-JET-UATx-promueve-comparte-y-revitaliza-los-conocimientos-de-comunidades-originarias-de-Tlaxcala-300x300.jpeg",300,300,true],"cvmm-medium-plus":["https:\/\/diariolanoticia.com.mx\/wp-content\/uploads\/2025\/10\/14-El-JET-UATx-promueve-comparte-y-revitaliza-los-conocimientos-de-comunidades-originarias-de-Tlaxcala-305x207.jpeg",305,207,true],"cvmm-portrait":["https:\/\/diariolanoticia.com.mx\/wp-content\/uploads\/2025\/10\/14-El-JET-UATx-promueve-comparte-y-revitaliza-los-conocimientos-de-comunidades-originarias-de-Tlaxcala-400x600.jpeg",400,600,true],"cvmm-medium-square":["https:\/\/diariolanoticia.com.mx\/wp-content\/uploads\/2025\/10\/14-El-JET-UATx-promueve-comparte-y-revitaliza-los-conocimientos-de-comunidades-originarias-de-Tlaxcala-600x600.jpeg",600,600,true],"cvmm-large":["https:\/\/diariolanoticia.com.mx\/wp-content\/uploads\/2025\/10\/14-El-JET-UATx-promueve-comparte-y-revitaliza-los-conocimientos-de-comunidades-originarias-de-Tlaxcala-1024x1024.jpeg",1024,1024,true],"cvmm-small":["https:\/\/diariolanoticia.com.mx\/wp-content\/uploads\/2025\/10\/14-El-JET-UATx-promueve-comparte-y-revitaliza-los-conocimientos-de-comunidades-originarias-de-Tlaxcala-130x95.jpeg",130,95,true],"full":["https:\/\/diariolanoticia.com.mx\/wp-content\/uploads\/2025\/10\/14-El-JET-UATx-promueve-comparte-y-revitaliza-los-conocimientos-de-comunidades-originarias-de-Tlaxcala.jpeg",1080,1350,false]},"_links":{"self":[{"href":"https:\/\/diariolanoticia.com.mx\/index.php?rest_route=\/wp\/v2\/posts\/130025","targetHints":{"allow":["GET"]}}],"collection":[{"href":"https:\/\/diariolanoticia.com.mx\/index.php?rest_route=\/wp\/v2\/posts"}],"about":[{"href":"https:\/\/diariolanoticia.com.mx\/index.php?rest_route=\/wp\/v2\/types\/post"}],"author":[{"embeddable":true,"href":"https:\/\/diariolanoticia.com.mx\/index.php?rest_route=\/wp\/v2\/users\/1"}],"replies":[{"embeddable":true,"href":"https:\/\/diariolanoticia.com.mx\/index.php?rest_route=%2Fwp%2Fv2%2Fcomments&post=130025"}],"version-history":[{"count":1,"href":"https:\/\/diariolanoticia.com.mx\/index.php?rest_route=\/wp\/v2\/posts\/130025\/revisions"}],"predecessor-version":[{"id":130027,"href":"https:\/\/diariolanoticia.com.mx\/index.php?rest_route=\/wp\/v2\/posts\/130025\/revisions\/130027"}],"wp:featuredmedia":[{"embeddable":true,"href":"https:\/\/diariolanoticia.com.mx\/index.php?rest_route=\/wp\/v2\/media\/130026"}],"wp:attachment":[{"href":"https:\/\/diariolanoticia.com.mx\/index.php?rest_route=%2Fwp%2Fv2%2Fmedia&parent=130025"}],"wp:term":[{"taxonomy":"category","embeddable":true,"href":"https:\/\/diariolanoticia.com.mx\/index.php?rest_route=%2Fwp%2Fv2%2Fcategories&post=130025"},{"taxonomy":"post_tag","embeddable":true,"href":"https:\/\/diariolanoticia.com.mx\/index.php?rest_route=%2Fwp%2Fv2%2Ftags&post=130025"}],"curies":[{"name":"wp","href":"https:\/\/api.w.org\/{rel}","templated":true}]}}