{"id":130044,"date":"2025-10-15T17:52:57","date_gmt":"2025-10-15T23:52:57","guid":{"rendered":"https:\/\/diariolanoticia.com.mx\/?p=130044"},"modified":"2025-10-15T17:52:57","modified_gmt":"2025-10-15T23:52:57","slug":"fomento-al-consumo-local-y-economia-de-proximidad-propuesta-de-la-diputada-ana-laura-gomez","status":"publish","type":"post","link":"https:\/\/diariolanoticia.com.mx\/?p=130044","title":{"rendered":"Fomento al consumo local y econom\u00eda de proximidad, propuesta de la diputada Ana Laura G\u00f3mez"},"content":{"rendered":"\n<p class=\"s8\">Con la finalidad de fortalecer la econom\u00eda interna, a trav\u00e9s del impulso a las micro, peque\u00f1as y mediana empresas con el consumo de productos de origen local, la diputada Ana Laura G\u00f3mez Ram\u00edrez present\u00f3 una iniciativa de reforma a la fracci\u00f3n VII del art\u00edculo 15 de la Ley de Desarrollo Econ\u00f3mico Sustentable del Estado de Puebla.&nbsp;<\/p>\n\n\n\n<p class=\"s8\">Mediante la iniciativa se pretende incorporar como atribuci\u00f3n de la Secretar\u00eda de Desarrollo Econ\u00f3mico y Trabajo, la de promover en coordinaci\u00f3n con las dependencias, entidades, ayuntamientos, actores y agentes econ\u00f3micos, el consumo de productos de origen local y una econom\u00eda de proximidad que fortalezca el desarrollo productivo y comercial en el Estado. &nbsp;<\/p>\n\n\n\n<p class=\"s8\">La propuesta indica que, al consumir local, tambi\u00e9n se da un paso hacia la sustentabilidad ya que, al comprar productos elaborados en Puebla, se reducen distancias de traslado, lo que representa una disminuci\u00f3n en la huella de carbono asociada con el transporte y se propician esquemas de producci\u00f3n y consumo m\u00e1s responsable con el medio ambiente.<\/p>\n\n\n\n<p class=\"s8\">Adem\u00e1s, se incrementa la inversi\u00f3n y se fomenta el desarrollo de cadenas de valor, se contribuye a la preservaci\u00f3n de oficios y tradiciones propias del patrimonio cultural de la entidad y se fortalece el ingreso econ\u00f3mico de un n\u00famero importante de familias poblanas.<\/p>\n","protected":false},"excerpt":{"rendered":"<p>Con la finalidad de fortalecer la econom\u00eda interna, a trav\u00e9s del impulso a las micro, peque\u00f1as y mediana empresas con el consumo de productos de origen local, la diputada Ana Laura G\u00f3mez Ram\u00edrez present\u00f3 una iniciativa de reforma a la fracci\u00f3n VII del art\u00edculo 15 de la Ley de Desarrollo Econ\u00f3mico Sustentable del Estado de [&hellip;]<\/p>\n","protected":false},"author":1,"featured_media":130043,"comment_status":"closed","ping_status":"open","sticky":false,"template":"","format":"standard","meta":{"footnotes":""},"categories":[20],"tags":[],"class_list":["post-130044","post","type-post","status-publish","format-standard","has-post-thumbnail","hentry","category-norte-de-puebla"],"blog_post_layout_featured_media_urls":{"thumbnail":["https:\/\/diariolanoticia.com.mx\/wp-content\/uploads\/2025\/10\/6b2d0fbc-1796-4ba8-a18d-908bbe17aa90-216x160.jpg",216,160,true],"full":["https:\/\/diariolanoticia.com.mx\/wp-content\/uploads\/2025\/10\/6b2d0fbc-1796-4ba8-a18d-908bbe17aa90.jpg",1500,842,false]},"categories_names":{"20":{"name":"Norte de Puebla","link":"https:\/\/diariolanoticia.com.mx\/?cat=20"}},"tags_names":[],"comments_number":"0","wpmagazine_modules_lite_featured_media_urls":{"thumbnail":["https:\/\/diariolanoticia.com.mx\/wp-content\/uploads\/2025\/10\/6b2d0fbc-1796-4ba8-a18d-908bbe17aa90-216x160.jpg",216,160,true],"cvmm-medium":["https:\/\/diariolanoticia.com.mx\/wp-content\/uploads\/2025\/10\/6b2d0fbc-1796-4ba8-a18d-908bbe17aa90-300x300.jpg",300,300,true],"cvmm-medium-plus":["https:\/\/diariolanoticia.com.mx\/wp-content\/uploads\/2025\/10\/6b2d0fbc-1796-4ba8-a18d-908bbe17aa90-305x207.jpg",305,207,true],"cvmm-portrait":["https:\/\/diariolanoticia.com.mx\/wp-content\/uploads\/2025\/10\/6b2d0fbc-1796-4ba8-a18d-908bbe17aa90-400x600.jpg",400,600,true],"cvmm-medium-square":["https:\/\/diariolanoticia.com.mx\/wp-content\/uploads\/2025\/10\/6b2d0fbc-1796-4ba8-a18d-908bbe17aa90-600x600.jpg",600,600,true],"cvmm-large":["https:\/\/diariolanoticia.com.mx\/wp-content\/uploads\/2025\/10\/6b2d0fbc-1796-4ba8-a18d-908bbe17aa90-1024x842.jpg",1024,842,true],"cvmm-small":["https:\/\/diariolanoticia.com.mx\/wp-content\/uploads\/2025\/10\/6b2d0fbc-1796-4ba8-a18d-908bbe17aa90-130x95.jpg",130,95,true],"full":["https:\/\/diariolanoticia.com.mx\/wp-content\/uploads\/2025\/10\/6b2d0fbc-1796-4ba8-a18d-908bbe17aa90.jpg",1500,842,false]},"_links":{"self":[{"href":"https:\/\/diariolanoticia.com.mx\/index.php?rest_route=\/wp\/v2\/posts\/130044","targetHints":{"allow":["GET"]}}],"collection":[{"href":"https:\/\/diariolanoticia.com.mx\/index.php?rest_route=\/wp\/v2\/posts"}],"about":[{"href":"https:\/\/diariolanoticia.com.mx\/index.php?rest_route=\/wp\/v2\/types\/post"}],"author":[{"embeddable":true,"href":"https:\/\/diariolanoticia.com.mx\/index.php?rest_route=\/wp\/v2\/users\/1"}],"replies":[{"embeddable":true,"href":"https:\/\/diariolanoticia.com.mx\/index.php?rest_route=%2Fwp%2Fv2%2Fcomments&post=130044"}],"version-history":[{"count":1,"href":"https:\/\/diariolanoticia.com.mx\/index.php?rest_route=\/wp\/v2\/posts\/130044\/revisions"}],"predecessor-version":[{"id":130045,"href":"https:\/\/diariolanoticia.com.mx\/index.php?rest_route=\/wp\/v2\/posts\/130044\/revisions\/130045"}],"wp:featuredmedia":[{"embeddable":true,"href":"https:\/\/diariolanoticia.com.mx\/index.php?rest_route=\/wp\/v2\/media\/130043"}],"wp:attachment":[{"href":"https:\/\/diariolanoticia.com.mx\/index.php?rest_route=%2Fwp%2Fv2%2Fmedia&parent=130044"}],"wp:term":[{"taxonomy":"category","embeddable":true,"href":"https:\/\/diariolanoticia.com.mx\/index.php?rest_route=%2Fwp%2Fv2%2Fcategories&post=130044"},{"taxonomy":"post_tag","embeddable":true,"href":"https:\/\/diariolanoticia.com.mx\/index.php?rest_route=%2Fwp%2Fv2%2Ftags&post=130044"}],"curies":[{"name":"wp","href":"https:\/\/api.w.org\/{rel}","templated":true}]}}