{"id":130168,"date":"2025-10-21T17:33:18","date_gmt":"2025-10-21T23:33:18","guid":{"rendered":"https:\/\/diariolanoticia.com.mx\/?p=130168"},"modified":"2025-10-21T17:33:18","modified_gmt":"2025-10-21T23:33:18","slug":"con-modulos-de-maquinaria-gobierno-de-puebla-abre-caminos-afectados-por-deslaves-en-eloxochitlan","status":"publish","type":"post","link":"https:\/\/diariolanoticia.com.mx\/?p=130168","title":{"rendered":"Con m\u00f3dulos de maquinaria, Gobierno de Puebla abre caminos afectados por deslaves en Eloxochitl\u00e1n"},"content":{"rendered":"\n<p>&#8211; El gobernador Alejandro Armenta, alineado con la visi\u00f3n humanista de la presidenta Claudia Sheinbaum, supervisa personalmente los trabajos de rehabilitaci\u00f3n en la Sierra Negra y garantiza apoyo integral a las comunidades afectadas.<\/p>\n\n\n\n<ul class=\"wp-block-list\"><\/ul>\n\n\n\n<p>ELOXOCHITL\u00c1N, Pue.- El gobernador de Puebla, Alejandro Armenta, recorri\u00f3 el municipio de Eloxochitl\u00e1n en la Sierra Negra para supervisar las afectaciones ocasionadas por las intensas lluvias que han golpeado a la regi\u00f3n. Acompa\u00f1ado por la Coordinadora General de Asuntos Intergubernamentales del Gobierno de M\u00e9xico, Leticia Ram\u00edrez Amaya, el mandatario reafirm\u00f3 su compromiso con las comunidades afectadas y anunci\u00f3 acciones concretas para restablecer la conectividad y garantizar la seguridad de los pobladores.<\/p>\n\n\n\n<p>Durante la visita, el mandatario estatal inspeccion\u00f3 dos derrumbes en la carretera Azumbilla\u2013Tlacotepec de D\u00edaz\u2013Alcomunga\u2013Eloxochitl\u00e1n, en las localidades de El Mirador y Rancho Azul. La presencia de maquinaria estatal en la zona refleja el esfuerzo conjunto entre el gobierno estatal y federal para rehabilitar los caminos y restablecer los servicios b\u00e1sicos. El gobernador subray\u00f3 que las m\u00e1quinas permanecer\u00e1n hasta concluir los trabajos, sin dejar solas a las comunidades.<\/p>\n\n\n\n<p>En su intervenci\u00f3n, Leticia Ram\u00edrez destac\u00f3 el respaldo total de la presidenta Claudia Sheinbaum al gobierno poblano, reconoci\u00f3 el trabajo coordinado que ha permitido actuar con rapidez ante la emergencia. Asegur\u00f3 que las necesidades detectadas se atienden con un enfoque cercano, justo y humano, como lo marca el proyecto de transformaci\u00f3n nacional.<\/p>\n\n\n\n<p>Adem\u00e1s de atender la infraestructura da\u00f1ada, el gobernador record\u00f3 la creaci\u00f3n de un m\u00f3dulo completo de maquinaria para la Sierra Negra, as\u00ed como la construcci\u00f3n de la Universidad Rosario Castellanos en Eloxochitl\u00e1n y la Universidad de la Salud en Zoquitl\u00e1n. Estas instituciones permitir\u00e1n a los j\u00f3venes acceder a la educaci\u00f3n superior sin salir de su regi\u00f3n, fortaleciendo el desarrollo local.<\/p>\n\n\n\n<p>Con un mensaje de unidad, cercan\u00eda y compromiso, Alejandro Armenta reiter\u00f3 su promesa de regresar en menos de 15 d\u00edas para continuar el seguimiento a los trabajos. La comunidad lo recibi\u00f3 con muestras de afecto y reconoci\u00f3 la atenci\u00f3n oportuna que responde a sus necesidades m\u00e1s urgentes.<\/p>\n\n\n\n<p>Niceforo Hern\u00e1ndez, habitante de Eloxochitl\u00e1n reconoci\u00f3 la labor inmediata que personal de los gobiernos estatal y federal realizan al comunicar las comunidades afectadas por los deslaves de cerros a causa de las torrenciales lluvias en la regi\u00f3n.<\/p>\n","protected":false},"excerpt":{"rendered":"<p>&#8211; El gobernador Alejandro Armenta, alineado con la visi\u00f3n humanista de la presidenta Claudia Sheinbaum, supervisa personalmente los trabajos de rehabilitaci\u00f3n en la Sierra Negra y garantiza apoyo integral a las comunidades afectadas. ELOXOCHITL\u00c1N, Pue.- El gobernador de Puebla, Alejandro Armenta, recorri\u00f3 el municipio de Eloxochitl\u00e1n en la Sierra Negra para supervisar las afectaciones ocasionadas [&hellip;]<\/p>\n","protected":false},"author":1,"featured_media":130167,"comment_status":"closed","ping_status":"open","sticky":false,"template":"","format":"standard","meta":{"footnotes":""},"categories":[20],"tags":[],"class_list":["post-130168","post","type-post","status-publish","format-standard","has-post-thumbnail","hentry","category-norte-de-puebla"],"blog_post_layout_featured_media_urls":{"thumbnail":["https:\/\/diariolanoticia.com.mx\/wp-content\/uploads\/2025\/10\/fe71b8c9-9656-4211-b218-ef2dfe2bded1-216x160.jpg",216,160,true],"full":["https:\/\/diariolanoticia.com.mx\/wp-content\/uploads\/2025\/10\/fe71b8c9-9656-4211-b218-ef2dfe2bded1.jpg",1280,886,false]},"categories_names":{"20":{"name":"Norte de Puebla","link":"https:\/\/diariolanoticia.com.mx\/?cat=20"}},"tags_names":[],"comments_number":"0","wpmagazine_modules_lite_featured_media_urls":{"thumbnail":["https:\/\/diariolanoticia.com.mx\/wp-content\/uploads\/2025\/10\/fe71b8c9-9656-4211-b218-ef2dfe2bded1-216x160.jpg",216,160,true],"cvmm-medium":["https:\/\/diariolanoticia.com.mx\/wp-content\/uploads\/2025\/10\/fe71b8c9-9656-4211-b218-ef2dfe2bded1-300x300.jpg",300,300,true],"cvmm-medium-plus":["https:\/\/diariolanoticia.com.mx\/wp-content\/uploads\/2025\/10\/fe71b8c9-9656-4211-b218-ef2dfe2bded1-305x207.jpg",305,207,true],"cvmm-portrait":["https:\/\/diariolanoticia.com.mx\/wp-content\/uploads\/2025\/10\/fe71b8c9-9656-4211-b218-ef2dfe2bded1-400x600.jpg",400,600,true],"cvmm-medium-square":["https:\/\/diariolanoticia.com.mx\/wp-content\/uploads\/2025\/10\/fe71b8c9-9656-4211-b218-ef2dfe2bded1-600x600.jpg",600,600,true],"cvmm-large":["https:\/\/diariolanoticia.com.mx\/wp-content\/uploads\/2025\/10\/fe71b8c9-9656-4211-b218-ef2dfe2bded1-1024x886.jpg",1024,886,true],"cvmm-small":["https:\/\/diariolanoticia.com.mx\/wp-content\/uploads\/2025\/10\/fe71b8c9-9656-4211-b218-ef2dfe2bded1-130x95.jpg",130,95,true],"full":["https:\/\/diariolanoticia.com.mx\/wp-content\/uploads\/2025\/10\/fe71b8c9-9656-4211-b218-ef2dfe2bded1.jpg",1280,886,false]},"_links":{"self":[{"href":"https:\/\/diariolanoticia.com.mx\/index.php?rest_route=\/wp\/v2\/posts\/130168","targetHints":{"allow":["GET"]}}],"collection":[{"href":"https:\/\/diariolanoticia.com.mx\/index.php?rest_route=\/wp\/v2\/posts"}],"about":[{"href":"https:\/\/diariolanoticia.com.mx\/index.php?rest_route=\/wp\/v2\/types\/post"}],"author":[{"embeddable":true,"href":"https:\/\/diariolanoticia.com.mx\/index.php?rest_route=\/wp\/v2\/users\/1"}],"replies":[{"embeddable":true,"href":"https:\/\/diariolanoticia.com.mx\/index.php?rest_route=%2Fwp%2Fv2%2Fcomments&post=130168"}],"version-history":[{"count":1,"href":"https:\/\/diariolanoticia.com.mx\/index.php?rest_route=\/wp\/v2\/posts\/130168\/revisions"}],"predecessor-version":[{"id":130169,"href":"https:\/\/diariolanoticia.com.mx\/index.php?rest_route=\/wp\/v2\/posts\/130168\/revisions\/130169"}],"wp:featuredmedia":[{"embeddable":true,"href":"https:\/\/diariolanoticia.com.mx\/index.php?rest_route=\/wp\/v2\/media\/130167"}],"wp:attachment":[{"href":"https:\/\/diariolanoticia.com.mx\/index.php?rest_route=%2Fwp%2Fv2%2Fmedia&parent=130168"}],"wp:term":[{"taxonomy":"category","embeddable":true,"href":"https:\/\/diariolanoticia.com.mx\/index.php?rest_route=%2Fwp%2Fv2%2Fcategories&post=130168"},{"taxonomy":"post_tag","embeddable":true,"href":"https:\/\/diariolanoticia.com.mx\/index.php?rest_route=%2Fwp%2Fv2%2Ftags&post=130168"}],"curies":[{"name":"wp","href":"https:\/\/api.w.org\/{rel}","templated":true}]}}