{"id":130176,"date":"2025-10-21T16:14:40","date_gmt":"2025-10-21T22:14:40","guid":{"rendered":"https:\/\/diariolanoticia.com.mx\/?p=130176"},"modified":"2025-10-22T16:14:59","modified_gmt":"2025-10-22T22:14:59","slug":"ciencias-de-la-salud-uatx-inaugura-laboratorio-multidisciplinario-en-biomedicina-biotecnologia-y-bioinformatica","status":"publish","type":"post","link":"https:\/\/diariolanoticia.com.mx\/?p=130176","title":{"rendered":"Ciencias de la Salud UATx inaugura Laboratorio Multidisciplinario en Biomedicina, Biotecnolog\u00eda y Bioinform\u00e1tica"},"content":{"rendered":"\n<p>\u00fc&nbsp;&nbsp;Impulsar\u00e1 la formaci\u00f3n de talento especializado<\/p>\n\n\n\n<p>La Universidad Aut\u00f3noma de Tlaxcala (UATx) fortalece su liderazgo cient\u00edfico con el inicio de actividades del&nbsp;\ud835\udc0b\ud835\udc1a\ud835\udc1b\ud835\udc28\ud835\udc2b\ud835\udc1a\ud835\udc2d\ud835\udc28\ud835\udc2b\ud835\udc22\ud835\udc28&nbsp;\ud835\udc0c\ud835\udc2e\ud835\udc25\ud835\udc2d\ud835\udc22\ud835\udc1d\ud835\udc22\ud835\udc2c\ud835\udc1c\ud835\udc22\ud835\udc29\ud835\udc25\ud835\udc22\ud835\udc27\ud835\udc1a\ud835\udc2b\ud835\udc22\ud835\udc28&nbsp;\ud835\udc1e\ud835\udc27&nbsp;\ud835\udc01\ud835\udc22\ud835\udc28\ud835\udc26\ud835\udc1e\ud835\udc1d\ud835\udc22\ud835\udc1c\ud835\udc22\ud835\udc27\ud835\udc1a,&nbsp;\ud835\udc01\ud835\udc22\ud835\udc28\ud835\udc2d\ud835\udc1e\ud835\udc1c\ud835\udc27\ud835\udc28\ud835\udc25\ud835\udc28\ud835\udc20\ud835\udc22\u0301\ud835\udc1a&nbsp;\ud835\udc32&nbsp;\ud835\udc01\ud835\udc22\ud835\udc28\ud835\udc22\ud835\udc27\ud835\udc1f\ud835\udc28\ud835\udc2b\ud835\udc26\ud835\udc1a\u0301\ud835\udc2d\ud835\udc22\ud835\udc1c\ud835\udc1a&nbsp;\ud835\udc08\ud835\udc27\ud835\udc2d\ud835\udc1e\ud835\udc20\ud835\udc2b\ud835\udc1a\ud835\udc2d\ud835\udc22\ud835\udc2f\ud835\udc1a&nbsp;\ud835\udc00\ud835\udc29\ud835\udc25\ud835\udc22\ud835\udc1c\ud835\udc1a\ud835\udc1d\ud835\udc1a&nbsp;\ud835\udc1a&nbsp;\ud835\udc25\ud835\udc1a&nbsp;\ud835\udc12\ud835\udc1a\ud835\udc25\ud835\udc2e\ud835\udc1d&nbsp;(\ud835\udc0b\ud835\udc00\ud835\udc0c\ud835\udc01\ud835\udfd1\ud835\udc08\ud835\udc12) del campus Guardia de la Facultad de Ciencias de la Salud.<\/p>\n\n\n\n<p>En representaci\u00f3n del Rector de la m\u00e1xima Casa de Estudios de la entidad, Doctor Seraf\u00edn Ortiz Ortiz, asisti\u00f3 el Maestro Jos\u00e9 Reyes Luna Ru\u00edz, Coordinador de la Divisi\u00f3n de Ciencias Biol\u00f3gicas, acompa\u00f1ado por el Doctor Jos\u00e9 Francisco Mauricio Garc\u00eda, Director de la Facultad de Ciencias de la Salud, destac\u00f3 que este espacio impulsa la formaci\u00f3n de talento especializado y el desarrollo de investigaci\u00f3n de alto impacto en salud.<\/p>\n\n\n\n<p>Previo a la inauguraci\u00f3n, se ofreci\u00f3 a estudiantes y docentes la conferencia&nbsp;\ud835\udc08\ud835\udc1c\ud835\udc1a\ud835\udc22\ud835\udc2c\ud835\udc1a\ud835\udc27\ud835\udc2e\ud835\udc1a:&nbsp;\ud835\udc00\ud835\udc1c\ud835\udc1e\ud835\udc2b\ud835\udc1c\ud835\udc1a\ud835\udc26\ud835\udc22\ud835\udc1e\ud835\udc27\ud835\udc2d\ud835\udc28&nbsp;\ud835\udc1a&nbsp;\ud835\udc25\ud835\udc1a&nbsp;\ud835\udc1c\ud835\udc22\ud835\udc1e\ud835\udc27\ud835\udc1c\ud835\udc22\ud835\udc1a&nbsp;\ud835\udc29\ud835\udc1a\ud835\udc2b\ud835\udc1a&nbsp;\ud835\udc25\ud835\udc1a&nbsp;\ud835\udc1b\ud835\udc2e\u0301\ud835\udc2c\ud835\udc2a\ud835\udc2e\ud835\udc1e\ud835\udc1d\ud835\udc1a&nbsp;\ud835\udc1d\ud835\udc1e&nbsp;\ud835\udc27\ud835\udc2e\ud835\udc1e\ud835\udc2f\ud835\udc1a\ud835\udc2c&nbsp;\ud835\udc2d\ud835\udc1e\ud835\udc2b\ud835\udc1a\ud835\udc29\ud835\udc22\ud835\udc1a\ud835\udc2c, a cargo del Doctor Alan Carrasco Carballo (SEICHTI-BUAP) y de la Doctora Elizabeth Bautista Rodr\u00edguez, quienes compartieron los m\u00e1s recientes avances en medicina y biotecnolog\u00eda.<\/p>\n\n\n\n<p>El&nbsp;\ud835\udc0b\ud835\udc00\ud835\udc0c\ud835\udc01\ud835\udfd1\ud835\udc08\ud835\udc12&nbsp;es proyecto de ciencia b\u00e1sica SEICHTI CBF-2025-I-3072 (EBR), que se desarrolla en colaboraci\u00f3n con el LESQO-BUAP y el Laboratorio Nacional de Investigaci\u00f3n en Plantas Medicinales, que integrar\u00e1 a estudiantes del Posgrado en Ciencias Biol\u00f3gicas del Centro Tlaxcala de Biolog\u00eda de la Conducta y de diversas licenciaturas de la UATx, adem\u00e1s permite fortalecer la vinculaci\u00f3n con instituciones de salud estatales y nacionales.<\/p>\n","protected":false},"excerpt":{"rendered":"<p>\u00fc&nbsp;&nbsp;Impulsar\u00e1 la formaci\u00f3n de talento especializado La Universidad Aut\u00f3noma de Tlaxcala (UATx) fortalece su liderazgo cient\u00edfico con el inicio de actividades del&nbsp;\ud835\udc0b\ud835\udc1a\ud835\udc1b\ud835\udc28\ud835\udc2b\ud835\udc1a\ud835\udc2d\ud835\udc28\ud835\udc2b\ud835\udc22\ud835\udc28&nbsp;\ud835\udc0c\ud835\udc2e\ud835\udc25\ud835\udc2d\ud835\udc22\ud835\udc1d\ud835\udc22\ud835\udc2c\ud835\udc1c\ud835\udc22\ud835\udc29\ud835\udc25\ud835\udc22\ud835\udc27\ud835\udc1a\ud835\udc2b\ud835\udc22\ud835\udc28&nbsp;\ud835\udc1e\ud835\udc27&nbsp;\ud835\udc01\ud835\udc22\ud835\udc28\ud835\udc26\ud835\udc1e\ud835\udc1d\ud835\udc22\ud835\udc1c\ud835\udc22\ud835\udc27\ud835\udc1a,&nbsp;\ud835\udc01\ud835\udc22\ud835\udc28\ud835\udc2d\ud835\udc1e\ud835\udc1c\ud835\udc27\ud835\udc28\ud835\udc25\ud835\udc28\ud835\udc20\ud835\udc22\u0301\ud835\udc1a&nbsp;\ud835\udc32&nbsp;\ud835\udc01\ud835\udc22\ud835\udc28\ud835\udc22\ud835\udc27\ud835\udc1f\ud835\udc28\ud835\udc2b\ud835\udc26\ud835\udc1a\u0301\ud835\udc2d\ud835\udc22\ud835\udc1c\ud835\udc1a&nbsp;\ud835\udc08\ud835\udc27\ud835\udc2d\ud835\udc1e\ud835\udc20\ud835\udc2b\ud835\udc1a\ud835\udc2d\ud835\udc22\ud835\udc2f\ud835\udc1a&nbsp;\ud835\udc00\ud835\udc29\ud835\udc25\ud835\udc22\ud835\udc1c\ud835\udc1a\ud835\udc1d\ud835\udc1a&nbsp;\ud835\udc1a&nbsp;\ud835\udc25\ud835\udc1a&nbsp;\ud835\udc12\ud835\udc1a\ud835\udc25\ud835\udc2e\ud835\udc1d&nbsp;(\ud835\udc0b\ud835\udc00\ud835\udc0c\ud835\udc01\ud835\udfd1\ud835\udc08\ud835\udc12) del campus Guardia de la Facultad de Ciencias de la Salud. En representaci\u00f3n del Rector de la m\u00e1xima Casa de Estudios de la entidad, Doctor Seraf\u00edn Ortiz Ortiz, asisti\u00f3 el Maestro Jos\u00e9 Reyes [&hellip;]<\/p>\n","protected":false},"author":1,"featured_media":130177,"comment_status":"open","ping_status":"open","sticky":false,"template":"","format":"standard","meta":{"footnotes":""},"categories":[10],"tags":[],"class_list":["post-130176","post","type-post","status-publish","format-standard","has-post-thumbnail","hentry","category-educacion"],"blog_post_layout_featured_media_urls":{"thumbnail":["https:\/\/diariolanoticia.com.mx\/wp-content\/uploads\/2025\/10\/21-Ciencias-de-la-Salud-UATx-inaugura-Laboratorio-Multidisciplinario-1-216x160.jpeg",216,160,true],"full":["https:\/\/diariolanoticia.com.mx\/wp-content\/uploads\/2025\/10\/21-Ciencias-de-la-Salud-UATx-inaugura-Laboratorio-Multidisciplinario-1.jpeg",1997,1123,false]},"categories_names":{"10":{"name":"Educaci\u00f3n","link":"https:\/\/diariolanoticia.com.mx\/?cat=10"}},"tags_names":[],"comments_number":"0","wpmagazine_modules_lite_featured_media_urls":{"thumbnail":["https:\/\/diariolanoticia.com.mx\/wp-content\/uploads\/2025\/10\/21-Ciencias-de-la-Salud-UATx-inaugura-Laboratorio-Multidisciplinario-1-216x160.jpeg",216,160,true],"cvmm-medium":["https:\/\/diariolanoticia.com.mx\/wp-content\/uploads\/2025\/10\/21-Ciencias-de-la-Salud-UATx-inaugura-Laboratorio-Multidisciplinario-1-300x300.jpeg",300,300,true],"cvmm-medium-plus":["https:\/\/diariolanoticia.com.mx\/wp-content\/uploads\/2025\/10\/21-Ciencias-de-la-Salud-UATx-inaugura-Laboratorio-Multidisciplinario-1-305x207.jpeg",305,207,true],"cvmm-portrait":["https:\/\/diariolanoticia.com.mx\/wp-content\/uploads\/2025\/10\/21-Ciencias-de-la-Salud-UATx-inaugura-Laboratorio-Multidisciplinario-1-400x600.jpeg",400,600,true],"cvmm-medium-square":["https:\/\/diariolanoticia.com.mx\/wp-content\/uploads\/2025\/10\/21-Ciencias-de-la-Salud-UATx-inaugura-Laboratorio-Multidisciplinario-1-600x600.jpeg",600,600,true],"cvmm-large":["https:\/\/diariolanoticia.com.mx\/wp-content\/uploads\/2025\/10\/21-Ciencias-de-la-Salud-UATx-inaugura-Laboratorio-Multidisciplinario-1-1024x1024.jpeg",1024,1024,true],"cvmm-small":["https:\/\/diariolanoticia.com.mx\/wp-content\/uploads\/2025\/10\/21-Ciencias-de-la-Salud-UATx-inaugura-Laboratorio-Multidisciplinario-1-130x95.jpeg",130,95,true],"full":["https:\/\/diariolanoticia.com.mx\/wp-content\/uploads\/2025\/10\/21-Ciencias-de-la-Salud-UATx-inaugura-Laboratorio-Multidisciplinario-1.jpeg",1997,1123,false]},"_links":{"self":[{"href":"https:\/\/diariolanoticia.com.mx\/index.php?rest_route=\/wp\/v2\/posts\/130176","targetHints":{"allow":["GET"]}}],"collection":[{"href":"https:\/\/diariolanoticia.com.mx\/index.php?rest_route=\/wp\/v2\/posts"}],"about":[{"href":"https:\/\/diariolanoticia.com.mx\/index.php?rest_route=\/wp\/v2\/types\/post"}],"author":[{"embeddable":true,"href":"https:\/\/diariolanoticia.com.mx\/index.php?rest_route=\/wp\/v2\/users\/1"}],"replies":[{"embeddable":true,"href":"https:\/\/diariolanoticia.com.mx\/index.php?rest_route=%2Fwp%2Fv2%2Fcomments&post=130176"}],"version-history":[{"count":1,"href":"https:\/\/diariolanoticia.com.mx\/index.php?rest_route=\/wp\/v2\/posts\/130176\/revisions"}],"predecessor-version":[{"id":130178,"href":"https:\/\/diariolanoticia.com.mx\/index.php?rest_route=\/wp\/v2\/posts\/130176\/revisions\/130178"}],"wp:featuredmedia":[{"embeddable":true,"href":"https:\/\/diariolanoticia.com.mx\/index.php?rest_route=\/wp\/v2\/media\/130177"}],"wp:attachment":[{"href":"https:\/\/diariolanoticia.com.mx\/index.php?rest_route=%2Fwp%2Fv2%2Fmedia&parent=130176"}],"wp:term":[{"taxonomy":"category","embeddable":true,"href":"https:\/\/diariolanoticia.com.mx\/index.php?rest_route=%2Fwp%2Fv2%2Fcategories&post=130176"},{"taxonomy":"post_tag","embeddable":true,"href":"https:\/\/diariolanoticia.com.mx\/index.php?rest_route=%2Fwp%2Fv2%2Ftags&post=130176"}],"curies":[{"name":"wp","href":"https:\/\/api.w.org\/{rel}","templated":true}]}}