{"id":130179,"date":"2025-10-21T16:17:02","date_gmt":"2025-10-21T22:17:02","guid":{"rendered":"https:\/\/diariolanoticia.com.mx\/?p=130179"},"modified":"2025-10-22T16:17:47","modified_gmt":"2025-10-22T22:17:47","slug":"estudiantes-de-innovacion-educativa-uatx-promueven-el-consumo-responsable-de-informacion-en-la-fleex-2025","status":"publish","type":"post","link":"https:\/\/diariolanoticia.com.mx\/?p=130179","title":{"rendered":"Estudiantes de Innovaci\u00f3n Educativa UATx promueven el consumo responsable de informaci\u00f3n en la FLEEX 2025"},"content":{"rendered":"\n<p>\u00fc&nbsp;&nbsp;Difunden la educaci\u00f3n medi\u00e1tica que impulsa la UNESCO<\/p>\n\n\n\n<p>Para promover el pensamiento cr\u00edtico y el consumo responsable de la informaci\u00f3n en medios digitales y redes sociales a trav\u00e9s de una experiencia l\u00fadica basada en la figura del superh\u00e9roe, el Cuerpo Acad\u00e9mico \u00abInnovaci\u00f3n y Comunicaci\u00f3n en Procesos Formativos UATX-CA-244 particip\u00f3 en la Feria de Lectura y Experiencias (FLEEX) 2025 que organizaron el Consejo Puebla de Lectura, el Cuerpo Acad\u00e9mico BUAP 249 y la Secretar\u00eda de Cultura del Estado de Puebla.<\/p>\n\n\n\n<p>Fue el pasado 16 de octubre cuando Abigail Reyes Conde, Martha Justina Sastre Cuahutle y Adriana Itzel Acotlzi Espinoza, estudiantes de la Licenciatura en Comunicaci\u00f3n e Innovaci\u00f3n Educativa de la Universidad Aut\u00f3noma de Tlaxcala (UATx), acompa\u00f1adas por la Maestra Diana Corona Barrera, Coordinadora del Programa, presentaron el taller&nbsp;\ud835\udc12\ud835\udc2e\ud835\udc29\ud835\udc1e\ud835\udc2b\ud835\udc25\ud835\udc1e\ud835\udc1c\ud835\udc2d\ud835\udc28\ud835\udc2b\ud835\udc1e\ud835\udc2c&nbsp;\ud835\udc1d\ud835\udc1e&nbsp;\ud835\udc0c\ud835\udc1e\ud835\udc1d\ud835\udc22\ud835\udc28\ud835\udc2c:&nbsp;\ud835\udc00\ud835\udc29\ud835\udc2b\ud835\udc1e\ud835\udc27\ud835\udc1d\ud835\udc22\ud835\udc1e\ud835\udc27\ud835\udc1d\ud835\udc28&nbsp;\ud835\udc2c\ud835\udc28\ud835\udc1b\ud835\udc2b\ud835\udc1e&nbsp;\ud835\udc00\ud835\udc25\ud835\udc1f\ud835\udc1a\ud835\udc1b\ud835\udc1e\ud835\udc2d\ud835\udc22\ud835\udc33\ud835\udc1a\ud835\udc1c\ud835\udc22\ud835\udc28\u0301\ud835\udc27&nbsp;\ud835\udc0c\ud835\udc1e\ud835\udc1d\ud835\udc22\ud835\udc1a\u0301\ud835\udc2d\ud835\udc22\ud835\udc1c\ud835\udc1a&nbsp;\ud835\udc1e&nbsp;\ud835\udc08\ud835\udc27\ud835\udc1f\ud835\udc28\ud835\udc2b\ud835\udc26\ud835\udc1a\ud835\udc1c\ud835\udc22\ud835\udc28\ud835\udc27\ud835\udc1a\ud835\udc25&nbsp;en la&nbsp;\ud835\udc05\ud835\udc1e\ud835\udc2b\ud835\udc22\ud835\udc1a&nbsp;\ud835\udc1d\ud835\udc1e&nbsp;\ud835\udc0b\ud835\udc1e\ud835\udc1c\ud835\udc2d\ud835\udc2e\ud835\udc2b\ud835\udc1a&nbsp;\ud835\udc32&nbsp;\ud835\udc04\ud835\udc31\ud835\udc29\ud835\udc1e\ud835\udc2b\ud835\udc22\ud835\udc1e\ud835\udc27\ud835\udc1c\ud835\udc22\ud835\udc1a\ud835\udc2c&nbsp;(\ud835\udc05\ud835\udc0b\ud835\udc04\ud835\udc04\ud835\udc17)&nbsp;\ud835\udfd0\ud835\udfce\ud835\udfd0\ud835\udfd3&nbsp;en la ciudad de Puebla.<\/p>\n\n\n\n<p>Dicha&nbsp; actividad, inspirada en la figura del superh\u00e9roe, promovi\u00f3 entre ni\u00f1as y ni\u00f1os de cuarto grado de la&nbsp;\ud835\udc04\ud835\udc2c\ud835\udc1c\ud835\udc2e\ud835\udc1e\ud835\udc25\ud835\udc1a&nbsp;\ud835\udc0f\ud835\udc2b\ud835\udc22\ud835\udc26\ud835\udc1a\ud835\udc2b\ud835\udc22\ud835\udc1a&nbsp;\u00ab\ud835\udc04\ud835\udc26\ud835\udc29\ud835\udc1e\ud835\udc2b\ud835\udc1a\ud835\udc1d\ud835\udc28\ud835\udc2b&nbsp;\ud835\udc02\ud835\udc2e\ud835\udc1a\ud835\udc2e\ud835\udc21\ud835\udc2d\ud835\udc1e\u0301\ud835\udc26\ud835\udc28\ud835\udc1c\u00bb el uso responsable de los medios digitales y la informaci\u00f3n en internet. Mediante el juego, los participantes aprendieron a identificar fuentes confiables, cuestionar los mensajes que consumen y fortalecer habilidades como la creatividad, la empat\u00eda y el pensamiento cr\u00edtico.<\/p>\n\n\n\n<p>Las estudiantes representaron con orgullo a la Facultad de Ciencias de la Educaci\u00f3n y al Cuerpo Acad\u00e9mico \u00abInnovaci\u00f3n y Comunicaci\u00f3n en Procesos Formativos\u00bb, conjugando conocimiento y pr\u00e1ctica de lo que han recibido a lo largo de su licenciatura con \u00e9nfasis en la educaci\u00f3n medi\u00e1tica, que es un movimiento que impulsa a nivel global la Organizaci\u00f3n de las Naciones Unidas para la Educaci\u00f3n, Ciencia y Cultura (UNESCO).&nbsp;<\/p>\n","protected":false},"excerpt":{"rendered":"<p>\u00fc&nbsp;&nbsp;Difunden la educaci\u00f3n medi\u00e1tica que impulsa la UNESCO Para promover el pensamiento cr\u00edtico y el consumo responsable de la informaci\u00f3n en medios digitales y redes sociales a trav\u00e9s de una experiencia l\u00fadica basada en la figura del superh\u00e9roe, el Cuerpo Acad\u00e9mico \u00abInnovaci\u00f3n y Comunicaci\u00f3n en Procesos Formativos UATX-CA-244 particip\u00f3 en la Feria de Lectura y [&hellip;]<\/p>\n","protected":false},"author":1,"featured_media":130180,"comment_status":"open","ping_status":"open","sticky":false,"template":"","format":"standard","meta":{"footnotes":""},"categories":[10],"tags":[],"class_list":["post-130179","post","type-post","status-publish","format-standard","has-post-thumbnail","hentry","category-educacion"],"blog_post_layout_featured_media_urls":{"thumbnail":["https:\/\/diariolanoticia.com.mx\/wp-content\/uploads\/2025\/10\/21-Estudiantes-de-Innovacion-Educativa-UATx-promueven-el-consumo-responsable-de-informacion-en-la-FLEEX-2025-1-216x160.png",216,160,true],"full":["https:\/\/diariolanoticia.com.mx\/wp-content\/uploads\/2025\/10\/21-Estudiantes-de-Innovacion-Educativa-UATx-promueven-el-consumo-responsable-de-informacion-en-la-FLEEX-2025-1-scaled.png",2560,1707,false]},"categories_names":{"10":{"name":"Educaci\u00f3n","link":"https:\/\/diariolanoticia.com.mx\/?cat=10"}},"tags_names":[],"comments_number":"0","wpmagazine_modules_lite_featured_media_urls":{"thumbnail":["https:\/\/diariolanoticia.com.mx\/wp-content\/uploads\/2025\/10\/21-Estudiantes-de-Innovacion-Educativa-UATx-promueven-el-consumo-responsable-de-informacion-en-la-FLEEX-2025-1-216x160.png",216,160,true],"cvmm-medium":["https:\/\/diariolanoticia.com.mx\/wp-content\/uploads\/2025\/10\/21-Estudiantes-de-Innovacion-Educativa-UATx-promueven-el-consumo-responsable-de-informacion-en-la-FLEEX-2025-1-300x300.png",300,300,true],"cvmm-medium-plus":["https:\/\/diariolanoticia.com.mx\/wp-content\/uploads\/2025\/10\/21-Estudiantes-de-Innovacion-Educativa-UATx-promueven-el-consumo-responsable-de-informacion-en-la-FLEEX-2025-1-305x207.png",305,207,true],"cvmm-portrait":["https:\/\/diariolanoticia.com.mx\/wp-content\/uploads\/2025\/10\/21-Estudiantes-de-Innovacion-Educativa-UATx-promueven-el-consumo-responsable-de-informacion-en-la-FLEEX-2025-1-400x600.png",400,600,true],"cvmm-medium-square":["https:\/\/diariolanoticia.com.mx\/wp-content\/uploads\/2025\/10\/21-Estudiantes-de-Innovacion-Educativa-UATx-promueven-el-consumo-responsable-de-informacion-en-la-FLEEX-2025-1-600x600.png",600,600,true],"cvmm-large":["https:\/\/diariolanoticia.com.mx\/wp-content\/uploads\/2025\/10\/21-Estudiantes-de-Innovacion-Educativa-UATx-promueven-el-consumo-responsable-de-informacion-en-la-FLEEX-2025-1-1024x1024.png",1024,1024,true],"cvmm-small":["https:\/\/diariolanoticia.com.mx\/wp-content\/uploads\/2025\/10\/21-Estudiantes-de-Innovacion-Educativa-UATx-promueven-el-consumo-responsable-de-informacion-en-la-FLEEX-2025-1-130x95.png",130,95,true],"full":["https:\/\/diariolanoticia.com.mx\/wp-content\/uploads\/2025\/10\/21-Estudiantes-de-Innovacion-Educativa-UATx-promueven-el-consumo-responsable-de-informacion-en-la-FLEEX-2025-1-scaled.png",2560,1707,false]},"_links":{"self":[{"href":"https:\/\/diariolanoticia.com.mx\/index.php?rest_route=\/wp\/v2\/posts\/130179","targetHints":{"allow":["GET"]}}],"collection":[{"href":"https:\/\/diariolanoticia.com.mx\/index.php?rest_route=\/wp\/v2\/posts"}],"about":[{"href":"https:\/\/diariolanoticia.com.mx\/index.php?rest_route=\/wp\/v2\/types\/post"}],"author":[{"embeddable":true,"href":"https:\/\/diariolanoticia.com.mx\/index.php?rest_route=\/wp\/v2\/users\/1"}],"replies":[{"embeddable":true,"href":"https:\/\/diariolanoticia.com.mx\/index.php?rest_route=%2Fwp%2Fv2%2Fcomments&post=130179"}],"version-history":[{"count":1,"href":"https:\/\/diariolanoticia.com.mx\/index.php?rest_route=\/wp\/v2\/posts\/130179\/revisions"}],"predecessor-version":[{"id":130181,"href":"https:\/\/diariolanoticia.com.mx\/index.php?rest_route=\/wp\/v2\/posts\/130179\/revisions\/130181"}],"wp:featuredmedia":[{"embeddable":true,"href":"https:\/\/diariolanoticia.com.mx\/index.php?rest_route=\/wp\/v2\/media\/130180"}],"wp:attachment":[{"href":"https:\/\/diariolanoticia.com.mx\/index.php?rest_route=%2Fwp%2Fv2%2Fmedia&parent=130179"}],"wp:term":[{"taxonomy":"category","embeddable":true,"href":"https:\/\/diariolanoticia.com.mx\/index.php?rest_route=%2Fwp%2Fv2%2Fcategories&post=130179"},{"taxonomy":"post_tag","embeddable":true,"href":"https:\/\/diariolanoticia.com.mx\/index.php?rest_route=%2Fwp%2Fv2%2Ftags&post=130179"}],"curies":[{"name":"wp","href":"https:\/\/api.w.org\/{rel}","templated":true}]}}