{"id":130189,"date":"2025-10-23T06:54:30","date_gmt":"2025-10-23T12:54:30","guid":{"rendered":"https:\/\/diariolanoticia.com.mx\/?p=130189"},"modified":"2025-10-23T06:54:30","modified_gmt":"2025-10-23T12:54:30","slug":"impulsa-delfina-pozos-iniciativa-para-reconocer-y-atender-la-salud-mental-materna-en-los-servicios-de-salud-publica","status":"publish","type":"post","link":"https:\/\/diariolanoticia.com.mx\/?p=130189","title":{"rendered":"Impulsa Delfina Pozos iniciativa para reconocer y atender la salud mental materna en los servicios de salud p\u00fablica"},"content":{"rendered":"\n<p class=\"s8\">Con el prop\u00f3sito de garantizar una atenci\u00f3n integral a las mujeres durante las distintas etapas de la maternidad, la diputada Delfina Pozos Vergara present\u00f3 una iniciativa de reforma a la Ley Estatal de Salud, con la finalidad de reconocer y atender la salud mental materna como parte esencial de los servicios de salud p\u00fablica.<\/p>\n\n\n\n<p class=\"s8\">La diputada destac\u00f3 que la atenci\u00f3n materno-infantil es un servicio b\u00e1sico de salud y una materia de salubridad general que el Estado debe atender con car\u00e1cter prioritario. En este sentido, su propuesta plantea incluir la atenci\u00f3n psicol\u00f3gica que requiera la mujer durante el embarazo, el parto, el postparto y el puerperio, garantizando el acceso a servicios m\u00e9dicos especializados y oportunos.<\/p>\n\n\n\n<p class=\"s8\">Pozos Vergara subray\u00f3 que el postparto no solo implica un proceso f\u00edsico de recuperaci\u00f3n, sino tambi\u00e9n una etapa emocional de adaptaci\u00f3n a la nueva vida con el beb\u00e9, en la que muchas mujeres pueden experimentar trastornos mentales como depresi\u00f3n, ansiedad, sentimientos de culpa o estr\u00e9s postraum\u00e1tico.<\/p>\n\n\n\n<p class=\"s8\">La legisladora refiri\u00f3 que estos padecimientos afectan la calidad de vida de las madres e incluso pueden dificultar el v\u00ednculo con sus hijas o hijos, por lo que visibilizar y atender la salud mental materna es una prioridad de salud p\u00fablica.<\/p>\n\n\n\n<p class=\"s8\">La iniciativa propone reformar el art\u00edculo 56 de la Ley Estatal de Salud para establecer de manera expresa que la atenci\u00f3n materno infantil comprenda tambi\u00e9n la atenci\u00f3n psicol\u00f3gica especializada durante todas las etapas del embarazo y la maternidad.<\/p>\n\n\n\n<p class=\"s8\">Con esta acci\u00f3n, la diputada Delfina Pozos Vergara reafirma su compromiso con el bienestar integral de las mujeres y la protecci\u00f3n de la infancia, impulsando pol\u00edticas p\u00fablicas que garanticen una maternidad digna, acompa\u00f1ada y saludable.<\/p>\n","protected":false},"excerpt":{"rendered":"<p>Con el prop\u00f3sito de garantizar una atenci\u00f3n integral a las mujeres durante las distintas etapas de la maternidad, la diputada Delfina Pozos Vergara present\u00f3 una iniciativa de reforma a la Ley Estatal de Salud, con la finalidad de reconocer y atender la salud mental materna como parte esencial de los servicios de salud p\u00fablica. La [&hellip;]<\/p>\n","protected":false},"author":1,"featured_media":130188,"comment_status":"closed","ping_status":"open","sticky":false,"template":"","format":"standard","meta":{"footnotes":""},"categories":[20],"tags":[],"class_list":["post-130189","post","type-post","status-publish","format-standard","has-post-thumbnail","hentry","category-norte-de-puebla"],"blog_post_layout_featured_media_urls":{"thumbnail":["https:\/\/diariolanoticia.com.mx\/wp-content\/uploads\/2025\/10\/9b6d51ba-1e9c-4cff-bbb0-13210eb98517-216x160.jpg",216,160,true],"full":["https:\/\/diariolanoticia.com.mx\/wp-content\/uploads\/2025\/10\/9b6d51ba-1e9c-4cff-bbb0-13210eb98517.jpg",1500,842,false]},"categories_names":{"20":{"name":"Norte de Puebla","link":"https:\/\/diariolanoticia.com.mx\/?cat=20"}},"tags_names":[],"comments_number":"0","wpmagazine_modules_lite_featured_media_urls":{"thumbnail":["https:\/\/diariolanoticia.com.mx\/wp-content\/uploads\/2025\/10\/9b6d51ba-1e9c-4cff-bbb0-13210eb98517-216x160.jpg",216,160,true],"cvmm-medium":["https:\/\/diariolanoticia.com.mx\/wp-content\/uploads\/2025\/10\/9b6d51ba-1e9c-4cff-bbb0-13210eb98517-300x300.jpg",300,300,true],"cvmm-medium-plus":["https:\/\/diariolanoticia.com.mx\/wp-content\/uploads\/2025\/10\/9b6d51ba-1e9c-4cff-bbb0-13210eb98517-305x207.jpg",305,207,true],"cvmm-portrait":["https:\/\/diariolanoticia.com.mx\/wp-content\/uploads\/2025\/10\/9b6d51ba-1e9c-4cff-bbb0-13210eb98517-400x600.jpg",400,600,true],"cvmm-medium-square":["https:\/\/diariolanoticia.com.mx\/wp-content\/uploads\/2025\/10\/9b6d51ba-1e9c-4cff-bbb0-13210eb98517-600x600.jpg",600,600,true],"cvmm-large":["https:\/\/diariolanoticia.com.mx\/wp-content\/uploads\/2025\/10\/9b6d51ba-1e9c-4cff-bbb0-13210eb98517-1024x842.jpg",1024,842,true],"cvmm-small":["https:\/\/diariolanoticia.com.mx\/wp-content\/uploads\/2025\/10\/9b6d51ba-1e9c-4cff-bbb0-13210eb98517-130x95.jpg",130,95,true],"full":["https:\/\/diariolanoticia.com.mx\/wp-content\/uploads\/2025\/10\/9b6d51ba-1e9c-4cff-bbb0-13210eb98517.jpg",1500,842,false]},"_links":{"self":[{"href":"https:\/\/diariolanoticia.com.mx\/index.php?rest_route=\/wp\/v2\/posts\/130189","targetHints":{"allow":["GET"]}}],"collection":[{"href":"https:\/\/diariolanoticia.com.mx\/index.php?rest_route=\/wp\/v2\/posts"}],"about":[{"href":"https:\/\/diariolanoticia.com.mx\/index.php?rest_route=\/wp\/v2\/types\/post"}],"author":[{"embeddable":true,"href":"https:\/\/diariolanoticia.com.mx\/index.php?rest_route=\/wp\/v2\/users\/1"}],"replies":[{"embeddable":true,"href":"https:\/\/diariolanoticia.com.mx\/index.php?rest_route=%2Fwp%2Fv2%2Fcomments&post=130189"}],"version-history":[{"count":1,"href":"https:\/\/diariolanoticia.com.mx\/index.php?rest_route=\/wp\/v2\/posts\/130189\/revisions"}],"predecessor-version":[{"id":130190,"href":"https:\/\/diariolanoticia.com.mx\/index.php?rest_route=\/wp\/v2\/posts\/130189\/revisions\/130190"}],"wp:featuredmedia":[{"embeddable":true,"href":"https:\/\/diariolanoticia.com.mx\/index.php?rest_route=\/wp\/v2\/media\/130188"}],"wp:attachment":[{"href":"https:\/\/diariolanoticia.com.mx\/index.php?rest_route=%2Fwp%2Fv2%2Fmedia&parent=130189"}],"wp:term":[{"taxonomy":"category","embeddable":true,"href":"https:\/\/diariolanoticia.com.mx\/index.php?rest_route=%2Fwp%2Fv2%2Fcategories&post=130189"},{"taxonomy":"post_tag","embeddable":true,"href":"https:\/\/diariolanoticia.com.mx\/index.php?rest_route=%2Fwp%2Fv2%2Ftags&post=130189"}],"curies":[{"name":"wp","href":"https:\/\/api.w.org\/{rel}","templated":true}]}}