{"id":130629,"date":"2025-11-08T17:22:07","date_gmt":"2025-11-08T23:22:07","guid":{"rendered":"https:\/\/diariolanoticia.com.mx\/?p=130629"},"modified":"2025-11-08T17:22:07","modified_gmt":"2025-11-08T23:22:07","slug":"congreso-del-estado-se-mantiene-abierto-para-promover-el-arte-la-cultura-y-el-talento-regional","status":"publish","type":"post","link":"https:\/\/diariolanoticia.com.mx\/?p=130629","title":{"rendered":"Congreso del Estado se mantiene abierto para promover el arte, la cultura y el talento regional"},"content":{"rendered":"\n<figure class=\"wp-block-gallery has-nested-images columns-default is-cropped wp-block-gallery-1 is-layout-flex wp-block-gallery-is-layout-flex\">\n<figure class=\"wp-block-image\"><img loading=\"lazy\" decoding=\"async\" width=\"1024\" height=\"683\" data-id=\"130627\" src=\"https:\/\/diariolanoticia.com.mx\/wp-content\/uploads\/2025\/11\/95b0daea-53e9-4ea5-95ab-83facbf2df09-1024x683.jpg\" alt=\"\" class=\"wp-image-130627\" srcset=\"https:\/\/diariolanoticia.com.mx\/wp-content\/uploads\/2025\/11\/95b0daea-53e9-4ea5-95ab-83facbf2df09-1024x683.jpg 1024w, https:\/\/diariolanoticia.com.mx\/wp-content\/uploads\/2025\/11\/95b0daea-53e9-4ea5-95ab-83facbf2df09-300x200.jpg 300w, https:\/\/diariolanoticia.com.mx\/wp-content\/uploads\/2025\/11\/95b0daea-53e9-4ea5-95ab-83facbf2df09-768x512.jpg 768w, https:\/\/diariolanoticia.com.mx\/wp-content\/uploads\/2025\/11\/95b0daea-53e9-4ea5-95ab-83facbf2df09.jpg 1280w\" sizes=\"auto, (max-width: 1024px) 100vw, 1024px\" \/><\/figure>\n\n\n\n<figure class=\"wp-block-image\"><img loading=\"lazy\" decoding=\"async\" width=\"1024\" height=\"683\" data-id=\"130628\" src=\"https:\/\/diariolanoticia.com.mx\/wp-content\/uploads\/2025\/11\/61dedd90-c54e-4676-b0f4-7e97444ca49e-1024x683.jpg\" alt=\"\" class=\"wp-image-130628\" srcset=\"https:\/\/diariolanoticia.com.mx\/wp-content\/uploads\/2025\/11\/61dedd90-c54e-4676-b0f4-7e97444ca49e-1024x683.jpg 1024w, https:\/\/diariolanoticia.com.mx\/wp-content\/uploads\/2025\/11\/61dedd90-c54e-4676-b0f4-7e97444ca49e-300x200.jpg 300w, https:\/\/diariolanoticia.com.mx\/wp-content\/uploads\/2025\/11\/61dedd90-c54e-4676-b0f4-7e97444ca49e-768x512.jpg 768w, https:\/\/diariolanoticia.com.mx\/wp-content\/uploads\/2025\/11\/61dedd90-c54e-4676-b0f4-7e97444ca49e.jpg 1500w\" sizes=\"auto, (max-width: 1024px) 100vw, 1024px\" \/><\/figure>\n<\/figure>\n\n\n\n<p class=\"s8\">&#8211; Inauguran tres exposiciones de arte en la sede del Poder Legislativo<\/p>\n\n\n\n<p class=\"s8\">El Congreso del Estado es un espacio de puertas abiertas para promover el arte, la cultura y el talento regional, coincidieron el presidente de la Junta de Gobierno y Coordinaci\u00f3n Pol\u00edtica, Pavel Gaspar Ram\u00edrez y el diputado Jos\u00e9 Luis Figueroa Cort\u00e9s.&nbsp;<\/p>\n\n\n\n<p class=\"s8\">Durante la inauguraci\u00f3n de la exposici\u00f3n denominada La Matlazihua, de autores originarios de Oaxaca, el presidente del Congreso, Pavel Gaspar, reconoci\u00f3 la iniciativa del diputado Jos\u00e9 Luis Figueroa para gestionar y realizar estas actividades, en las que se impulsa el talento de artistas de diferentes lugares.&nbsp;<\/p>\n\n\n\n<p class=\"s8\">\u201cEst\u00e1n compartiendo la cultura, el arte y la tradici\u00f3n. Puebla colinda con Oaxaca y compartimos hist\u00f3ricamente por generaciones el comercio, el arte y la cultura\u201d, indic\u00f3.&nbsp;<\/p>\n\n\n\n<p class=\"s8\">Por su parte, el diputado Jos\u00e9 Luis Figueroa Cort\u00e9s destac\u00f3 la importancia de abrir espacios para las diferentes expresiones, as\u00ed como celebrar la creatividad, identidad y sensibilidad de las y los autores.&nbsp;<\/p>\n\n\n\n<p class=\"s8\">La exhibici\u00f3n colocada en el andador del Auditorio 18 de Noviembre re\u00fane la obra de once artistas del Estado de Oaxaca. En el evento estuvieron las diputadas Fedrha Isabel Suriano Corrales y Laura Guadalupe Vargas Vargas.&nbsp;<\/p>\n\n\n\n<p class=\"s8\">Como parte de estas actividades de impulso al arte y la cultura, el diputado Jos\u00e9 Luis Figueroa Cort\u00e9s inaugur\u00f3 las exposiciones colectivas tituladas Mosaico de Emergentes y Piedra Gris Poblana: Arte Volc\u00e1nico.<\/p>\n\n\n\n<p class=\"s8\">Las obras se ubican en el lobby del Sal\u00f3n de Protocolos y destacan el talento de diferentes artistas poblanos.&nbsp;<\/p>\n\n\n\n<p class=\"s8\">Durante el acto protocolario estuvieron presentes los diputados Pavel Gaspar Ram\u00edrez, Jos\u00e9 Luis Figueroa Cort\u00e9s y El\u00edas Lozada Ortega.<\/p>\n","protected":false},"excerpt":{"rendered":"<p>&#8211; Inauguran tres exposiciones de arte en la sede del Poder Legislativo El Congreso del Estado es un espacio de puertas abiertas para promover el arte, la cultura y el talento regional, coincidieron el presidente de la Junta de Gobierno y Coordinaci\u00f3n Pol\u00edtica, Pavel Gaspar Ram\u00edrez y el diputado Jos\u00e9 Luis Figueroa Cort\u00e9s.&nbsp; Durante la [&hellip;]<\/p>\n","protected":false},"author":1,"featured_media":130626,"comment_status":"closed","ping_status":"open","sticky":false,"template":"","format":"standard","meta":{"footnotes":""},"categories":[20],"tags":[],"class_list":["post-130629","post","type-post","status-publish","format-standard","has-post-thumbnail","hentry","category-norte-de-puebla"],"blog_post_layout_featured_media_urls":{"thumbnail":["https:\/\/diariolanoticia.com.mx\/wp-content\/uploads\/2025\/11\/e9e27d07-0e64-4546-aa42-644c608c4d63-216x160.jpg",216,160,true],"full":["https:\/\/diariolanoticia.com.mx\/wp-content\/uploads\/2025\/11\/e9e27d07-0e64-4546-aa42-644c608c4d63.jpg",1500,1000,false]},"categories_names":{"20":{"name":"Norte de Puebla","link":"https:\/\/diariolanoticia.com.mx\/?cat=20"}},"tags_names":[],"comments_number":"0","wpmagazine_modules_lite_featured_media_urls":{"thumbnail":["https:\/\/diariolanoticia.com.mx\/wp-content\/uploads\/2025\/11\/e9e27d07-0e64-4546-aa42-644c608c4d63-216x160.jpg",216,160,true],"cvmm-medium":["https:\/\/diariolanoticia.com.mx\/wp-content\/uploads\/2025\/11\/e9e27d07-0e64-4546-aa42-644c608c4d63-300x300.jpg",300,300,true],"cvmm-medium-plus":["https:\/\/diariolanoticia.com.mx\/wp-content\/uploads\/2025\/11\/e9e27d07-0e64-4546-aa42-644c608c4d63-305x207.jpg",305,207,true],"cvmm-portrait":["https:\/\/diariolanoticia.com.mx\/wp-content\/uploads\/2025\/11\/e9e27d07-0e64-4546-aa42-644c608c4d63-400x600.jpg",400,600,true],"cvmm-medium-square":["https:\/\/diariolanoticia.com.mx\/wp-content\/uploads\/2025\/11\/e9e27d07-0e64-4546-aa42-644c608c4d63-600x600.jpg",600,600,true],"cvmm-large":["https:\/\/diariolanoticia.com.mx\/wp-content\/uploads\/2025\/11\/e9e27d07-0e64-4546-aa42-644c608c4d63-1024x1000.jpg",1024,1000,true],"cvmm-small":["https:\/\/diariolanoticia.com.mx\/wp-content\/uploads\/2025\/11\/e9e27d07-0e64-4546-aa42-644c608c4d63-130x95.jpg",130,95,true],"full":["https:\/\/diariolanoticia.com.mx\/wp-content\/uploads\/2025\/11\/e9e27d07-0e64-4546-aa42-644c608c4d63.jpg",1500,1000,false]},"_links":{"self":[{"href":"https:\/\/diariolanoticia.com.mx\/index.php?rest_route=\/wp\/v2\/posts\/130629","targetHints":{"allow":["GET"]}}],"collection":[{"href":"https:\/\/diariolanoticia.com.mx\/index.php?rest_route=\/wp\/v2\/posts"}],"about":[{"href":"https:\/\/diariolanoticia.com.mx\/index.php?rest_route=\/wp\/v2\/types\/post"}],"author":[{"embeddable":true,"href":"https:\/\/diariolanoticia.com.mx\/index.php?rest_route=\/wp\/v2\/users\/1"}],"replies":[{"embeddable":true,"href":"https:\/\/diariolanoticia.com.mx\/index.php?rest_route=%2Fwp%2Fv2%2Fcomments&post=130629"}],"version-history":[{"count":1,"href":"https:\/\/diariolanoticia.com.mx\/index.php?rest_route=\/wp\/v2\/posts\/130629\/revisions"}],"predecessor-version":[{"id":130630,"href":"https:\/\/diariolanoticia.com.mx\/index.php?rest_route=\/wp\/v2\/posts\/130629\/revisions\/130630"}],"wp:featuredmedia":[{"embeddable":true,"href":"https:\/\/diariolanoticia.com.mx\/index.php?rest_route=\/wp\/v2\/media\/130626"}],"wp:attachment":[{"href":"https:\/\/diariolanoticia.com.mx\/index.php?rest_route=%2Fwp%2Fv2%2Fmedia&parent=130629"}],"wp:term":[{"taxonomy":"category","embeddable":true,"href":"https:\/\/diariolanoticia.com.mx\/index.php?rest_route=%2Fwp%2Fv2%2Fcategories&post=130629"},{"taxonomy":"post_tag","embeddable":true,"href":"https:\/\/diariolanoticia.com.mx\/index.php?rest_route=%2Fwp%2Fv2%2Ftags&post=130629"}],"curies":[{"name":"wp","href":"https:\/\/api.w.org\/{rel}","templated":true}]}}