{"id":130670,"date":"2025-10-30T19:44:57","date_gmt":"2025-10-31T01:44:57","guid":{"rendered":"https:\/\/diariolanoticia.com.mx\/?p=130670"},"modified":"2025-11-10T19:45:23","modified_gmt":"2025-11-11T01:45:23","slug":"define-congreso-del-estado-reglas-para-elegir-a-titulares-de-los-organos-internos-de-control-del-tet-e-ite","status":"publish","type":"post","link":"https:\/\/diariolanoticia.com.mx\/?p=130670","title":{"rendered":"Define Congreso del Estado reglas para elegir a titulares de los \u00f3rganos internos de control del TET e ITE"},"content":{"rendered":"\n<p>El Congreso del Estado de Tlaxcala aval\u00f3 hoy, dos Iniciativas con Car\u00e1cter de Dictamen con Proyecto de Acuerdo propuestos por las y los integrantes de la Comisi\u00f3n de Puntos Constitucionales, Gobernaci\u00f3n y Justicia y Asuntos Pol\u00edticos, que contienen las convocatorias que establecen el procedimiento de elecci\u00f3n y designaci\u00f3n de las personas titulares de los \u00d3rganos Internos de Control (OIC) del Tribunal Electoral del Estado (TET), y del Instituto Tlaxcalteca de Elecciones (ITE) respectivamente. Ambos Acuerdos responden a la facultad que tiene el Congreso del Estado para designar a los titulares de los \u00f3rganos internos de control de los \u00d3rganos Aut\u00f3nomos reconocidos en la Constituci\u00f3n Pol\u00edtica del Estado, los acuerdos aprobados son clave para garantizar la transparencia y el buen funcionamiento de los \u00f3rganos aut\u00f3nomos encargados de la organizaci\u00f3n y vigilancia de los procesos electorales en la entidad.<\/p>\n\n\n\n<p>Estas decisiones responden a la conclusi\u00f3n del periodo de las personas que fueron designadas para ocupar los cargos de dichos \u00f3rganos.<\/p>\n\n\n\n<p>El primer acuerdo establece un procedimiento estructurado para la selecci\u00f3n de la persona que encabezar\u00e1 el OIC del Tribunal Electoral del Estado de Tlaxcala. Dado que este \u00f3rgano es responsable de fiscalizar los ingresos, egresos y bienes del Tribunal, su titular debe reunir los requisitos establecidos en la Legislaci\u00f3n que aseguren su idoneidad. El proceso se llevar\u00e1 a cabo por las Comisi\u00f3n de Puntos Constitucionales, Gobernaci\u00f3n y Justicia y Asuntos Pol\u00edticos, la cual estar\u00e1 facultada para la revisi\u00f3n de los perfiles y de la documentaci\u00f3n que acredite su elegibilidad.<\/p>\n\n\n\n<p>El segundo acuerdo, refiere un proceso para elegir a la persona titular del OIC del Instituto Tlaxcalteca de Elecciones, cuyo per\u00edodo de designaci\u00f3n comprender\u00e1 el 1\u00b0 de diciembre de 2025 al 30 de noviembre de 2029. Esta convocatoria est\u00e1 dirigida a cualquier ciudadana o ciudadano tlaxcalteca que cumpla con los requisitos legales. El proceso para designar a la persona titular OIC del ITE incluye etapas m\u00e1s amplias y participativas:<\/p>\n\n\n\n<p>Ambos acuerdos entrar\u00e1n en vigor de inmediato y ser\u00e1n publicados en el Peri\u00f3dico Oficial del Estado y en la p\u00e1gina web del Congreso. Con estas acciones, el legislativo tlaxcalteca refuerza su papel como garant\u00eda de instituciones electorales s\u00f3lidas, aut\u00f3nomas y confiables.<\/p>\n","protected":false},"excerpt":{"rendered":"<p>El Congreso del Estado de Tlaxcala aval\u00f3 hoy, dos Iniciativas con Car\u00e1cter de Dictamen con Proyecto de Acuerdo propuestos por las y los integrantes de la Comisi\u00f3n de Puntos Constitucionales, Gobernaci\u00f3n y Justicia y Asuntos Pol\u00edticos, que contienen las convocatorias que establecen el procedimiento de elecci\u00f3n y designaci\u00f3n de las personas titulares de los \u00d3rganos [&hellip;]<\/p>\n","protected":false},"author":1,"featured_media":130671,"comment_status":"open","ping_status":"open","sticky":false,"template":"","format":"standard","meta":{"footnotes":""},"categories":[22],"tags":[],"class_list":["post-130670","post","type-post","status-publish","format-standard","has-post-thumbnail","hentry","category-congreso"],"blog_post_layout_featured_media_urls":{"thumbnail":["https:\/\/diariolanoticia.com.mx\/wp-content\/uploads\/2025\/11\/7e03d4a2-35f5-4e28-afe6-d727370b685e-216x160.jpg",216,160,true],"full":["https:\/\/diariolanoticia.com.mx\/wp-content\/uploads\/2025\/11\/7e03d4a2-35f5-4e28-afe6-d727370b685e.jpg",1616,1080,false]},"categories_names":{"22":{"name":"Congreso","link":"https:\/\/diariolanoticia.com.mx\/?cat=22"}},"tags_names":[],"comments_number":"0","wpmagazine_modules_lite_featured_media_urls":{"thumbnail":["https:\/\/diariolanoticia.com.mx\/wp-content\/uploads\/2025\/11\/7e03d4a2-35f5-4e28-afe6-d727370b685e-216x160.jpg",216,160,true],"cvmm-medium":["https:\/\/diariolanoticia.com.mx\/wp-content\/uploads\/2025\/11\/7e03d4a2-35f5-4e28-afe6-d727370b685e-300x300.jpg",300,300,true],"cvmm-medium-plus":["https:\/\/diariolanoticia.com.mx\/wp-content\/uploads\/2025\/11\/7e03d4a2-35f5-4e28-afe6-d727370b685e-305x207.jpg",305,207,true],"cvmm-portrait":["https:\/\/diariolanoticia.com.mx\/wp-content\/uploads\/2025\/11\/7e03d4a2-35f5-4e28-afe6-d727370b685e-400x600.jpg",400,600,true],"cvmm-medium-square":["https:\/\/diariolanoticia.com.mx\/wp-content\/uploads\/2025\/11\/7e03d4a2-35f5-4e28-afe6-d727370b685e-600x600.jpg",600,600,true],"cvmm-large":["https:\/\/diariolanoticia.com.mx\/wp-content\/uploads\/2025\/11\/7e03d4a2-35f5-4e28-afe6-d727370b685e-1024x1024.jpg",1024,1024,true],"cvmm-small":["https:\/\/diariolanoticia.com.mx\/wp-content\/uploads\/2025\/11\/7e03d4a2-35f5-4e28-afe6-d727370b685e-130x95.jpg",130,95,true],"full":["https:\/\/diariolanoticia.com.mx\/wp-content\/uploads\/2025\/11\/7e03d4a2-35f5-4e28-afe6-d727370b685e.jpg",1616,1080,false]},"_links":{"self":[{"href":"https:\/\/diariolanoticia.com.mx\/index.php?rest_route=\/wp\/v2\/posts\/130670","targetHints":{"allow":["GET"]}}],"collection":[{"href":"https:\/\/diariolanoticia.com.mx\/index.php?rest_route=\/wp\/v2\/posts"}],"about":[{"href":"https:\/\/diariolanoticia.com.mx\/index.php?rest_route=\/wp\/v2\/types\/post"}],"author":[{"embeddable":true,"href":"https:\/\/diariolanoticia.com.mx\/index.php?rest_route=\/wp\/v2\/users\/1"}],"replies":[{"embeddable":true,"href":"https:\/\/diariolanoticia.com.mx\/index.php?rest_route=%2Fwp%2Fv2%2Fcomments&post=130670"}],"version-history":[{"count":1,"href":"https:\/\/diariolanoticia.com.mx\/index.php?rest_route=\/wp\/v2\/posts\/130670\/revisions"}],"predecessor-version":[{"id":130672,"href":"https:\/\/diariolanoticia.com.mx\/index.php?rest_route=\/wp\/v2\/posts\/130670\/revisions\/130672"}],"wp:featuredmedia":[{"embeddable":true,"href":"https:\/\/diariolanoticia.com.mx\/index.php?rest_route=\/wp\/v2\/media\/130671"}],"wp:attachment":[{"href":"https:\/\/diariolanoticia.com.mx\/index.php?rest_route=%2Fwp%2Fv2%2Fmedia&parent=130670"}],"wp:term":[{"taxonomy":"category","embeddable":true,"href":"https:\/\/diariolanoticia.com.mx\/index.php?rest_route=%2Fwp%2Fv2%2Fcategories&post=130670"},{"taxonomy":"post_tag","embeddable":true,"href":"https:\/\/diariolanoticia.com.mx\/index.php?rest_route=%2Fwp%2Fv2%2Ftags&post=130670"}],"curies":[{"name":"wp","href":"https:\/\/api.w.org\/{rel}","templated":true}]}}