{"id":130811,"date":"2025-11-15T16:03:44","date_gmt":"2025-11-15T22:03:44","guid":{"rendered":"https:\/\/diariolanoticia.com.mx\/?p=130811"},"modified":"2025-11-15T16:03:44","modified_gmt":"2025-11-15T22:03:44","slug":"avanza-carretera-interserrana-obra-estrategica-que-conectara-la-sierra-norte","status":"publish","type":"post","link":"https:\/\/diariolanoticia.com.mx\/?p=130811","title":{"rendered":"Avanza Carretera Interserrana, obra estrat\u00e9gica que conectar\u00e1 la Sierra Norte"},"content":{"rendered":"\n<figure class=\"wp-block-gallery has-nested-images columns-default is-cropped wp-block-gallery-1 is-layout-flex wp-block-gallery-is-layout-flex\">\n<figure class=\"wp-block-image\"><img loading=\"lazy\" decoding=\"async\" width=\"1024\" height=\"733\" data-id=\"130810\" src=\"https:\/\/diariolanoticia.com.mx\/wp-content\/uploads\/2025\/11\/e77e90bb-b797-4ac4-8ddc-8b8901ec4cfb-1024x733.jpg\" alt=\"\" class=\"wp-image-130810\" srcset=\"https:\/\/diariolanoticia.com.mx\/wp-content\/uploads\/2025\/11\/e77e90bb-b797-4ac4-8ddc-8b8901ec4cfb-1024x733.jpg 1024w, https:\/\/diariolanoticia.com.mx\/wp-content\/uploads\/2025\/11\/e77e90bb-b797-4ac4-8ddc-8b8901ec4cfb-300x215.jpg 300w, https:\/\/diariolanoticia.com.mx\/wp-content\/uploads\/2025\/11\/e77e90bb-b797-4ac4-8ddc-8b8901ec4cfb-768x549.jpg 768w, https:\/\/diariolanoticia.com.mx\/wp-content\/uploads\/2025\/11\/e77e90bb-b797-4ac4-8ddc-8b8901ec4cfb.jpg 1500w\" sizes=\"auto, (max-width: 1024px) 100vw, 1024px\" \/><\/figure>\n\n\n\n<figure class=\"wp-block-image\"><img loading=\"lazy\" decoding=\"async\" width=\"1024\" height=\"594\" data-id=\"130809\" src=\"https:\/\/diariolanoticia.com.mx\/wp-content\/uploads\/2025\/11\/9808a39f-8c89-467f-add3-915625d1d552-1024x594.jpg\" alt=\"\" class=\"wp-image-130809\" srcset=\"https:\/\/diariolanoticia.com.mx\/wp-content\/uploads\/2025\/11\/9808a39f-8c89-467f-add3-915625d1d552-1024x594.jpg 1024w, https:\/\/diariolanoticia.com.mx\/wp-content\/uploads\/2025\/11\/9808a39f-8c89-467f-add3-915625d1d552-300x174.jpg 300w, https:\/\/diariolanoticia.com.mx\/wp-content\/uploads\/2025\/11\/9808a39f-8c89-467f-add3-915625d1d552-768x445.jpg 768w, https:\/\/diariolanoticia.com.mx\/wp-content\/uploads\/2025\/11\/9808a39f-8c89-467f-add3-915625d1d552.jpg 1500w\" sizes=\"auto, (max-width: 1024px) 100vw, 1024px\" \/><\/figure>\n<\/figure>\n\n\n\n<p>-El gobernador de Puebla, Alejandro Armenta, realiz\u00f3 un sobrevuelo en la zona donde est\u00e1 en proceso la infraestructura vial para comunicar comunidades serranas.<\/p>\n\n\n\n<p>TETELA DE OCAMPO, Pue.- Con el objetivo de mejorar la conectividad entre municipios de la Sierra Norte y Nororiental, a fin de detonar el desarrollo regional, el gobernador de Puebla, Alejandro Armenta supervis\u00f3 los avances en la construcci\u00f3n de la Carretera Interserrana, una v\u00eda estrat\u00e9gica que transformar\u00e1 la movilidad en esta regi\u00f3n del estado.<\/p>\n\n\n\n<p>Durante su recorrido por la zona, el mandatario destac\u00f3 que se trata de una obra con profundo sentido social y comunitario. \u201cEs una gran carretera que hace justicia a las familias de la Sierra Norte de Puebla. Queremos comunicar Teziutl\u00e1n, Zacapoaxtla, Cuetzalan y Tenampulco con Ahuacatl\u00e1n, Zacatl\u00e1n y Huauchinango\u201d, afirm\u00f3 el gobernador, al tiempo de se\u00f1alar que en el punto donde realizaron el recorrido tiene una longitud de 15.3 kil\u00f3metros ya rehabilitados.\u00bbSolo es la primera fase, vamos a conectar dos polos de desarrollo con 100 km de carreteras\u00bb, afirm\u00f3.<\/p>\n\n\n\n<p>Acompa\u00f1ado por el secretario de Infraestructura, Jos\u00e9 Manuel Contreras de los Santos y el presidente municipal de Tetela de Ocampo, Oscar M\u00e9ndez D\u00edaz, el Ejecutivo estatal relat\u00f3 que dicha carretera estuvo abandonada durante muchos a\u00f1os. Detall\u00f3 que el 90 por ciento de los habitantes de la zona son de comunidades ind\u00edgenas. Mencion\u00f3 que ahora desde Chignahuapan y Zacatl\u00e1n, hasta Cuetzalan y Zacapoaxtla, los habitantes tendr\u00e1n traslados de una hora, cuando anteriormente el trayecto era de tres horas.<\/p>\n\n\n\n<p>Durante el recorrido, el secretario de Infraestructura, Jos\u00e9 Manuel Contreras de los Santos, indic\u00f3 que el punto de supervisi\u00f3n comprende dos tramos que en total son 50 kil\u00f3metros y enfatiz\u00f3 que los trabajos se ejecutan sin noches y con calidad.<\/p>\n\n\n\n<p>El presidente municipal de Tetela de Ocampo reconoci\u00f3 el trabajo del gobernador Alejandro Armenta, por mejorar la calidad de vida de las familias serranas. \u00abSe nos hizo justicia como serranos. Nos cambia la vida, esta carretera conecta a la Sierra Nororiental\u00bb, afirm\u00f3 el edil.<\/p>\n\n\n\n<p>La Carretera Interserrana forma parte de los proyectos prioritarios de infraestructura que impulsa el gobierno estatal para fortalecer el desarrollo integral y sostenible en las regiones hist\u00f3ricamente rezagadas. Con estas acciones, el Gobierno del Estado refrenda su compromiso con las y los poblanos con obras que mejoran la calidad de vida y promueven un desarrollo con equidad y bienestar.<\/p>\n","protected":false},"excerpt":{"rendered":"<p>-El gobernador de Puebla, Alejandro Armenta, realiz\u00f3 un sobrevuelo en la zona donde est\u00e1 en proceso la infraestructura vial para comunicar comunidades serranas. TETELA DE OCAMPO, Pue.- Con el objetivo de mejorar la conectividad entre municipios de la Sierra Norte y Nororiental, a fin de detonar el desarrollo regional, el gobernador de Puebla, Alejandro Armenta [&hellip;]<\/p>\n","protected":false},"author":1,"featured_media":130808,"comment_status":"closed","ping_status":"open","sticky":false,"template":"","format":"standard","meta":{"footnotes":""},"categories":[20],"tags":[],"class_list":["post-130811","post","type-post","status-publish","format-standard","has-post-thumbnail","hentry","category-norte-de-puebla"],"blog_post_layout_featured_media_urls":{"thumbnail":["https:\/\/diariolanoticia.com.mx\/wp-content\/uploads\/2025\/11\/e3dd3ae0-f166-4c32-93dd-aef62ca8d50f-216x160.jpg",216,160,true],"full":["https:\/\/diariolanoticia.com.mx\/wp-content\/uploads\/2025\/11\/e3dd3ae0-f166-4c32-93dd-aef62ca8d50f.jpg",1500,981,false]},"categories_names":{"20":{"name":"Norte de Puebla","link":"https:\/\/diariolanoticia.com.mx\/?cat=20"}},"tags_names":[],"comments_number":"0","wpmagazine_modules_lite_featured_media_urls":{"thumbnail":["https:\/\/diariolanoticia.com.mx\/wp-content\/uploads\/2025\/11\/e3dd3ae0-f166-4c32-93dd-aef62ca8d50f-216x160.jpg",216,160,true],"cvmm-medium":["https:\/\/diariolanoticia.com.mx\/wp-content\/uploads\/2025\/11\/e3dd3ae0-f166-4c32-93dd-aef62ca8d50f-300x300.jpg",300,300,true],"cvmm-medium-plus":["https:\/\/diariolanoticia.com.mx\/wp-content\/uploads\/2025\/11\/e3dd3ae0-f166-4c32-93dd-aef62ca8d50f-305x207.jpg",305,207,true],"cvmm-portrait":["https:\/\/diariolanoticia.com.mx\/wp-content\/uploads\/2025\/11\/e3dd3ae0-f166-4c32-93dd-aef62ca8d50f-400x600.jpg",400,600,true],"cvmm-medium-square":["https:\/\/diariolanoticia.com.mx\/wp-content\/uploads\/2025\/11\/e3dd3ae0-f166-4c32-93dd-aef62ca8d50f-600x600.jpg",600,600,true],"cvmm-large":["https:\/\/diariolanoticia.com.mx\/wp-content\/uploads\/2025\/11\/e3dd3ae0-f166-4c32-93dd-aef62ca8d50f-1024x981.jpg",1024,981,true],"cvmm-small":["https:\/\/diariolanoticia.com.mx\/wp-content\/uploads\/2025\/11\/e3dd3ae0-f166-4c32-93dd-aef62ca8d50f-130x95.jpg",130,95,true],"full":["https:\/\/diariolanoticia.com.mx\/wp-content\/uploads\/2025\/11\/e3dd3ae0-f166-4c32-93dd-aef62ca8d50f.jpg",1500,981,false]},"_links":{"self":[{"href":"https:\/\/diariolanoticia.com.mx\/index.php?rest_route=\/wp\/v2\/posts\/130811","targetHints":{"allow":["GET"]}}],"collection":[{"href":"https:\/\/diariolanoticia.com.mx\/index.php?rest_route=\/wp\/v2\/posts"}],"about":[{"href":"https:\/\/diariolanoticia.com.mx\/index.php?rest_route=\/wp\/v2\/types\/post"}],"author":[{"embeddable":true,"href":"https:\/\/diariolanoticia.com.mx\/index.php?rest_route=\/wp\/v2\/users\/1"}],"replies":[{"embeddable":true,"href":"https:\/\/diariolanoticia.com.mx\/index.php?rest_route=%2Fwp%2Fv2%2Fcomments&post=130811"}],"version-history":[{"count":1,"href":"https:\/\/diariolanoticia.com.mx\/index.php?rest_route=\/wp\/v2\/posts\/130811\/revisions"}],"predecessor-version":[{"id":130812,"href":"https:\/\/diariolanoticia.com.mx\/index.php?rest_route=\/wp\/v2\/posts\/130811\/revisions\/130812"}],"wp:featuredmedia":[{"embeddable":true,"href":"https:\/\/diariolanoticia.com.mx\/index.php?rest_route=\/wp\/v2\/media\/130808"}],"wp:attachment":[{"href":"https:\/\/diariolanoticia.com.mx\/index.php?rest_route=%2Fwp%2Fv2%2Fmedia&parent=130811"}],"wp:term":[{"taxonomy":"category","embeddable":true,"href":"https:\/\/diariolanoticia.com.mx\/index.php?rest_route=%2Fwp%2Fv2%2Fcategories&post=130811"},{"taxonomy":"post_tag","embeddable":true,"href":"https:\/\/diariolanoticia.com.mx\/index.php?rest_route=%2Fwp%2Fv2%2Ftags&post=130811"}],"curies":[{"name":"wp","href":"https:\/\/api.w.org\/{rel}","templated":true}]}}