{"id":130866,"date":"2025-11-19T12:32:31","date_gmt":"2025-11-19T18:32:31","guid":{"rendered":"https:\/\/diariolanoticia.com.mx\/?p=130866"},"modified":"2025-11-19T12:32:31","modified_gmt":"2025-11-19T18:32:31","slug":"gobierno-de-puebla-entrega-premio-carmen-serdan-2025-a-mujeres-transformadoras","status":"publish","type":"post","link":"https:\/\/diariolanoticia.com.mx\/?p=130866","title":{"rendered":"Gobierno de Puebla entrega Premio Carmen Serd\u00e1n 2025 a mujeres transformadoras"},"content":{"rendered":"\n<figure class=\"wp-block-gallery has-nested-images columns-default is-cropped wp-block-gallery-1 is-layout-flex wp-block-gallery-is-layout-flex\">\n<figure class=\"wp-block-image\"><img loading=\"lazy\" decoding=\"async\" width=\"1024\" height=\"682\" data-id=\"130864\" src=\"https:\/\/diariolanoticia.com.mx\/wp-content\/uploads\/2025\/11\/83cf0936-5681-424a-aa37-55dc6fc49c25-1024x682.jpg\" alt=\"\" class=\"wp-image-130864\" srcset=\"https:\/\/diariolanoticia.com.mx\/wp-content\/uploads\/2025\/11\/83cf0936-5681-424a-aa37-55dc6fc49c25-1024x682.jpg 1024w, https:\/\/diariolanoticia.com.mx\/wp-content\/uploads\/2025\/11\/83cf0936-5681-424a-aa37-55dc6fc49c25-300x200.jpg 300w, https:\/\/diariolanoticia.com.mx\/wp-content\/uploads\/2025\/11\/83cf0936-5681-424a-aa37-55dc6fc49c25-768x512.jpg 768w, https:\/\/diariolanoticia.com.mx\/wp-content\/uploads\/2025\/11\/83cf0936-5681-424a-aa37-55dc6fc49c25.jpg 1280w\" sizes=\"auto, (max-width: 1024px) 100vw, 1024px\" \/><\/figure>\n\n\n\n<figure class=\"wp-block-image\"><img loading=\"lazy\" decoding=\"async\" width=\"1024\" height=\"683\" data-id=\"130865\" src=\"https:\/\/diariolanoticia.com.mx\/wp-content\/uploads\/2025\/11\/66fbf7e7-1a97-4099-b97a-4e8cdb00b2c2-1024x683.jpg\" alt=\"\" class=\"wp-image-130865\" srcset=\"https:\/\/diariolanoticia.com.mx\/wp-content\/uploads\/2025\/11\/66fbf7e7-1a97-4099-b97a-4e8cdb00b2c2-1024x683.jpg 1024w, https:\/\/diariolanoticia.com.mx\/wp-content\/uploads\/2025\/11\/66fbf7e7-1a97-4099-b97a-4e8cdb00b2c2-300x200.jpg 300w, https:\/\/diariolanoticia.com.mx\/wp-content\/uploads\/2025\/11\/66fbf7e7-1a97-4099-b97a-4e8cdb00b2c2-768x512.jpg 768w, https:\/\/diariolanoticia.com.mx\/wp-content\/uploads\/2025\/11\/66fbf7e7-1a97-4099-b97a-4e8cdb00b2c2.jpg 1500w\" sizes=\"auto, (max-width: 1024px) 100vw, 1024px\" \/><\/figure>\n<\/figure>\n\n\n\n<p>-Durante la ceremonia tambi\u00e9n se rindi\u00f3 un merecido homenaje a migrantes poblanas, por su aportaci\u00f3n a la preservaci\u00f3n de la identidad mexicana en el extranjero.<\/p>\n\n\n\n<p>CIUDAD DE PUEBLA, Pue.- En cumplimiento a la encomienda de la presidenta de M\u00e9xico, Claudia Sheinbaum Pardo, de reconocer y visibilizar el aporte de las mujeres en todos los \u00e1mbitos de la sociedad, el Gobierno del Estado de Puebla, a trav\u00e9s de la Secretar\u00eda de las Mujeres, llev\u00f3 a cabo la ceremonia de entrega del Premio Carmen Serd\u00e1n \u201cMujeres que Transforman\u201d 2025.<\/p>\n\n\n\n<p>En representaci\u00f3n del gobernador Alejandro Armenta, asisti\u00f3 la secretaria de Bienestar, Laura Artemisa Garc\u00eda Ch\u00e1vez, quien resalt\u00f3 la importancia de reconocer a las mujeres que, con su labor diaria, contribuyen al desarrollo de sus comunidades. Record\u00f3 que en M\u00e9xico es tiempo de mujeres, ya que por primera vez el pa\u00eds es liderado por una de ellas, la presidenta Claudia Sheinbaum Pardo.<\/p>\n\n\n\n<p>Por su parte, la secretaria de las Mujeres, Yadira Lira Navarro, destac\u00f3 que las mujeres mexicanas son hero\u00ednas an\u00f3nimas, las que no aparecen en los libros de historia, pero que con su esfuerzo sostuvieron familias, comunidades y esperanzas, \u201cson las mismas que hoy se transforman en mujeres visibles de un nuevo tiempo, en las que levantan la voz, conquistan espacios y abren caminos de igualdad y dignidad\u201d.<\/p>\n\n\n\n<p>El premio reconoci\u00f3 a mujeres destacadas en las siguientes categor\u00edas: Mujer Tejedora, Mujer del Futuro, Mujer que Transforma, Mujer Resiliente, Mujer Inspira, Mujeres Forjadoras y Ni\u00f1a Construyendo el Futuro. Las galardonadas fueron: Miriam Martha Ram\u00edrez de los Santos, Sagrario Linares Melo, Antonia Aguilar Torres, Luz del Carmen Zenteno G\u00f3mez, Irma X\u00f3chitl Cuauht\u00e9moc Xicot\u00e9ncatl, Leslie Melissa Soto Flores e Isabela Tecuanhuey Coatl.<\/p>\n\n\n\n<p>Durante la ceremonia tambi\u00e9n se rindi\u00f3 un merecido homenaje a las mujeres migrantes poblanas, as\u00ed como a Patricia Hern\u00e1ndez, fundadora del desfile conmemorativo de la Independencia de M\u00e9xico en Nueva York, por su trayectoria y aportaci\u00f3n a la preservaci\u00f3n de la identidad mexicana en el extranjero.<\/p>\n\n\n\n<p>Durante la entrega de los premios Carmen Serd\u00e1n, un homenaje a mujeres que transforman con amor y valent\u00eda por M\u00e9xico, resonaron testimonios inspiradores. En la categor\u00eda Mujer del Futuro, la joven investigadora Sagrario Linares Melo comparti\u00f3 su trayectoria dedicada a la medicina aeroespacial, la epigen\u00e9tica y el c\u00e1ncer. A punto de concluir su licenciatura en Medicina en la BUAP, relat\u00f3 c\u00f3mo ha enfocado su formaci\u00f3n en proyectos relacionados con la salud de astronautas y su labor como astronauta an\u00e1loga. Agradeci\u00f3 el apoyo que ha recibido y afirm\u00f3 que este premio tambi\u00e9n pertenece a su familia, a quienes dedica cada logro. Subray\u00f3 que este reconocimiento impulsa su trabajo en un campo donde los recursos siguen siendo limitados para muchas investigadoras.<\/p>\n\n\n\n<p>Por su parte, Patricia Hern\u00e1ndez, reconocida en la categor\u00eda Mujer Migrante por su labor como organizadora del Desfile del 15 de septiembre en Nueva York, en Estados Unidos, expres\u00f3 su gratitud a nombre de todos quienes hacen posible este desfile cultural. Destac\u00f3 la alegr\u00eda y el orgullo con que danzas, mariachis y comunidades exhiben su identidad en tierra ajena, manteniendo viva su cultura. Patricia celebr\u00f3 que este reconocimiento fortalezca el \u00e1nimo de la comunidad migrante y renueve su motivaci\u00f3n para seguir con el impulso a este emblem\u00e1tico desfile, especialmente en un momento en que sentirse respaldados por las autoridades los anima a continuar adelante.<\/p>\n","protected":false},"excerpt":{"rendered":"<p>-Durante la ceremonia tambi\u00e9n se rindi\u00f3 un merecido homenaje a migrantes poblanas, por su aportaci\u00f3n a la preservaci\u00f3n de la identidad mexicana en el extranjero. CIUDAD DE PUEBLA, Pue.- En cumplimiento a la encomienda de la presidenta de M\u00e9xico, Claudia Sheinbaum Pardo, de reconocer y visibilizar el aporte de las mujeres en todos los \u00e1mbitos [&hellip;]<\/p>\n","protected":false},"author":1,"featured_media":130863,"comment_status":"closed","ping_status":"open","sticky":false,"template":"","format":"standard","meta":{"footnotes":""},"categories":[20],"tags":[],"class_list":["post-130866","post","type-post","status-publish","format-standard","has-post-thumbnail","hentry","category-norte-de-puebla"],"blog_post_layout_featured_media_urls":{"thumbnail":["https:\/\/diariolanoticia.com.mx\/wp-content\/uploads\/2025\/11\/c22c3818-908e-4ad5-808f-54021d59af39-216x160.jpg",216,160,true],"full":["https:\/\/diariolanoticia.com.mx\/wp-content\/uploads\/2025\/11\/c22c3818-908e-4ad5-808f-54021d59af39.jpg",1280,853,false]},"categories_names":{"20":{"name":"Norte de Puebla","link":"https:\/\/diariolanoticia.com.mx\/?cat=20"}},"tags_names":[],"comments_number":"0","wpmagazine_modules_lite_featured_media_urls":{"thumbnail":["https:\/\/diariolanoticia.com.mx\/wp-content\/uploads\/2025\/11\/c22c3818-908e-4ad5-808f-54021d59af39-216x160.jpg",216,160,true],"cvmm-medium":["https:\/\/diariolanoticia.com.mx\/wp-content\/uploads\/2025\/11\/c22c3818-908e-4ad5-808f-54021d59af39-300x300.jpg",300,300,true],"cvmm-medium-plus":["https:\/\/diariolanoticia.com.mx\/wp-content\/uploads\/2025\/11\/c22c3818-908e-4ad5-808f-54021d59af39-305x207.jpg",305,207,true],"cvmm-portrait":["https:\/\/diariolanoticia.com.mx\/wp-content\/uploads\/2025\/11\/c22c3818-908e-4ad5-808f-54021d59af39-400x600.jpg",400,600,true],"cvmm-medium-square":["https:\/\/diariolanoticia.com.mx\/wp-content\/uploads\/2025\/11\/c22c3818-908e-4ad5-808f-54021d59af39-600x600.jpg",600,600,true],"cvmm-large":["https:\/\/diariolanoticia.com.mx\/wp-content\/uploads\/2025\/11\/c22c3818-908e-4ad5-808f-54021d59af39-1024x853.jpg",1024,853,true],"cvmm-small":["https:\/\/diariolanoticia.com.mx\/wp-content\/uploads\/2025\/11\/c22c3818-908e-4ad5-808f-54021d59af39-130x95.jpg",130,95,true],"full":["https:\/\/diariolanoticia.com.mx\/wp-content\/uploads\/2025\/11\/c22c3818-908e-4ad5-808f-54021d59af39.jpg",1280,853,false]},"_links":{"self":[{"href":"https:\/\/diariolanoticia.com.mx\/index.php?rest_route=\/wp\/v2\/posts\/130866","targetHints":{"allow":["GET"]}}],"collection":[{"href":"https:\/\/diariolanoticia.com.mx\/index.php?rest_route=\/wp\/v2\/posts"}],"about":[{"href":"https:\/\/diariolanoticia.com.mx\/index.php?rest_route=\/wp\/v2\/types\/post"}],"author":[{"embeddable":true,"href":"https:\/\/diariolanoticia.com.mx\/index.php?rest_route=\/wp\/v2\/users\/1"}],"replies":[{"embeddable":true,"href":"https:\/\/diariolanoticia.com.mx\/index.php?rest_route=%2Fwp%2Fv2%2Fcomments&post=130866"}],"version-history":[{"count":1,"href":"https:\/\/diariolanoticia.com.mx\/index.php?rest_route=\/wp\/v2\/posts\/130866\/revisions"}],"predecessor-version":[{"id":130867,"href":"https:\/\/diariolanoticia.com.mx\/index.php?rest_route=\/wp\/v2\/posts\/130866\/revisions\/130867"}],"wp:featuredmedia":[{"embeddable":true,"href":"https:\/\/diariolanoticia.com.mx\/index.php?rest_route=\/wp\/v2\/media\/130863"}],"wp:attachment":[{"href":"https:\/\/diariolanoticia.com.mx\/index.php?rest_route=%2Fwp%2Fv2%2Fmedia&parent=130866"}],"wp:term":[{"taxonomy":"category","embeddable":true,"href":"https:\/\/diariolanoticia.com.mx\/index.php?rest_route=%2Fwp%2Fv2%2Fcategories&post=130866"},{"taxonomy":"post_tag","embeddable":true,"href":"https:\/\/diariolanoticia.com.mx\/index.php?rest_route=%2Fwp%2Fv2%2Ftags&post=130866"}],"curies":[{"name":"wp","href":"https:\/\/api.w.org\/{rel}","templated":true}]}}