{"id":130934,"date":"2025-11-20T19:43:32","date_gmt":"2025-11-21T01:43:32","guid":{"rendered":"https:\/\/diariolanoticia.com.mx\/?p=130934"},"modified":"2025-11-20T19:43:36","modified_gmt":"2025-11-21T01:43:36","slug":"propone-madai-perez-modernizar-la-ley-de-cultura-fisica-y-deporte-para-mejorar-la-planeacion-y-operacion-del-deporte-en-tlaxcala","status":"publish","type":"post","link":"https:\/\/diariolanoticia.com.mx\/?p=130934","title":{"rendered":"Propone Madai P\u00e9rez modernizar la Ley de Cultura F\u00edsica y Deporte para mejorar la planeaci\u00f3n y operaci\u00f3n del deporte en Tlaxcala"},"content":{"rendered":"\n<p>La diputada Madai P\u00e9rez Carrillo present\u00f3 ante el Pleno la iniciativa por la que expone la necesidad de actualizar y ampliar el marco jur\u00eddico estatal en materia de cultura f\u00edsica y deporte, con el fin de ordenar y orientar de mejor manera el funcionamiento de los sistemas estatal y municipal de cultura f\u00edsica y deporte, as\u00ed como garantizar que la actividad f\u00edsica y la pr\u00e1ctica deportiva cuenten con bases normativas m\u00e1s claras y funcionales. Con ello, la legisladora plantea que las reformas deben abrir paso a mecanismos m\u00e1s eficientes para la planeaci\u00f3n, ejecuci\u00f3n y evaluaci\u00f3n de acciones p\u00fablicas en esta materia.<\/p>\n\n\n\n<p>P\u00e9rez Carrillo explic\u00f3 que su propuesta responde a la necesidad de incorporar una visi\u00f3n m\u00e1s amplia, que considere a las personas como el centro de la pol\u00edtica deportiva, asegurando que esta reforma considera tambi\u00e9n dar un giro a la visi\u00f3n que \u00fanicamente considera al deporte como gesti\u00f3n administrativa, buscando que las personas sean consideradas como elemento central, reconocer sus necesidades y brindar protecci\u00f3n en todos los niveles de pr\u00e1ctica y competencia, as\u00ed como durante su ciclo deportivo.<\/p>\n\n\n\n<p>Asimismo, la iniciativa subraya la importancia de consolidar una estructura administrativa m\u00e1s clara, capaz de responder a los retos contempor\u00e1neos. De acuerdo con el texto presentado, las reformas buscan armonizar las atribuciones, funciones y procesos institucionales, a fin de lograr una gesti\u00f3n m\u00e1s eficiente y garantizar que la poblaci\u00f3n tlaxcalteca acceda a servicios de cultura f\u00edsica y deporte con calidad y pertinencia. Esta visi\u00f3n incluye la promoci\u00f3n de la participaci\u00f3n social y la coordinaci\u00f3n entre autoridades, organismos p\u00fablicos y privados para impulsar programas que fortalezcan el desarrollo deportivo en la entidad.<\/p>\n\n\n\n<p>La Iniciativa con Proyecto de Decreto por el que se reforman, adicionan y derogan diversas disposiciones de la Ley de Cultura F\u00edsica y Deporte del Estado de Tlaxcala fue turnada a las Comisiones Unidas de Juventud y Deporte y de Puntos Constitucionales, Gobernaci\u00f3n y Justicia y Asuntos Pol\u00edticos para su estudio, an\u00e1lisis y Dictamen correspondiente.<\/p>\n","protected":false},"excerpt":{"rendered":"<p>La diputada Madai P\u00e9rez Carrillo present\u00f3 ante el Pleno la iniciativa por la que expone la necesidad de actualizar y ampliar el marco jur\u00eddico estatal en materia de cultura f\u00edsica y deporte, con el fin de ordenar y orientar de mejor manera el funcionamiento de los sistemas estatal y municipal de cultura f\u00edsica y deporte, [&hellip;]<\/p>\n","protected":false},"author":1,"featured_media":130935,"comment_status":"open","ping_status":"open","sticky":false,"template":"","format":"standard","meta":{"footnotes":""},"categories":[22],"tags":[],"class_list":["post-130934","post","type-post","status-publish","format-standard","has-post-thumbnail","hentry","category-congreso"],"blog_post_layout_featured_media_urls":{"thumbnail":["https:\/\/diariolanoticia.com.mx\/wp-content\/uploads\/2025\/11\/cc7c8151-ad14-41cb-95b5-db6f88cf262a-216x160.jpg",216,160,true],"full":["https:\/\/diariolanoticia.com.mx\/wp-content\/uploads\/2025\/11\/cc7c8151-ad14-41cb-95b5-db6f88cf262a.jpg",1616,1080,false]},"categories_names":{"22":{"name":"Congreso","link":"https:\/\/diariolanoticia.com.mx\/?cat=22"}},"tags_names":[],"comments_number":"0","wpmagazine_modules_lite_featured_media_urls":{"thumbnail":["https:\/\/diariolanoticia.com.mx\/wp-content\/uploads\/2025\/11\/cc7c8151-ad14-41cb-95b5-db6f88cf262a-216x160.jpg",216,160,true],"cvmm-medium":["https:\/\/diariolanoticia.com.mx\/wp-content\/uploads\/2025\/11\/cc7c8151-ad14-41cb-95b5-db6f88cf262a-300x300.jpg",300,300,true],"cvmm-medium-plus":["https:\/\/diariolanoticia.com.mx\/wp-content\/uploads\/2025\/11\/cc7c8151-ad14-41cb-95b5-db6f88cf262a-305x207.jpg",305,207,true],"cvmm-portrait":["https:\/\/diariolanoticia.com.mx\/wp-content\/uploads\/2025\/11\/cc7c8151-ad14-41cb-95b5-db6f88cf262a-400x600.jpg",400,600,true],"cvmm-medium-square":["https:\/\/diariolanoticia.com.mx\/wp-content\/uploads\/2025\/11\/cc7c8151-ad14-41cb-95b5-db6f88cf262a-600x600.jpg",600,600,true],"cvmm-large":["https:\/\/diariolanoticia.com.mx\/wp-content\/uploads\/2025\/11\/cc7c8151-ad14-41cb-95b5-db6f88cf262a-1024x1024.jpg",1024,1024,true],"cvmm-small":["https:\/\/diariolanoticia.com.mx\/wp-content\/uploads\/2025\/11\/cc7c8151-ad14-41cb-95b5-db6f88cf262a-130x95.jpg",130,95,true],"full":["https:\/\/diariolanoticia.com.mx\/wp-content\/uploads\/2025\/11\/cc7c8151-ad14-41cb-95b5-db6f88cf262a.jpg",1616,1080,false]},"_links":{"self":[{"href":"https:\/\/diariolanoticia.com.mx\/index.php?rest_route=\/wp\/v2\/posts\/130934","targetHints":{"allow":["GET"]}}],"collection":[{"href":"https:\/\/diariolanoticia.com.mx\/index.php?rest_route=\/wp\/v2\/posts"}],"about":[{"href":"https:\/\/diariolanoticia.com.mx\/index.php?rest_route=\/wp\/v2\/types\/post"}],"author":[{"embeddable":true,"href":"https:\/\/diariolanoticia.com.mx\/index.php?rest_route=\/wp\/v2\/users\/1"}],"replies":[{"embeddable":true,"href":"https:\/\/diariolanoticia.com.mx\/index.php?rest_route=%2Fwp%2Fv2%2Fcomments&post=130934"}],"version-history":[{"count":1,"href":"https:\/\/diariolanoticia.com.mx\/index.php?rest_route=\/wp\/v2\/posts\/130934\/revisions"}],"predecessor-version":[{"id":130936,"href":"https:\/\/diariolanoticia.com.mx\/index.php?rest_route=\/wp\/v2\/posts\/130934\/revisions\/130936"}],"wp:featuredmedia":[{"embeddable":true,"href":"https:\/\/diariolanoticia.com.mx\/index.php?rest_route=\/wp\/v2\/media\/130935"}],"wp:attachment":[{"href":"https:\/\/diariolanoticia.com.mx\/index.php?rest_route=%2Fwp%2Fv2%2Fmedia&parent=130934"}],"wp:term":[{"taxonomy":"category","embeddable":true,"href":"https:\/\/diariolanoticia.com.mx\/index.php?rest_route=%2Fwp%2Fv2%2Fcategories&post=130934"},{"taxonomy":"post_tag","embeddable":true,"href":"https:\/\/diariolanoticia.com.mx\/index.php?rest_route=%2Fwp%2Fv2%2Ftags&post=130934"}],"curies":[{"name":"wp","href":"https:\/\/api.w.org\/{rel}","templated":true}]}}