{"id":131094,"date":"2025-11-26T19:16:10","date_gmt":"2025-11-27T01:16:10","guid":{"rendered":"https:\/\/diariolanoticia.com.mx\/?p=131094"},"modified":"2025-11-26T19:16:10","modified_gmt":"2025-11-27T01:16:10","slug":"en-comision-del-congreso-aprueban-exhorto-para-eliminar-cobro-de-peaje-en-vehiculos-de-servicio-publico-y-emergencia-en-caseta-de-mazapiltepec","status":"publish","type":"post","link":"https:\/\/diariolanoticia.com.mx\/?p=131094","title":{"rendered":"En Comisi\u00f3n del Congreso aprueban exhorto para eliminar cobro de peaje en veh\u00edculos de servicio p\u00fablico y emergencia en caseta de&nbsp;Mazapiltepec"},"content":{"rendered":"\n<p class=\"s8\">&nbsp;La Comisi\u00f3n de Comunicaciones e Infraestructura del Congreso del Estado aprob\u00f3 el proyecto de acuerdo para exhortar al Organismo P\u00fablico Descentralizado denominado \u00abCarreteras de Cuota &#8211; Puebla\u00bb, a condonar el cobro de peaje en la caseta de&nbsp;Mazapiltepec&nbsp;a favor de los veh\u00edculos destinados a la recolecci\u00f3n de residuos s\u00f3lidos, ambulancias, patrullas y unidades de protecci\u00f3n civil de los ayuntamientos de los municipios del distrito 14.<\/p>\n\n\n\n<p class=\"s8\">&nbsp;<\/p>\n\n\n\n<p class=\"s8\">Durante la discusi\u00f3n de este tema, las y los integrantes del \u00f3rgano colegiado aprobaron una propuesta reformatoria para que el exhorto se aplique no solo a los municipios del distrito en menci\u00f3n, sino tambi\u00e9n a los municipios conurbados de la regi\u00f3n.<\/p>\n\n\n\n<p class=\"s8\">&nbsp;<\/p>\n\n\n\n<p class=\"s8\">Asimismo, se establece el beneficio a otros municipios que realicen la solicitud expresa, a Carreteras de Cuota Puebla, ante situaciones de emergencia.<\/p>\n\n\n\n<p class=\"s8\">&nbsp;<\/p>\n\n\n\n<p class=\"s8\">Cabe se\u00f1alar que el proyecto de acuerdo fue formulado con la propuesta legislativa del diputado El\u00edas Lozada Ortega.&nbsp;<\/p>\n\n\n\n<p class=\"s8\">&nbsp;<\/p>\n\n\n\n<p class=\"s8\">Por otra parte, las y los integrantes del \u00f3rgano colegiado recibieron a Michelle Bonilla Mariano, servidora p\u00fablica del departamento de contratos y estimaciones del Centro SICT Puebla, para exponer el proyecto integral para la construcci\u00f3n del Bachillerato Tecnol\u00f3gico, Plantel Cuautlancingo.<\/p>\n\n\n\n<p class=\"s8\">&nbsp;<\/p>\n\n\n\n<p class=\"s8\">En su exposici\u00f3n, la funcionaria p\u00fablica se\u00f1al\u00f3 que el proyecto tiene un periodo de ejecuci\u00f3n de junio a diciembre con una inversi\u00f3n total de 48.9 millones de pesos, que beneficiar\u00e1 a 88 mil personas de la Junta Auxiliar de San Lorenzo Almecatla.<\/p>\n\n\n\n<p class=\"s8\">&nbsp;<\/p>\n\n\n\n<p class=\"s8\">En la sesi\u00f3n de la Comisi\u00f3n estuvieron presentes la diputada Norma Estela Pimental, Roberto&nbsp;Zatar\u00e1in&nbsp;Leal, Oscar Mauricio&nbsp;C\u00e9spedes&nbsp;Peregrina, Andr\u00e9s Iv\u00e1n Villegas Mendoza y El\u00edas Lozada Ortega.<\/p>\n\n\n\n<p class=\"s8\">&nbsp;<\/p>\n\n\n\n<p class=\"s8\">COMISI\u00d3N PREPARA AGENDA DE ACTIVIDADES PARA EL D\u00cdA INTERNACIONAL DE LAS PERSONAS CON DISCAPACIDAD<\/p>\n\n\n\n<p class=\"s8\">&nbsp;<\/p>\n\n\n\n<p class=\"s8\">La Comisi\u00f3n de Atenci\u00f3n a Personas con Discapacidad, que preside la diputada Luana Armida Amador Vallejo, prepara la agenda de actividades que llevar\u00e1 a cabo para conmemorar el D\u00eda Internacional de las Personas con Discapacidad.<\/p>\n\n\n\n<p class=\"s8\">&nbsp;<\/p>\n\n\n\n<p class=\"s8\">Destaca la realizaci\u00f3n de un Conversatorio, que se realizar\u00e1 el 3 de diciembre, con una agenda inclusiva donde se abordar\u00e1 temas, desde una perspectiva legislativa, social y de gobierno, en materia de discapacidad.<\/p>\n\n\n\n<p class=\"s8\">&nbsp;<\/p>\n\n\n\n<p class=\"s8\">Tambi\u00e9n se preparar\u00e1 una exposici\u00f3n fotogr\u00e1fica denominada: \u00bfSomos una sociedad incluyente?<\/p>\n\n\n\n<p class=\"s8\">&nbsp;<\/p>\n\n\n\n<p class=\"s8\">Con estas acciones se pretende impulsar sociedades inclusivas con la finalidad de construir un mundo m\u00e1s justo, equitativo y sostenible.<\/p>\n\n\n\n<p class=\"s8\">&nbsp;<\/p>\n\n\n\n<p class=\"s8\">A la sesi\u00f3n de la Comisi\u00f3n asistieron las diputadas Luana Armida Amador Vallejo, Esther Mart\u00ednez Romano, Norma Estela Pimentel M\u00e9ndez y Ana Lilia&nbsp;Tepole&nbsp;Armenta.<\/p>\n","protected":false},"excerpt":{"rendered":"<p>&nbsp;La Comisi\u00f3n de Comunicaciones e Infraestructura del Congreso del Estado aprob\u00f3 el proyecto de acuerdo para exhortar al Organismo P\u00fablico Descentralizado denominado \u00abCarreteras de Cuota &#8211; Puebla\u00bb, a condonar el cobro de peaje en la caseta de&nbsp;Mazapiltepec&nbsp;a favor de los veh\u00edculos destinados a la recolecci\u00f3n de residuos s\u00f3lidos, ambulancias, patrullas y unidades de protecci\u00f3n civil [&hellip;]<\/p>\n","protected":false},"author":1,"featured_media":131093,"comment_status":"closed","ping_status":"open","sticky":false,"template":"","format":"standard","meta":{"footnotes":""},"categories":[20],"tags":[],"class_list":["post-131094","post","type-post","status-publish","format-standard","has-post-thumbnail","hentry","category-norte-de-puebla"],"blog_post_layout_featured_media_urls":{"thumbnail":["https:\/\/diariolanoticia.com.mx\/wp-content\/uploads\/2025\/11\/04dedfe9-eb35-49bd-b065-5c68ce3d8948-216x160.jpg",216,160,true],"full":["https:\/\/diariolanoticia.com.mx\/wp-content\/uploads\/2025\/11\/04dedfe9-eb35-49bd-b065-5c68ce3d8948.jpg",1500,1000,false]},"categories_names":{"20":{"name":"Norte de Puebla","link":"https:\/\/diariolanoticia.com.mx\/?cat=20"}},"tags_names":[],"comments_number":"0","wpmagazine_modules_lite_featured_media_urls":{"thumbnail":["https:\/\/diariolanoticia.com.mx\/wp-content\/uploads\/2025\/11\/04dedfe9-eb35-49bd-b065-5c68ce3d8948-216x160.jpg",216,160,true],"cvmm-medium":["https:\/\/diariolanoticia.com.mx\/wp-content\/uploads\/2025\/11\/04dedfe9-eb35-49bd-b065-5c68ce3d8948-300x300.jpg",300,300,true],"cvmm-medium-plus":["https:\/\/diariolanoticia.com.mx\/wp-content\/uploads\/2025\/11\/04dedfe9-eb35-49bd-b065-5c68ce3d8948-305x207.jpg",305,207,true],"cvmm-portrait":["https:\/\/diariolanoticia.com.mx\/wp-content\/uploads\/2025\/11\/04dedfe9-eb35-49bd-b065-5c68ce3d8948-400x600.jpg",400,600,true],"cvmm-medium-square":["https:\/\/diariolanoticia.com.mx\/wp-content\/uploads\/2025\/11\/04dedfe9-eb35-49bd-b065-5c68ce3d8948-600x600.jpg",600,600,true],"cvmm-large":["https:\/\/diariolanoticia.com.mx\/wp-content\/uploads\/2025\/11\/04dedfe9-eb35-49bd-b065-5c68ce3d8948-1024x1000.jpg",1024,1000,true],"cvmm-small":["https:\/\/diariolanoticia.com.mx\/wp-content\/uploads\/2025\/11\/04dedfe9-eb35-49bd-b065-5c68ce3d8948-130x95.jpg",130,95,true],"full":["https:\/\/diariolanoticia.com.mx\/wp-content\/uploads\/2025\/11\/04dedfe9-eb35-49bd-b065-5c68ce3d8948.jpg",1500,1000,false]},"_links":{"self":[{"href":"https:\/\/diariolanoticia.com.mx\/index.php?rest_route=\/wp\/v2\/posts\/131094","targetHints":{"allow":["GET"]}}],"collection":[{"href":"https:\/\/diariolanoticia.com.mx\/index.php?rest_route=\/wp\/v2\/posts"}],"about":[{"href":"https:\/\/diariolanoticia.com.mx\/index.php?rest_route=\/wp\/v2\/types\/post"}],"author":[{"embeddable":true,"href":"https:\/\/diariolanoticia.com.mx\/index.php?rest_route=\/wp\/v2\/users\/1"}],"replies":[{"embeddable":true,"href":"https:\/\/diariolanoticia.com.mx\/index.php?rest_route=%2Fwp%2Fv2%2Fcomments&post=131094"}],"version-history":[{"count":1,"href":"https:\/\/diariolanoticia.com.mx\/index.php?rest_route=\/wp\/v2\/posts\/131094\/revisions"}],"predecessor-version":[{"id":131095,"href":"https:\/\/diariolanoticia.com.mx\/index.php?rest_route=\/wp\/v2\/posts\/131094\/revisions\/131095"}],"wp:featuredmedia":[{"embeddable":true,"href":"https:\/\/diariolanoticia.com.mx\/index.php?rest_route=\/wp\/v2\/media\/131093"}],"wp:attachment":[{"href":"https:\/\/diariolanoticia.com.mx\/index.php?rest_route=%2Fwp%2Fv2%2Fmedia&parent=131094"}],"wp:term":[{"taxonomy":"category","embeddable":true,"href":"https:\/\/diariolanoticia.com.mx\/index.php?rest_route=%2Fwp%2Fv2%2Fcategories&post=131094"},{"taxonomy":"post_tag","embeddable":true,"href":"https:\/\/diariolanoticia.com.mx\/index.php?rest_route=%2Fwp%2Fv2%2Ftags&post=131094"}],"curies":[{"name":"wp","href":"https:\/\/api.w.org\/{rel}","templated":true}]}}