{"id":131101,"date":"2025-11-27T18:42:55","date_gmt":"2025-11-28T00:42:55","guid":{"rendered":"https:\/\/diariolanoticia.com.mx\/?p=131101"},"modified":"2025-11-27T18:42:55","modified_gmt":"2025-11-28T00:42:55","slug":"congreso-del-estado-entrega-la-medalla-al-merito-docente-juan-c-bonilla","status":"publish","type":"post","link":"https:\/\/diariolanoticia.com.mx\/?p=131101","title":{"rendered":"Congreso del Estado entrega la Medalla&nbsp;al M\u00e9rito Docente&nbsp;Juan C. Bonilla"},"content":{"rendered":"\n<p class=\"s8\">&#8211; El galard\u00f3n es un homenaje a la ardua labor de las y los docentes poblanos \u201cy un acto de justicia, gratitud y memoria\u201d: Pavel Gaspar<\/p>\n\n\n\n<figure class=\"wp-block-gallery has-nested-images columns-default is-cropped wp-block-gallery-1 is-layout-flex wp-block-gallery-is-layout-flex\">\n<figure class=\"wp-block-image\"><img loading=\"lazy\" decoding=\"async\" width=\"1024\" height=\"683\" data-id=\"131100\" src=\"https:\/\/diariolanoticia.com.mx\/wp-content\/uploads\/2025\/11\/95d04fc1-22f1-4417-b70d-677df5ed62a9-1024x683.jpg\" alt=\"\" class=\"wp-image-131100\" srcset=\"https:\/\/diariolanoticia.com.mx\/wp-content\/uploads\/2025\/11\/95d04fc1-22f1-4417-b70d-677df5ed62a9-1024x683.jpg 1024w, https:\/\/diariolanoticia.com.mx\/wp-content\/uploads\/2025\/11\/95d04fc1-22f1-4417-b70d-677df5ed62a9-300x200.jpg 300w, https:\/\/diariolanoticia.com.mx\/wp-content\/uploads\/2025\/11\/95d04fc1-22f1-4417-b70d-677df5ed62a9-768x512.jpg 768w, https:\/\/diariolanoticia.com.mx\/wp-content\/uploads\/2025\/11\/95d04fc1-22f1-4417-b70d-677df5ed62a9.jpg 1500w\" sizes=\"auto, (max-width: 1024px) 100vw, 1024px\" \/><\/figure>\n<\/figure>\n\n\n\n<p class=\"s8\">El Congreso del Estado, a trav\u00e9s de la Comisi\u00f3n de Educaci\u00f3n de la LXII Legislatura, entreg\u00f3 la Medalla&nbsp;al M\u00e9rito Docente&nbsp;Juan C. Bonilla a ocho maestras y maestros, con la finalidad de reconocer su trayectoria, calidad educativa y el impacto social en sus comunidades.<\/p>\n\n\n\n<p class=\"s8\">&nbsp;Durante esta ceremonia, el diputado Pavel Gaspar Ram\u00edrez se\u00f1al\u00f3 que la Medalla&nbsp;al M\u00e9rito Docente&nbsp;Juan C. Bonilla es un homenaje a la labor comprobada y ardua de las y los docentes poblanos, \u201cy un acto de justicia, gratitud y memoria\u201d.<\/p>\n\n\n\n<p class=\"s8\">&nbsp;Asimismo, destac\u00f3 que, m\u00e1s all\u00e1 de la ense\u00f1anza en las aulas, las y los maestros juegan un papel fundamental en la construcci\u00f3n de la paz y del tejido social, elementos esenciales para hacer comunidad, afirm\u00f3 el legislador.<\/p>\n\n\n\n<p class=\"s8\">&nbsp;Por su parte, la diputada Floricel Gonz\u00e1lez M\u00e9ndez, presidenta de la Comisi\u00f3n de Educaci\u00f3n, subray\u00f3 la importancia del trabajo docente como base de la educaci\u00f3n, al reconocer su esfuerzo, vocaci\u00f3n, preparaci\u00f3n y el impacto social que transforma vidas, familias y comunidades.<\/p>\n\n\n\n<p class=\"s8\">&nbsp;\u201cEl Congreso del Estado reafirma el compromiso de continuar con el trabajo para la construcci\u00f3n de un marco legislativo que dignifique y proteja la labor docente\u201d.<\/p>\n\n\n\n<p class=\"s8\">&nbsp;De esta manera, la Medalla Juan C. Bonilla fue entregada a:<\/p>\n\n\n\n<p class=\"s8\">&nbsp;<strong>Educaci\u00f3n Inicial<\/strong><\/p>\n\n\n\n<p class=\"s8\">Mar\u00eda del Socorro Seraf\u00edn S\u00e1nchez<\/p>\n\n\n\n<p class=\"s8\">&nbsp;<strong>Educaci\u00f3n Preescolar<\/strong><\/p>\n\n\n\n<p class=\"s8\">Mirelly Sosa Posadas<\/p>\n\n\n\n<p class=\"s8\">&nbsp;<strong>Educaci\u00f3n Primaria<\/strong><\/p>\n\n\n\n<p class=\"s8\">Carlos Basilio Hern\u00e1ndez Bermejo<\/p>\n\n\n\n<p class=\"s8\">&nbsp;<strong>Educaci\u00f3n Secundaria<\/strong><\/p>\n\n\n\n<p class=\"s8\">Nayeli Bel\u00e9n Hern\u00e1ndez Ter\u00e1n<\/p>\n\n\n\n<p class=\"s8\">&nbsp;<strong>Educaci\u00f3n Media Superior<\/strong><\/p>\n\n\n\n<p class=\"s8\">Miguel Bello P\u00e9rez<\/p>\n\n\n\n<p class=\"s8\"><strong>Educaci\u00f3n Especial<\/strong><\/p>\n\n\n\n<p class=\"s8\">Cinthia Araceli Ju\u00e1rez Mendoza<\/p>\n\n\n\n<p class=\"s8\">&nbsp;<strong>Educaci\u00f3n F\u00edsica<\/strong><\/p>\n\n\n\n<p class=\"s8\">Concepci\u00f3n Mart\u00ednez Hern\u00e1ndez<\/p>\n\n\n\n<p class=\"s8\">&nbsp;<strong>Educaci\u00f3n Ind\u00edgena<\/strong><\/p>\n\n\n\n<p class=\"s8\">Micaela Jim\u00e9nez Sol\u00eds<\/p>\n\n\n\n<p class=\"s8\">&nbsp;Al hacer uso de la palabra, el titular de la Secretar\u00eda de Educaci\u00f3n P\u00fablica, Manuel Viveros Narciso, consider\u00f3 que la entrega de esta presea representa un acto simb\u00f3lico de reconocimiento a las y los docentes por a\u00f1os de entrega, disciplina, liderazgo y profundo compromiso social&nbsp;<\/p>\n\n\n\n<p class=\"s8\">&nbsp;A nombre de las personas galardonadas, la maestra Cinthia Araceli Ju\u00e1rez Mendoza dirigi\u00f3 unas palabras de agradecimiento.<\/p>\n\n\n\n<p class=\"s8\">&nbsp;Este evento tambi\u00e9n fue presidido por el diputado El\u00edas Lozada Ortega, presidente de la Mesa Directiva; as\u00ed como por las diputadas integrantes de la Comisi\u00f3n de Educaci\u00f3n: Ang\u00e9lica Patricia Alvarado Ju\u00e1rez, Araceli Celestino Rosas, Ana Laura G\u00f3mez Ram\u00edrez y Mar\u00eda Soledad Amieva Zamora, adem\u00e1s de legisladoras y legisladores del Congreso del Estado.<\/p>\n","protected":false},"excerpt":{"rendered":"<p>&#8211; El galard\u00f3n es un homenaje a la ardua labor de las y los docentes poblanos \u201cy un acto de justicia, gratitud y memoria\u201d: Pavel Gaspar El Congreso del Estado, a trav\u00e9s de la Comisi\u00f3n de Educaci\u00f3n de la LXII Legislatura, entreg\u00f3 la Medalla&nbsp;al M\u00e9rito Docente&nbsp;Juan C. Bonilla a ocho maestras y maestros, con la [&hellip;]<\/p>\n","protected":false},"author":1,"featured_media":131099,"comment_status":"closed","ping_status":"open","sticky":false,"template":"","format":"standard","meta":{"footnotes":""},"categories":[20],"tags":[],"class_list":["post-131101","post","type-post","status-publish","format-standard","has-post-thumbnail","hentry","category-norte-de-puebla"],"blog_post_layout_featured_media_urls":{"thumbnail":["https:\/\/diariolanoticia.com.mx\/wp-content\/uploads\/2025\/11\/93340134-51eb-4326-95e0-3fe392b2be9b-216x160.jpg",216,160,true],"full":["https:\/\/diariolanoticia.com.mx\/wp-content\/uploads\/2025\/11\/93340134-51eb-4326-95e0-3fe392b2be9b.jpg",1500,1000,false]},"categories_names":{"20":{"name":"Norte de Puebla","link":"https:\/\/diariolanoticia.com.mx\/?cat=20"}},"tags_names":[],"comments_number":"0","wpmagazine_modules_lite_featured_media_urls":{"thumbnail":["https:\/\/diariolanoticia.com.mx\/wp-content\/uploads\/2025\/11\/93340134-51eb-4326-95e0-3fe392b2be9b-216x160.jpg",216,160,true],"cvmm-medium":["https:\/\/diariolanoticia.com.mx\/wp-content\/uploads\/2025\/11\/93340134-51eb-4326-95e0-3fe392b2be9b-300x300.jpg",300,300,true],"cvmm-medium-plus":["https:\/\/diariolanoticia.com.mx\/wp-content\/uploads\/2025\/11\/93340134-51eb-4326-95e0-3fe392b2be9b-305x207.jpg",305,207,true],"cvmm-portrait":["https:\/\/diariolanoticia.com.mx\/wp-content\/uploads\/2025\/11\/93340134-51eb-4326-95e0-3fe392b2be9b-400x600.jpg",400,600,true],"cvmm-medium-square":["https:\/\/diariolanoticia.com.mx\/wp-content\/uploads\/2025\/11\/93340134-51eb-4326-95e0-3fe392b2be9b-600x600.jpg",600,600,true],"cvmm-large":["https:\/\/diariolanoticia.com.mx\/wp-content\/uploads\/2025\/11\/93340134-51eb-4326-95e0-3fe392b2be9b-1024x1000.jpg",1024,1000,true],"cvmm-small":["https:\/\/diariolanoticia.com.mx\/wp-content\/uploads\/2025\/11\/93340134-51eb-4326-95e0-3fe392b2be9b-130x95.jpg",130,95,true],"full":["https:\/\/diariolanoticia.com.mx\/wp-content\/uploads\/2025\/11\/93340134-51eb-4326-95e0-3fe392b2be9b.jpg",1500,1000,false]},"_links":{"self":[{"href":"https:\/\/diariolanoticia.com.mx\/index.php?rest_route=\/wp\/v2\/posts\/131101","targetHints":{"allow":["GET"]}}],"collection":[{"href":"https:\/\/diariolanoticia.com.mx\/index.php?rest_route=\/wp\/v2\/posts"}],"about":[{"href":"https:\/\/diariolanoticia.com.mx\/index.php?rest_route=\/wp\/v2\/types\/post"}],"author":[{"embeddable":true,"href":"https:\/\/diariolanoticia.com.mx\/index.php?rest_route=\/wp\/v2\/users\/1"}],"replies":[{"embeddable":true,"href":"https:\/\/diariolanoticia.com.mx\/index.php?rest_route=%2Fwp%2Fv2%2Fcomments&post=131101"}],"version-history":[{"count":1,"href":"https:\/\/diariolanoticia.com.mx\/index.php?rest_route=\/wp\/v2\/posts\/131101\/revisions"}],"predecessor-version":[{"id":131102,"href":"https:\/\/diariolanoticia.com.mx\/index.php?rest_route=\/wp\/v2\/posts\/131101\/revisions\/131102"}],"wp:featuredmedia":[{"embeddable":true,"href":"https:\/\/diariolanoticia.com.mx\/index.php?rest_route=\/wp\/v2\/media\/131099"}],"wp:attachment":[{"href":"https:\/\/diariolanoticia.com.mx\/index.php?rest_route=%2Fwp%2Fv2%2Fmedia&parent=131101"}],"wp:term":[{"taxonomy":"category","embeddable":true,"href":"https:\/\/diariolanoticia.com.mx\/index.php?rest_route=%2Fwp%2Fv2%2Fcategories&post=131101"},{"taxonomy":"post_tag","embeddable":true,"href":"https:\/\/diariolanoticia.com.mx\/index.php?rest_route=%2Fwp%2Fv2%2Ftags&post=131101"}],"curies":[{"name":"wp","href":"https:\/\/api.w.org\/{rel}","templated":true}]}}