{"id":131104,"date":"2025-11-28T20:24:55","date_gmt":"2025-11-29T02:24:55","guid":{"rendered":"https:\/\/diariolanoticia.com.mx\/?p=131104"},"modified":"2025-11-28T20:24:55","modified_gmt":"2025-11-29T02:24:55","slug":"congreso-del-estado-fue-sede-del-foro-imaginnaccion-transformando-lo-que-vemos","status":"publish","type":"post","link":"https:\/\/diariolanoticia.com.mx\/?p=131104","title":{"rendered":"Congreso del Estado fue sede del Foro \u201cImaginnacci\u00f3n, Transformando lo que Vemos\u201d"},"content":{"rendered":"\n<p class=\"s8\">&#8211; El objetivo: generar un espacio de reflexi\u00f3n para la ni\u00f1ez sobre contenidos audiovisuales m\u00e1s humanos y sin violencia<\/p>\n\n\n\n<p class=\"s8\">A invitaci\u00f3n del diputado Jaime Alejandro Aurioles Barroeta, presidente de la Comisi\u00f3n de Ciencia, Humanidades, Tecnolog\u00eda e Innovaci\u00f3n, el Congreso del Estado fue sede del Foro \u201cImaginnacci\u00f3n: Transformando lo que Vemos\u201d, que realiz\u00f3 el Sistema de Protecci\u00f3n Integral de los Derechos de las Ni\u00f1as, Ni\u00f1os y Adolescentes del Estado de Puebla (SIPINNA).<\/p>\n\n\n\n<p class=\"s8\">Este ejercicio tuvo como finalidad generar un espacio de di\u00e1logo participativo, seguro y respetuoso, donde ni\u00f1as, ni\u00f1os y adolescentes intercambiaron ideas sobre la programaci\u00f3n y contenidos audiovisuales positivos.<\/p>\n\n\n\n<p class=\"s8\">El diputado Jaime Aurioles Barroeta, presidente de la Comisi\u00f3n de Ciencia, Humanidades, Tecnolog\u00eda e Innovaci\u00f3n del Congreso del Estado, puntualiz\u00f3 que a trav\u00e9s de las conclusiones de este foro se elaborar\u00e1 un dec\u00e1logo relacionado con la regulaci\u00f3n de contenidos dirigidos a ni\u00f1as, ni\u00f1os y adolescentes, para garantizar una formaci\u00f3n m\u00e1s humana y sin violencia.<\/p>\n\n\n\n<p class=\"s8\">Durante este foro, que se llev\u00f3 a cabo como parte de las actividades que desarrolla la Comisi\u00f3n de Tecnolog\u00edas de la Informaci\u00f3n y Contenidos Audiovisuales del SIPINNA, el secretario ejecutivo del organismo, Gonzalo Prado \u00c1lvarez, destac\u00f3 la participaci\u00f3n de las infancias y juventudes para expresar las necesidades e ideas que permitan mejorar los contenidos y protegerlas de informaci\u00f3n que no es \u00fatil para su desarrollo.<\/p>\n\n\n\n<p class=\"s8\">En este evento participaron integrantes de la Comisi\u00f3n de Tecnolog\u00edas de SIPINNA (SICOM, BUAP y SEP), as\u00ed como ni\u00f1as, ni\u00f1os y adolescentes de los municipios de Palmar de Bravo, Huehuetl\u00e1n, Iz\u00facar de Matamoros, Tepeaca, Coronango, Pantepec, San Andr\u00e9s Cholula, Huejotzingo, Amozoc, Tehuac\u00e1n, Puebla y Pahuatl\u00e1n.<\/p>\n","protected":false},"excerpt":{"rendered":"<p>&#8211; El objetivo: generar un espacio de reflexi\u00f3n para la ni\u00f1ez sobre contenidos audiovisuales m\u00e1s humanos y sin violencia A invitaci\u00f3n del diputado Jaime Alejandro Aurioles Barroeta, presidente de la Comisi\u00f3n de Ciencia, Humanidades, Tecnolog\u00eda e Innovaci\u00f3n, el Congreso del Estado fue sede del Foro \u201cImaginnacci\u00f3n: Transformando lo que Vemos\u201d, que realiz\u00f3 el Sistema de [&hellip;]<\/p>\n","protected":false},"author":1,"featured_media":131103,"comment_status":"closed","ping_status":"open","sticky":false,"template":"","format":"standard","meta":{"footnotes":""},"categories":[20],"tags":[],"class_list":["post-131104","post","type-post","status-publish","format-standard","has-post-thumbnail","hentry","category-norte-de-puebla"],"blog_post_layout_featured_media_urls":{"thumbnail":["https:\/\/diariolanoticia.com.mx\/wp-content\/uploads\/2025\/11\/5211830c-3f0e-4d17-b827-70c7693ddfdd-216x160.jpg",216,160,true],"full":["https:\/\/diariolanoticia.com.mx\/wp-content\/uploads\/2025\/11\/5211830c-3f0e-4d17-b827-70c7693ddfdd.jpg",1500,902,false]},"categories_names":{"20":{"name":"Norte de Puebla","link":"https:\/\/diariolanoticia.com.mx\/?cat=20"}},"tags_names":[],"comments_number":"0","wpmagazine_modules_lite_featured_media_urls":{"thumbnail":["https:\/\/diariolanoticia.com.mx\/wp-content\/uploads\/2025\/11\/5211830c-3f0e-4d17-b827-70c7693ddfdd-216x160.jpg",216,160,true],"cvmm-medium":["https:\/\/diariolanoticia.com.mx\/wp-content\/uploads\/2025\/11\/5211830c-3f0e-4d17-b827-70c7693ddfdd-300x300.jpg",300,300,true],"cvmm-medium-plus":["https:\/\/diariolanoticia.com.mx\/wp-content\/uploads\/2025\/11\/5211830c-3f0e-4d17-b827-70c7693ddfdd-305x207.jpg",305,207,true],"cvmm-portrait":["https:\/\/diariolanoticia.com.mx\/wp-content\/uploads\/2025\/11\/5211830c-3f0e-4d17-b827-70c7693ddfdd-400x600.jpg",400,600,true],"cvmm-medium-square":["https:\/\/diariolanoticia.com.mx\/wp-content\/uploads\/2025\/11\/5211830c-3f0e-4d17-b827-70c7693ddfdd-600x600.jpg",600,600,true],"cvmm-large":["https:\/\/diariolanoticia.com.mx\/wp-content\/uploads\/2025\/11\/5211830c-3f0e-4d17-b827-70c7693ddfdd-1024x902.jpg",1024,902,true],"cvmm-small":["https:\/\/diariolanoticia.com.mx\/wp-content\/uploads\/2025\/11\/5211830c-3f0e-4d17-b827-70c7693ddfdd-130x95.jpg",130,95,true],"full":["https:\/\/diariolanoticia.com.mx\/wp-content\/uploads\/2025\/11\/5211830c-3f0e-4d17-b827-70c7693ddfdd.jpg",1500,902,false]},"_links":{"self":[{"href":"https:\/\/diariolanoticia.com.mx\/index.php?rest_route=\/wp\/v2\/posts\/131104","targetHints":{"allow":["GET"]}}],"collection":[{"href":"https:\/\/diariolanoticia.com.mx\/index.php?rest_route=\/wp\/v2\/posts"}],"about":[{"href":"https:\/\/diariolanoticia.com.mx\/index.php?rest_route=\/wp\/v2\/types\/post"}],"author":[{"embeddable":true,"href":"https:\/\/diariolanoticia.com.mx\/index.php?rest_route=\/wp\/v2\/users\/1"}],"replies":[{"embeddable":true,"href":"https:\/\/diariolanoticia.com.mx\/index.php?rest_route=%2Fwp%2Fv2%2Fcomments&post=131104"}],"version-history":[{"count":1,"href":"https:\/\/diariolanoticia.com.mx\/index.php?rest_route=\/wp\/v2\/posts\/131104\/revisions"}],"predecessor-version":[{"id":131105,"href":"https:\/\/diariolanoticia.com.mx\/index.php?rest_route=\/wp\/v2\/posts\/131104\/revisions\/131105"}],"wp:featuredmedia":[{"embeddable":true,"href":"https:\/\/diariolanoticia.com.mx\/index.php?rest_route=\/wp\/v2\/media\/131103"}],"wp:attachment":[{"href":"https:\/\/diariolanoticia.com.mx\/index.php?rest_route=%2Fwp%2Fv2%2Fmedia&parent=131104"}],"wp:term":[{"taxonomy":"category","embeddable":true,"href":"https:\/\/diariolanoticia.com.mx\/index.php?rest_route=%2Fwp%2Fv2%2Fcategories&post=131104"},{"taxonomy":"post_tag","embeddable":true,"href":"https:\/\/diariolanoticia.com.mx\/index.php?rest_route=%2Fwp%2Fv2%2Ftags&post=131104"}],"curies":[{"name":"wp","href":"https:\/\/api.w.org\/{rel}","templated":true}]}}