{"id":131110,"date":"2025-11-30T09:50:07","date_gmt":"2025-11-30T15:50:07","guid":{"rendered":"https:\/\/diariolanoticia.com.mx\/?p=131110"},"modified":"2025-11-30T09:50:07","modified_gmt":"2025-11-30T15:50:07","slug":"avala-comision-del-congreso-proyecto-de-acuerdo-para-mejorar-seguridad-y-civilidad-en-el-transporte-publico","status":"publish","type":"post","link":"https:\/\/diariolanoticia.com.mx\/?p=131110","title":{"rendered":"Avala Comisi\u00f3n del Congreso proyecto de acuerdo para mejorar seguridad y civilidad en el transporte p\u00fablico"},"content":{"rendered":"\n<p class=\"s9\">&nbsp;&#8211; Se exhorta a realizar campa\u00f1as informativas para promover derechos y obligaciones de usuarios<\/p>\n\n\n\n<p class=\"s9\">La Comisi\u00f3n de Transportes y Movilidad del Congreso del Estado aprob\u00f3 el proyecto de acuerdo para exhortar a la Secretar\u00eda de Movilidad y Transporte para que implemente estrategias y campa\u00f1as informativas a trav\u00e9s de su portal electr\u00f3nico, redes sociales y medios de comunicaci\u00f3n, as\u00ed como dentro del transporte p\u00fablico, sobre los derechos y obligaciones de las personas usuarias, para que respeten los asientos de espacios preferentes, eviten el acoso sexual o cualquier otro tipo de agresi\u00f3n y no viajen bajo el influjo de sustancias t\u00f3xicas.<\/p>\n\n\n\n<p class=\"s12\">El proyecto de acuerdo, formulado con el exhorto del diputado Elpidio D\u00edaz Escobar, pretende que a trav\u00e9s de estas acciones se mejore la calidad del servicio del transporte p\u00fablico de manera corresponsable.<\/p>\n\n\n\n<p class=\"s12\">La propuesta del diputado considera que al dar a conocer las obligaciones de los usuarios se promueven medidas preventivas que conllevan al uso del transporte p\u00fablico de forma segura y accesible, logrando con ello una cultura de civilidad y educaci\u00f3n vial.<\/p>\n\n\n\n<p class=\"s12\">Durante el an\u00e1lisis de este punto, la diputada Mar\u00eda Soledad Amieva Zamora se\u00f1al\u00f3 la importancia de fortalecer el trabajo a favor de los grupos en situaci\u00f3n de vulnerabilidad en todas las \u00e1reas, pero sobre todo en el transporte p\u00fablico.<\/p>\n\n\n\n<p class=\"s12\">A la sesi\u00f3n del \u00f3rgano colegiado asisti\u00f3 el diputado Elpidio D\u00edaz Escobar, Floricel Gonz\u00e1lez M\u00e9ndez, El\u00edas Lozada Ortega, Araceli Celestino Rosas y Mar\u00eda Soledad Amieva Zamora.<\/p>\n\n\n\n<p class=\"s12\">&nbsp;<\/p>\n","protected":false},"excerpt":{"rendered":"<p>&nbsp;&#8211; Se exhorta a realizar campa\u00f1as informativas para promover derechos y obligaciones de usuarios La Comisi\u00f3n de Transportes y Movilidad del Congreso del Estado aprob\u00f3 el proyecto de acuerdo para exhortar a la Secretar\u00eda de Movilidad y Transporte para que implemente estrategias y campa\u00f1as informativas a trav\u00e9s de su portal electr\u00f3nico, redes sociales y medios [&hellip;]<\/p>\n","protected":false},"author":1,"featured_media":131109,"comment_status":"closed","ping_status":"open","sticky":false,"template":"","format":"standard","meta":{"footnotes":""},"categories":[20],"tags":[],"class_list":["post-131110","post","type-post","status-publish","format-standard","has-post-thumbnail","hentry","category-norte-de-puebla"],"blog_post_layout_featured_media_urls":{"thumbnail":["https:\/\/diariolanoticia.com.mx\/wp-content\/uploads\/2025\/11\/5c6c6e1a-9dcd-48fa-9f1b-6e1b48699af0-216x160.jpg",216,160,true],"full":["https:\/\/diariolanoticia.com.mx\/wp-content\/uploads\/2025\/11\/5c6c6e1a-9dcd-48fa-9f1b-6e1b48699af0.jpg",1280,853,false]},"categories_names":{"20":{"name":"Norte de Puebla","link":"https:\/\/diariolanoticia.com.mx\/?cat=20"}},"tags_names":[],"comments_number":"0","wpmagazine_modules_lite_featured_media_urls":{"thumbnail":["https:\/\/diariolanoticia.com.mx\/wp-content\/uploads\/2025\/11\/5c6c6e1a-9dcd-48fa-9f1b-6e1b48699af0-216x160.jpg",216,160,true],"cvmm-medium":["https:\/\/diariolanoticia.com.mx\/wp-content\/uploads\/2025\/11\/5c6c6e1a-9dcd-48fa-9f1b-6e1b48699af0-300x300.jpg",300,300,true],"cvmm-medium-plus":["https:\/\/diariolanoticia.com.mx\/wp-content\/uploads\/2025\/11\/5c6c6e1a-9dcd-48fa-9f1b-6e1b48699af0-305x207.jpg",305,207,true],"cvmm-portrait":["https:\/\/diariolanoticia.com.mx\/wp-content\/uploads\/2025\/11\/5c6c6e1a-9dcd-48fa-9f1b-6e1b48699af0-400x600.jpg",400,600,true],"cvmm-medium-square":["https:\/\/diariolanoticia.com.mx\/wp-content\/uploads\/2025\/11\/5c6c6e1a-9dcd-48fa-9f1b-6e1b48699af0-600x600.jpg",600,600,true],"cvmm-large":["https:\/\/diariolanoticia.com.mx\/wp-content\/uploads\/2025\/11\/5c6c6e1a-9dcd-48fa-9f1b-6e1b48699af0-1024x853.jpg",1024,853,true],"cvmm-small":["https:\/\/diariolanoticia.com.mx\/wp-content\/uploads\/2025\/11\/5c6c6e1a-9dcd-48fa-9f1b-6e1b48699af0-130x95.jpg",130,95,true],"full":["https:\/\/diariolanoticia.com.mx\/wp-content\/uploads\/2025\/11\/5c6c6e1a-9dcd-48fa-9f1b-6e1b48699af0.jpg",1280,853,false]},"_links":{"self":[{"href":"https:\/\/diariolanoticia.com.mx\/index.php?rest_route=\/wp\/v2\/posts\/131110","targetHints":{"allow":["GET"]}}],"collection":[{"href":"https:\/\/diariolanoticia.com.mx\/index.php?rest_route=\/wp\/v2\/posts"}],"about":[{"href":"https:\/\/diariolanoticia.com.mx\/index.php?rest_route=\/wp\/v2\/types\/post"}],"author":[{"embeddable":true,"href":"https:\/\/diariolanoticia.com.mx\/index.php?rest_route=\/wp\/v2\/users\/1"}],"replies":[{"embeddable":true,"href":"https:\/\/diariolanoticia.com.mx\/index.php?rest_route=%2Fwp%2Fv2%2Fcomments&post=131110"}],"version-history":[{"count":1,"href":"https:\/\/diariolanoticia.com.mx\/index.php?rest_route=\/wp\/v2\/posts\/131110\/revisions"}],"predecessor-version":[{"id":131111,"href":"https:\/\/diariolanoticia.com.mx\/index.php?rest_route=\/wp\/v2\/posts\/131110\/revisions\/131111"}],"wp:featuredmedia":[{"embeddable":true,"href":"https:\/\/diariolanoticia.com.mx\/index.php?rest_route=\/wp\/v2\/media\/131109"}],"wp:attachment":[{"href":"https:\/\/diariolanoticia.com.mx\/index.php?rest_route=%2Fwp%2Fv2%2Fmedia&parent=131110"}],"wp:term":[{"taxonomy":"category","embeddable":true,"href":"https:\/\/diariolanoticia.com.mx\/index.php?rest_route=%2Fwp%2Fv2%2Fcategories&post=131110"},{"taxonomy":"post_tag","embeddable":true,"href":"https:\/\/diariolanoticia.com.mx\/index.php?rest_route=%2Fwp%2Fv2%2Ftags&post=131110"}],"curies":[{"name":"wp","href":"https:\/\/api.w.org\/{rel}","templated":true}]}}