{"id":131116,"date":"2025-11-30T16:35:17","date_gmt":"2025-11-30T22:35:17","guid":{"rendered":"https:\/\/diariolanoticia.com.mx\/?p=131116"},"modified":"2025-11-30T16:35:17","modified_gmt":"2025-11-30T22:35:17","slug":"asiste-pavel-gaspar-al-114-aniversario-de-la-firma-del-plan-de-ayala","status":"publish","type":"post","link":"https:\/\/diariolanoticia.com.mx\/?p=131116","title":{"rendered":"Asiste Pavel Gaspar al 114 aniversario de la firma del Plan de Ayala"},"content":{"rendered":"\n<p class=\"s9\">El presidente de la Junta de Gobierno y Coordinaci\u00f3n Pol\u00edtica (JUGOCOPO) del Congreso del Estado de Puebla, Pavel Gaspar Ram\u00edrez, asisti\u00f3 a la comunidad de Ayoxuxtla -perteneciente al municipio de Huehuetl\u00e1n el Chico-, a la ceremonia por el 114 Aniversario de la firma del Plan de Ayala, hecho hist\u00f3rico que fue encabezado por Emiliano Zapata el 28 de noviembre de 1911.<\/p>\n\n\n\n<p class=\"s10\">Gaspar Ram\u00edrez se\u00f1al\u00f3 que el Plan de Ayala fue para los campesinos el primer grito formal contra el despojo; el reconocimiento escrito de que la tierra deb\u00eda volver a quienes la trabajan y la confirmaci\u00f3n de que ning\u00fan proyecto de naci\u00f3n puede levantarse sin justicia.<\/p>\n\n\n\n<p class=\"s10\">\u201cEs inevitable imaginar en 1911 un pa\u00eds convulsionado, herido, pero profundamente vivo. Un M\u00e9xico eminentemente rural, donde la tierra era esperanza y a la vez condena; un M\u00e9xico donde millones de campesinas y campesinos -la clase social m\u00e1s desprotegida-, manten\u00edan encendida la llama de la dignidad, aun cuando \u00e9sta parec\u00eda apagarse entre la injusticia y el abuso\u201d.<\/p>\n\n\n\n<p class=\"s10\">Es precisamente en este contexto \u2013agreg\u00f3-, en un paisaje \u00e1rido para los derechos, pero f\u00e9rtil para la rebeld\u00eda justa, donde surge el nombre de la comunidad de Ayoxuxtla que hoy forma parte de nuestra historia, una comunidad que sin propon\u00e9rselo se volvi\u00f3 s\u00edmbolo y testigo de un acto trascendental como la promulgaci\u00f3n del Plan de Ayala.<\/p>\n\n\n\n<p class=\"s10\">Pavel Gaspar reconoci\u00f3 a las y los campesinos porque no han dejado de sembrar vida y han sostenido la alimentaci\u00f3n de este pa\u00eds, a\u00fan en los momentos m\u00e1s duros como conflictos, crisis, pandemias y sequ\u00edas.<\/p>\n\n\n\n<p class=\"s10\">El tambi\u00e9n diputado por el Distrito 23 con cabecera en Acatl\u00e1n de Osorio, dijo que desde el Congreso del Estado, las y los diputados han impulsado acciones que redundan en m\u00e1s apoyos al campo, a nuestros migrantes, as\u00ed como a las y los ganaderos, sin embargo, se necesitan m\u00e1s acciones que beneficien a los campesinos.<\/p>\n\n\n\n<p class=\"s10\">\u201cEl campo no es el pasado de M\u00e9xico, es nuestro presente y ser\u00e1 nuestro futuro, es la ra\u00edz que sostiene al \u00e1rbol de la patria, la fuerza que alimenta nuestros hogares, la cultura que nos da identidad, por eso con toda justicia debemos decirlo fuerte y con orgullo: larga vida a las y los campesinos de M\u00e9xico, larga vida a su lucha, a su trabajo y a su dignidad incansable\u201d, concluy\u00f3.<\/p>\n","protected":false},"excerpt":{"rendered":"<p>El presidente de la Junta de Gobierno y Coordinaci\u00f3n Pol\u00edtica (JUGOCOPO) del Congreso del Estado de Puebla, Pavel Gaspar Ram\u00edrez, asisti\u00f3 a la comunidad de Ayoxuxtla -perteneciente al municipio de Huehuetl\u00e1n el Chico-, a la ceremonia por el 114 Aniversario de la firma del Plan de Ayala, hecho hist\u00f3rico que fue encabezado por Emiliano Zapata [&hellip;]<\/p>\n","protected":false},"author":1,"featured_media":0,"comment_status":"closed","ping_status":"open","sticky":false,"template":"","format":"standard","meta":{"footnotes":""},"categories":[20],"tags":[],"class_list":["post-131116","post","type-post","status-publish","format-standard","hentry","category-norte-de-puebla"],"blog_post_layout_featured_media_urls":{"thumbnail":"","full":""},"categories_names":{"20":{"name":"Norte de Puebla","link":"https:\/\/diariolanoticia.com.mx\/?cat=20"}},"tags_names":[],"comments_number":"0","wpmagazine_modules_lite_featured_media_urls":{"thumbnail":"","cvmm-medium":"","cvmm-medium-plus":"","cvmm-portrait":"","cvmm-medium-square":"","cvmm-large":"","cvmm-small":"","full":""},"_links":{"self":[{"href":"https:\/\/diariolanoticia.com.mx\/index.php?rest_route=\/wp\/v2\/posts\/131116","targetHints":{"allow":["GET"]}}],"collection":[{"href":"https:\/\/diariolanoticia.com.mx\/index.php?rest_route=\/wp\/v2\/posts"}],"about":[{"href":"https:\/\/diariolanoticia.com.mx\/index.php?rest_route=\/wp\/v2\/types\/post"}],"author":[{"embeddable":true,"href":"https:\/\/diariolanoticia.com.mx\/index.php?rest_route=\/wp\/v2\/users\/1"}],"replies":[{"embeddable":true,"href":"https:\/\/diariolanoticia.com.mx\/index.php?rest_route=%2Fwp%2Fv2%2Fcomments&post=131116"}],"version-history":[{"count":1,"href":"https:\/\/diariolanoticia.com.mx\/index.php?rest_route=\/wp\/v2\/posts\/131116\/revisions"}],"predecessor-version":[{"id":131117,"href":"https:\/\/diariolanoticia.com.mx\/index.php?rest_route=\/wp\/v2\/posts\/131116\/revisions\/131117"}],"wp:attachment":[{"href":"https:\/\/diariolanoticia.com.mx\/index.php?rest_route=%2Fwp%2Fv2%2Fmedia&parent=131116"}],"wp:term":[{"taxonomy":"category","embeddable":true,"href":"https:\/\/diariolanoticia.com.mx\/index.php?rest_route=%2Fwp%2Fv2%2Fcategories&post=131116"},{"taxonomy":"post_tag","embeddable":true,"href":"https:\/\/diariolanoticia.com.mx\/index.php?rest_route=%2Fwp%2Fv2%2Ftags&post=131116"}],"curies":[{"name":"wp","href":"https:\/\/api.w.org\/{rel}","templated":true}]}}