{"id":131130,"date":"2025-12-01T17:05:06","date_gmt":"2025-12-01T23:05:06","guid":{"rendered":"https:\/\/diariolanoticia.com.mx\/?p=131130"},"modified":"2025-12-01T17:05:06","modified_gmt":"2025-12-01T23:05:06","slug":"realiza-unidad-para-la-igualdad-de-genero-del-congreso-del-estado-taller-de-escritura-creativa","status":"publish","type":"post","link":"https:\/\/diariolanoticia.com.mx\/?p=131130","title":{"rendered":"Realiza Unidad para la Igualdad de G\u00e9nero del Congreso del Estado \u201cTaller de Escritura Creativa\u201d"},"content":{"rendered":"\n<figure class=\"wp-block-gallery has-nested-images columns-default is-cropped wp-block-gallery-1 is-layout-flex wp-block-gallery-is-layout-flex\">\n<figure class=\"wp-block-image\"><img loading=\"lazy\" decoding=\"async\" width=\"1024\" height=\"683\" data-id=\"131129\" src=\"https:\/\/diariolanoticia.com.mx\/wp-content\/uploads\/2025\/12\/6c6c85ae-bb81-4f2c-b9ec-12ed83fc0ee6-1024x683.jpg\" alt=\"\" class=\"wp-image-131129\" srcset=\"https:\/\/diariolanoticia.com.mx\/wp-content\/uploads\/2025\/12\/6c6c85ae-bb81-4f2c-b9ec-12ed83fc0ee6-1024x683.jpg 1024w, https:\/\/diariolanoticia.com.mx\/wp-content\/uploads\/2025\/12\/6c6c85ae-bb81-4f2c-b9ec-12ed83fc0ee6-300x200.jpg 300w, https:\/\/diariolanoticia.com.mx\/wp-content\/uploads\/2025\/12\/6c6c85ae-bb81-4f2c-b9ec-12ed83fc0ee6-768x512.jpg 768w, https:\/\/diariolanoticia.com.mx\/wp-content\/uploads\/2025\/12\/6c6c85ae-bb81-4f2c-b9ec-12ed83fc0ee6.jpg 1500w\" sizes=\"auto, (max-width: 1024px) 100vw, 1024px\" \/><\/figure>\n\n\n\n<figure class=\"wp-block-image\"><img loading=\"lazy\" decoding=\"async\" width=\"1024\" height=\"547\" data-id=\"131128\" src=\"https:\/\/diariolanoticia.com.mx\/wp-content\/uploads\/2025\/12\/16f9a0c7-01ba-4db3-96bc-a72110ab3164-1-1024x547.jpg\" alt=\"\" class=\"wp-image-131128\" srcset=\"https:\/\/diariolanoticia.com.mx\/wp-content\/uploads\/2025\/12\/16f9a0c7-01ba-4db3-96bc-a72110ab3164-1-1024x547.jpg 1024w, https:\/\/diariolanoticia.com.mx\/wp-content\/uploads\/2025\/12\/16f9a0c7-01ba-4db3-96bc-a72110ab3164-1-300x160.jpg 300w, https:\/\/diariolanoticia.com.mx\/wp-content\/uploads\/2025\/12\/16f9a0c7-01ba-4db3-96bc-a72110ab3164-1-768x410.jpg 768w, https:\/\/diariolanoticia.com.mx\/wp-content\/uploads\/2025\/12\/16f9a0c7-01ba-4db3-96bc-a72110ab3164-1.jpg 1280w\" sizes=\"auto, (max-width: 1024px) 100vw, 1024px\" \/><\/figure>\n<\/figure>\n\n\n\n<p class=\"s9\">&#8211; El evento se enmarc\u00f3 en los 16 D\u00edas de Activismo contra la Violencia de G\u00e9nero<\/p>\n\n\n\n<p class=\"s9\">&nbsp;Con la finalidad de incorporar la perspectiva de g\u00e9nero a trav\u00e9s de las herramientas de escritura, la Unidad para la Igualdad de G\u00e9nero del Congreso del Estado llev\u00f3 a cabo el \u201cTaller de Escritura Creativa\u201d, en el marco de los 16 D\u00edas de Activismo contra la Violencia Hacia las Mujeres.<\/p>\n\n\n\n<p class=\"s9\">Durante el inicio de este evento, la titular de la Unidad para la Igualdad de G\u00e9nero del Congreso del Estado, Daniela Mier Ba\u00f1uelos, se\u00f1al\u00f3 que \u201ceste taller es una invitaci\u00f3n para mirar con honestidad, para escuchar con empat\u00eda, para acompa\u00f1arnos en un proceso creativo que reconozca la dignidad y el valor de cada persona.&nbsp;<\/p>\n\n\n\n<p class=\"s9\">No buscamos respuestas definitivas ni textos perfectos, buscamos abrir caminos, nombrar lo que antes parec\u00eda innombrable y explorar nuevos lenguajes para pensar un mundo sin violencia\u201d.<\/p>\n\n\n\n<p class=\"s9\">El \u201cTaller de Escritura Creativa\u201d fue impartido por la poeta y gestora cultural, Citlalli Santos, quien se\u00f1al\u00f3 que el objetivo primordial es poner en pr\u00e1ctica la poes\u00eda como una herramienta para verbalizar aquello que duele o lo que se ha mantenido en silencio durante mucho tiempo.<\/p>\n\n\n\n<p class=\"s9\">El curso const\u00f3 de tres partes fundamentales: el conocimiento de la escritura creativa, sus usos y accesibilidad; la revisi\u00f3n de corrientes literarias y ejercicios pr\u00e1cticos para la aplicaci\u00f3n de recursos estil\u00edsticos, como figuras ret\u00f3ricas y calambures.<\/p>\n","protected":false},"excerpt":{"rendered":"<p>&#8211; El evento se enmarc\u00f3 en los 16 D\u00edas de Activismo contra la Violencia de G\u00e9nero &nbsp;Con la finalidad de incorporar la perspectiva de g\u00e9nero a trav\u00e9s de las herramientas de escritura, la Unidad para la Igualdad de G\u00e9nero del Congreso del Estado llev\u00f3 a cabo el \u201cTaller de Escritura Creativa\u201d, en el marco de [&hellip;]<\/p>\n","protected":false},"author":1,"featured_media":131127,"comment_status":"closed","ping_status":"open","sticky":false,"template":"","format":"standard","meta":{"footnotes":""},"categories":[20],"tags":[],"class_list":["post-131130","post","type-post","status-publish","format-standard","has-post-thumbnail","hentry","category-norte-de-puebla"],"blog_post_layout_featured_media_urls":{"thumbnail":["https:\/\/diariolanoticia.com.mx\/wp-content\/uploads\/2025\/12\/16f9a0c7-01ba-4db3-96bc-a72110ab3164-216x160.jpg",216,160,true],"full":["https:\/\/diariolanoticia.com.mx\/wp-content\/uploads\/2025\/12\/16f9a0c7-01ba-4db3-96bc-a72110ab3164.jpg",1280,684,false]},"categories_names":{"20":{"name":"Norte de Puebla","link":"https:\/\/diariolanoticia.com.mx\/?cat=20"}},"tags_names":[],"comments_number":"0","wpmagazine_modules_lite_featured_media_urls":{"thumbnail":["https:\/\/diariolanoticia.com.mx\/wp-content\/uploads\/2025\/12\/16f9a0c7-01ba-4db3-96bc-a72110ab3164-216x160.jpg",216,160,true],"cvmm-medium":["https:\/\/diariolanoticia.com.mx\/wp-content\/uploads\/2025\/12\/16f9a0c7-01ba-4db3-96bc-a72110ab3164-300x300.jpg",300,300,true],"cvmm-medium-plus":["https:\/\/diariolanoticia.com.mx\/wp-content\/uploads\/2025\/12\/16f9a0c7-01ba-4db3-96bc-a72110ab3164-305x207.jpg",305,207,true],"cvmm-portrait":["https:\/\/diariolanoticia.com.mx\/wp-content\/uploads\/2025\/12\/16f9a0c7-01ba-4db3-96bc-a72110ab3164-400x600.jpg",400,600,true],"cvmm-medium-square":["https:\/\/diariolanoticia.com.mx\/wp-content\/uploads\/2025\/12\/16f9a0c7-01ba-4db3-96bc-a72110ab3164-600x600.jpg",600,600,true],"cvmm-large":["https:\/\/diariolanoticia.com.mx\/wp-content\/uploads\/2025\/12\/16f9a0c7-01ba-4db3-96bc-a72110ab3164-1024x684.jpg",1024,684,true],"cvmm-small":["https:\/\/diariolanoticia.com.mx\/wp-content\/uploads\/2025\/12\/16f9a0c7-01ba-4db3-96bc-a72110ab3164-130x95.jpg",130,95,true],"full":["https:\/\/diariolanoticia.com.mx\/wp-content\/uploads\/2025\/12\/16f9a0c7-01ba-4db3-96bc-a72110ab3164.jpg",1280,684,false]},"_links":{"self":[{"href":"https:\/\/diariolanoticia.com.mx\/index.php?rest_route=\/wp\/v2\/posts\/131130","targetHints":{"allow":["GET"]}}],"collection":[{"href":"https:\/\/diariolanoticia.com.mx\/index.php?rest_route=\/wp\/v2\/posts"}],"about":[{"href":"https:\/\/diariolanoticia.com.mx\/index.php?rest_route=\/wp\/v2\/types\/post"}],"author":[{"embeddable":true,"href":"https:\/\/diariolanoticia.com.mx\/index.php?rest_route=\/wp\/v2\/users\/1"}],"replies":[{"embeddable":true,"href":"https:\/\/diariolanoticia.com.mx\/index.php?rest_route=%2Fwp%2Fv2%2Fcomments&post=131130"}],"version-history":[{"count":1,"href":"https:\/\/diariolanoticia.com.mx\/index.php?rest_route=\/wp\/v2\/posts\/131130\/revisions"}],"predecessor-version":[{"id":131131,"href":"https:\/\/diariolanoticia.com.mx\/index.php?rest_route=\/wp\/v2\/posts\/131130\/revisions\/131131"}],"wp:featuredmedia":[{"embeddable":true,"href":"https:\/\/diariolanoticia.com.mx\/index.php?rest_route=\/wp\/v2\/media\/131127"}],"wp:attachment":[{"href":"https:\/\/diariolanoticia.com.mx\/index.php?rest_route=%2Fwp%2Fv2%2Fmedia&parent=131130"}],"wp:term":[{"taxonomy":"category","embeddable":true,"href":"https:\/\/diariolanoticia.com.mx\/index.php?rest_route=%2Fwp%2Fv2%2Fcategories&post=131130"},{"taxonomy":"post_tag","embeddable":true,"href":"https:\/\/diariolanoticia.com.mx\/index.php?rest_route=%2Fwp%2Fv2%2Ftags&post=131130"}],"curies":[{"name":"wp","href":"https:\/\/api.w.org\/{rel}","templated":true}]}}