{"id":131141,"date":"2025-11-28T19:05:13","date_gmt":"2025-11-29T01:05:13","guid":{"rendered":"https:\/\/diariolanoticia.com.mx\/?p=131141"},"modified":"2025-12-01T19:05:38","modified_gmt":"2025-12-02T01:05:38","slug":"rector-de-la-uatx-inauguro-sala-interactiva-de-educacion-inicial","status":"publish","type":"post","link":"https:\/\/diariolanoticia.com.mx\/?p=131141","title":{"rendered":"Rector de la UATx inaugur\u00f3 Sala Interactiva de Educaci\u00f3n Inicial"},"content":{"rendered":"\n<p>\u00fc\u00a0\u00a0Avanza la Universidad con la vestibulaci\u00f3n de la Torre de Rector\u00eda<\/p>\n\n\n\n<p>El Doctor Seraf\u00edn Ortiz Ortiz, Rector de la Universidad Aut\u00f3noma de Tlaxcala (UATx), acompa\u00f1ado por el Doctor Homero Meneses Hern\u00e1ndez, Secretario de Educaci\u00f3n P\u00fablica de Tlaxcala; y el Licenciado Carlos Luna, Delegado del Bienestar en Tlaxcala, inaugur\u00f3 la Sala Interactiva de Educaci\u00f3n Inicial, ubicada en el primer piso de la Torre de Rector\u00eda.<\/p>\n\n\n\n<p>Con la presencia de integrantes de la estructura de gobierno de la UATx y de estudiantes de Educaci\u00f3n Inicial de la Aut\u00f3noma de Tlaxcala, el Rector hizo un recorrido por el primer piso que alberga la Sala Interactiva de Educaci\u00f3n Inicial, dos aulas, cub\u00edculos y una sala de juntas.<\/p>\n\n\n\n<p>De esta forma, la Instituci\u00f3n avanza con la vestibulaci\u00f3n de la Torre de Rector\u00eda, la cual ha sido planeada por etapas, tal como lo anunci\u00f3 en d\u00edas pasado el Doctor Ortiz, quien en el acto inaugural habl\u00f3 sobre la&nbsp; \u00abVisi\u00f3n contempor\u00e1nea de la Educaci\u00f3n Inicial en M\u00e9xico: Nuevos Centros de Educaci\u00f3n y Cuidado Infantil (CECI) 2025\u00bb.<\/p>\n\n\n\n<p>Especific\u00f3 que en este trabajo conjunto de colaboraci\u00f3n para la Educaci\u00f3n Inicial, organismos como el Instituto Mexicano del Seguro Social de Ciudad Ju\u00e1rez, Chihuahua, inici\u00f3 con la creaci\u00f3n del primero de 12 Centros de Educaci\u00f3n y Cuidado Infantil (CECI), como un nuevo modelo pedag\u00f3gico que atender\u00e1 a m\u00e1s de 2 mil infantes.&nbsp; Los CECI sustituir\u00e1n las guarder\u00edas subrogadas, adem\u00e1s, en Ecatepec, Estado de M\u00e9xico, comenzar\u00e1 tambi\u00e9n la construcci\u00f3n de un CECI y se tiene como proyecto nacional la apertura de 200 centros de este tipo en todo el pa\u00eds.<\/p>\n\n\n\n<p>Como parte de esta inauguraci\u00f3n, el Doctor \u00c1ngel D\u00edaz Barriga, Coordinador del Centro de Investigaci\u00f3n Educativa (CIE-UATx) e Investigador Em\u00e9rito, ofreci\u00f3 la ponencia magistral \u00abCaracterizaci\u00f3n del Doctorado Nacional en Educaci\u00f3n Inicial y Gesti\u00f3n de Instituciones\u00bb, en la cual dio a conocer pormenores del programa interinstitucional que coordinar\u00e1 la Aut\u00f3noma de Tlaxcala.<\/p>\n\n\n\n<p>Adelant\u00f3 que se trabajar\u00e1 con docentes e investigadores de las facultades de Ciencias para el Desarrollo Humano, Ciencias de la Salud, Centro Tlaxcala Biolog\u00eda de la Conducta y el CIE, para ahondar en el tema del desarrollo neurofisiol\u00f3gico y nutricional.<\/p>\n\n\n\n<p>Precis\u00f3 que las estad\u00edsticas revelan que en el pa\u00eds 3.7 de cada cien ni\u00f1os tiene atenci\u00f3n temprana y 70 por ciento de los infantes recibe una crianza maltratadora, lo cual habla de la necesidad de profesionalizar a quienes atienden a la primera infancia y generar proyectos de investigaci\u00f3n enfocados a la educaci\u00f3n y cuidados en la etapa inicial de los infantes.<\/p>\n\n\n\n<p>Insisti\u00f3 en la necesidad de contar con instituciones que atiendan a grupo poblacional y propiciar una formaci\u00f3n profesional que brinde atenci\u00f3n integral, con proyectos de investigaci\u00f3n que permitan asegurar una crianza sana.<\/p>\n\n\n\n<p>La segunda conferencia magistral estuvo a cargo de la Doctora Jessica Qui\u00f1onez V\u00e1squez, quien es consultora del Banco Mundial, y present\u00f3 el tema \u00abNormas sociales que impiden que las familias hagan uso de los servicios de desarrollo infantil\u00bb. Se refiri\u00f3 a las cuatro tendencias para brindar una crianza positiva para ni\u00f1os y ni\u00f1as, y coincidi\u00f3 en que falta una mayor profesionalizaci\u00f3n y una formaci\u00f3n basada en competencias pedag\u00f3gicas que vayan m\u00e1s all\u00e1 del cuidado.<\/p>\n\n\n\n<p>Indic\u00f3 que hay muchos aspectos que deben considerarse en el cuidado de un infante durante su desarrollo y desenvolvimiento cotidiano, por ello, el proyecto interinstitucional que lidera la UATx con 16 universidades del pa\u00eds, implica brindar una formaci\u00f3n profesionalizante que aporte conocimientos y herramientas en campos especializados para atender y cuidar a la ni\u00f1ez, basada en competencias pedag\u00f3gicas.<\/p>\n\n\n\n<p>Ambas conferencias se pueden consultar en:&nbsp;<a href=\"https:\/\/www.facebook.com\/UATxOficial\/\" target=\"_blank\" rel=\"noreferrer noopener\">https:\/\/www.facebook.com\/UATxOficial\/<\/a><\/p>\n","protected":false},"excerpt":{"rendered":"<p>\u00fc\u00a0\u00a0Avanza la Universidad con la vestibulaci\u00f3n de la Torre de Rector\u00eda El Doctor Seraf\u00edn Ortiz Ortiz, Rector de la Universidad Aut\u00f3noma de Tlaxcala (UATx), acompa\u00f1ado por el Doctor Homero Meneses Hern\u00e1ndez, Secretario de Educaci\u00f3n P\u00fablica de Tlaxcala; y el Licenciado Carlos Luna, Delegado del Bienestar en Tlaxcala, inaugur\u00f3 la Sala Interactiva de Educaci\u00f3n Inicial, ubicada [&hellip;]<\/p>\n","protected":false},"author":1,"featured_media":131142,"comment_status":"open","ping_status":"open","sticky":false,"template":"","format":"standard","meta":{"footnotes":""},"categories":[10],"tags":[],"class_list":["post-131141","post","type-post","status-publish","format-standard","has-post-thumbnail","hentry","category-educacion"],"blog_post_layout_featured_media_urls":{"thumbnail":["https:\/\/diariolanoticia.com.mx\/wp-content\/uploads\/2025\/12\/28-Rector-de-la-UATx-inauguro-Sala-Interactiva-de-Educacion-Inicial-1-216x160.jpeg",216,160,true],"full":["https:\/\/diariolanoticia.com.mx\/wp-content\/uploads\/2025\/12\/28-Rector-de-la-UATx-inauguro-Sala-Interactiva-de-Educacion-Inicial-1.jpeg",1600,1066,false]},"categories_names":{"10":{"name":"Educaci\u00f3n","link":"https:\/\/diariolanoticia.com.mx\/?cat=10"}},"tags_names":[],"comments_number":"0","wpmagazine_modules_lite_featured_media_urls":{"thumbnail":["https:\/\/diariolanoticia.com.mx\/wp-content\/uploads\/2025\/12\/28-Rector-de-la-UATx-inauguro-Sala-Interactiva-de-Educacion-Inicial-1-216x160.jpeg",216,160,true],"cvmm-medium":["https:\/\/diariolanoticia.com.mx\/wp-content\/uploads\/2025\/12\/28-Rector-de-la-UATx-inauguro-Sala-Interactiva-de-Educacion-Inicial-1-300x300.jpeg",300,300,true],"cvmm-medium-plus":["https:\/\/diariolanoticia.com.mx\/wp-content\/uploads\/2025\/12\/28-Rector-de-la-UATx-inauguro-Sala-Interactiva-de-Educacion-Inicial-1-305x207.jpeg",305,207,true],"cvmm-portrait":["https:\/\/diariolanoticia.com.mx\/wp-content\/uploads\/2025\/12\/28-Rector-de-la-UATx-inauguro-Sala-Interactiva-de-Educacion-Inicial-1-400x600.jpeg",400,600,true],"cvmm-medium-square":["https:\/\/diariolanoticia.com.mx\/wp-content\/uploads\/2025\/12\/28-Rector-de-la-UATx-inauguro-Sala-Interactiva-de-Educacion-Inicial-1-600x600.jpeg",600,600,true],"cvmm-large":["https:\/\/diariolanoticia.com.mx\/wp-content\/uploads\/2025\/12\/28-Rector-de-la-UATx-inauguro-Sala-Interactiva-de-Educacion-Inicial-1-1024x1024.jpeg",1024,1024,true],"cvmm-small":["https:\/\/diariolanoticia.com.mx\/wp-content\/uploads\/2025\/12\/28-Rector-de-la-UATx-inauguro-Sala-Interactiva-de-Educacion-Inicial-1-130x95.jpeg",130,95,true],"full":["https:\/\/diariolanoticia.com.mx\/wp-content\/uploads\/2025\/12\/28-Rector-de-la-UATx-inauguro-Sala-Interactiva-de-Educacion-Inicial-1.jpeg",1600,1066,false]},"_links":{"self":[{"href":"https:\/\/diariolanoticia.com.mx\/index.php?rest_route=\/wp\/v2\/posts\/131141","targetHints":{"allow":["GET"]}}],"collection":[{"href":"https:\/\/diariolanoticia.com.mx\/index.php?rest_route=\/wp\/v2\/posts"}],"about":[{"href":"https:\/\/diariolanoticia.com.mx\/index.php?rest_route=\/wp\/v2\/types\/post"}],"author":[{"embeddable":true,"href":"https:\/\/diariolanoticia.com.mx\/index.php?rest_route=\/wp\/v2\/users\/1"}],"replies":[{"embeddable":true,"href":"https:\/\/diariolanoticia.com.mx\/index.php?rest_route=%2Fwp%2Fv2%2Fcomments&post=131141"}],"version-history":[{"count":1,"href":"https:\/\/diariolanoticia.com.mx\/index.php?rest_route=\/wp\/v2\/posts\/131141\/revisions"}],"predecessor-version":[{"id":131143,"href":"https:\/\/diariolanoticia.com.mx\/index.php?rest_route=\/wp\/v2\/posts\/131141\/revisions\/131143"}],"wp:featuredmedia":[{"embeddable":true,"href":"https:\/\/diariolanoticia.com.mx\/index.php?rest_route=\/wp\/v2\/media\/131142"}],"wp:attachment":[{"href":"https:\/\/diariolanoticia.com.mx\/index.php?rest_route=%2Fwp%2Fv2%2Fmedia&parent=131141"}],"wp:term":[{"taxonomy":"category","embeddable":true,"href":"https:\/\/diariolanoticia.com.mx\/index.php?rest_route=%2Fwp%2Fv2%2Fcategories&post=131141"},{"taxonomy":"post_tag","embeddable":true,"href":"https:\/\/diariolanoticia.com.mx\/index.php?rest_route=%2Fwp%2Fv2%2Ftags&post=131141"}],"curies":[{"name":"wp","href":"https:\/\/api.w.org\/{rel}","templated":true}]}}