{"id":131156,"date":"2025-11-26T19:13:33","date_gmt":"2025-11-27T01:13:33","guid":{"rendered":"https:\/\/diariolanoticia.com.mx\/?p=131156"},"modified":"2025-12-01T19:14:03","modified_gmt":"2025-12-02T01:14:03","slug":"uatx-y-sepe-uset-fortalecen-formacion-de-educadoras-con-el-foro-retos-actuales-en-la-educacion-preescolar","status":"publish","type":"post","link":"https:\/\/diariolanoticia.com.mx\/?p=131156","title":{"rendered":"UATx y SEPE-USET fortalecen formaci\u00f3n de educadoras con el foro \u00abRetos actuales en la educaci\u00f3n preescolar\u00bb"},"content":{"rendered":"\n<p>Con el prop\u00f3sito de promover el intercambio de conocimientos y herramientas que favorezcan el aprendizaje y el desarrollo integral de la ni\u00f1ez en un ambiente inclusivo, se llev\u00f3 a cabo&nbsp;<a>el foro \u00abRetos actuales en la educaci\u00f3n preescolar\u00bb,&nbsp;<\/a>actividad que forma parte del convenio firmado entre la Facultad de Ciencias para el Desarrollo Humano de la Universidad Aut\u00f3noma de Tlaxcala (FCDH-UATx) y el Departamento de Educaci\u00f3n Preescolar de la Secretar\u00eda de Educaci\u00f3n P\u00fablica en el Estado y la Unidad de Servicios Educativos de Tlaxcala &nbsp;(SEPE-USET).<\/p>\n\n\n\n<p>La sede fue el Centro Cultural Universitario con la asistencia de maestras de educaci\u00f3n preescolar, en donde el Maestro Mauro S\u00e1nchez Ibarra, Secretario de Rector\u00eda, a nombre del Doctor Seraf\u00edn Ortiz Ortiz, Rector de la UATx, indic\u00f3 que a lo largo de cuatro d\u00e9cadas esta Casa de Estudios ha formado a un n\u00famero relevante de profesionales en diferentes disciplinas, quienes con su trabajo contribuyen al bienestar y al desarrollo social.<\/p>\n\n\n\n<p>Subray\u00f3 que es inter\u00e9s de la UATx mantener una vinculaci\u00f3n de trabajo acad\u00e9mico con el sector educativo del estado, para generar ambientes de di\u00e1logo, encuentro y argumentaci\u00f3n que favorezcan las actividades que se realizan en el aula con los infantes. Recalc\u00f3 que a trav\u00e9s del Modelo Humanista Integrador basado en Capacidades, la Universidad prepara a profesionales para que desde su \u00e1mbito de competencia se inserten con un sentido social y transformen su entorno.<\/p>\n\n\n\n<p>Por su parte, el Doctor Homero Meneses Hern\u00e1ndez, Titular de SEPE-USET, en representaci\u00f3n de la Licenciada Lorena Cuellar Cisneros, Gobernadora del Estado de Tlaxcala, sostuvo que el foro coloca en el centro a la educaci\u00f3n preescolar como uno de los pilares de los aprendizajes, porque es en este nivel donde se siembran valores, emociones y v\u00ednculos que definen la vida de ni\u00f1as y ni\u00f1os tlaxcaltecas.<\/p>\n\n\n\n<p>Agreg\u00f3 que desde el inicio de la presente administraci\u00f3n, se han fortalecido los lazos de amistad con la Aut\u00f3noma de Tlaxcala y los resultados han sido favorables porque, si bien se tiene una cobertura de 80 por ciento a este sector, el reto para la educaci\u00f3n preescolares es mantener el inter\u00e9s, la participaci\u00f3n, la corresponsabilidad de madres y padres en la crianza y en la educaci\u00f3n de sus hijos.<\/p>\n\n\n\n<p>Esta jornada brind\u00f3 las conferencias \u00abEducaci\u00f3n preescolar y desarrollo psicol\u00f3gico: El rol del educador\u00bb que dict\u00f3 el Doctor Luis Quintanar; \u00abEl juego como actividad rectora en el desarrollo preescolar\u00bb a cargo de la Doctora Yulia Solovieva; y \u00abAbordaje de conductas no deseadas y ense\u00f1anza de habilidades preescolares a ni\u00f1os con TEA en aula regular\u00bb por el Doctor V\u00edctor Rodr\u00edguez, Presidente de la Lovaas Foundation de Barcelona, Espa\u00f1a.<\/p>\n","protected":false},"excerpt":{"rendered":"<p>Con el prop\u00f3sito de promover el intercambio de conocimientos y herramientas que favorezcan el aprendizaje y el desarrollo integral de la ni\u00f1ez en un ambiente inclusivo, se llev\u00f3 a cabo&nbsp;el foro \u00abRetos actuales en la educaci\u00f3n preescolar\u00bb,&nbsp;actividad que forma parte del convenio firmado entre la Facultad de Ciencias para el Desarrollo Humano de la Universidad [&hellip;]<\/p>\n","protected":false},"author":1,"featured_media":131157,"comment_status":"open","ping_status":"open","sticky":false,"template":"","format":"standard","meta":{"footnotes":""},"categories":[10],"tags":[],"class_list":["post-131156","post","type-post","status-publish","format-standard","has-post-thumbnail","hentry","category-educacion"],"blog_post_layout_featured_media_urls":{"thumbnail":["https:\/\/diariolanoticia.com.mx\/wp-content\/uploads\/2025\/12\/26-UATx-y-SEPE-USET-fortalecen-formacion-de-educadoras-con-el-foro-Retos-actuales-en-la-educacion-preescolar-2-216x160.jpeg",216,160,true],"full":["https:\/\/diariolanoticia.com.mx\/wp-content\/uploads\/2025\/12\/26-UATx-y-SEPE-USET-fortalecen-formacion-de-educadoras-con-el-foro-Retos-actuales-en-la-educacion-preescolar-2.jpeg",1600,1066,false]},"categories_names":{"10":{"name":"Educaci\u00f3n","link":"https:\/\/diariolanoticia.com.mx\/?cat=10"}},"tags_names":[],"comments_number":"0","wpmagazine_modules_lite_featured_media_urls":{"thumbnail":["https:\/\/diariolanoticia.com.mx\/wp-content\/uploads\/2025\/12\/26-UATx-y-SEPE-USET-fortalecen-formacion-de-educadoras-con-el-foro-Retos-actuales-en-la-educacion-preescolar-2-216x160.jpeg",216,160,true],"cvmm-medium":["https:\/\/diariolanoticia.com.mx\/wp-content\/uploads\/2025\/12\/26-UATx-y-SEPE-USET-fortalecen-formacion-de-educadoras-con-el-foro-Retos-actuales-en-la-educacion-preescolar-2-300x300.jpeg",300,300,true],"cvmm-medium-plus":["https:\/\/diariolanoticia.com.mx\/wp-content\/uploads\/2025\/12\/26-UATx-y-SEPE-USET-fortalecen-formacion-de-educadoras-con-el-foro-Retos-actuales-en-la-educacion-preescolar-2-305x207.jpeg",305,207,true],"cvmm-portrait":["https:\/\/diariolanoticia.com.mx\/wp-content\/uploads\/2025\/12\/26-UATx-y-SEPE-USET-fortalecen-formacion-de-educadoras-con-el-foro-Retos-actuales-en-la-educacion-preescolar-2-400x600.jpeg",400,600,true],"cvmm-medium-square":["https:\/\/diariolanoticia.com.mx\/wp-content\/uploads\/2025\/12\/26-UATx-y-SEPE-USET-fortalecen-formacion-de-educadoras-con-el-foro-Retos-actuales-en-la-educacion-preescolar-2-600x600.jpeg",600,600,true],"cvmm-large":["https:\/\/diariolanoticia.com.mx\/wp-content\/uploads\/2025\/12\/26-UATx-y-SEPE-USET-fortalecen-formacion-de-educadoras-con-el-foro-Retos-actuales-en-la-educacion-preescolar-2-1024x1024.jpeg",1024,1024,true],"cvmm-small":["https:\/\/diariolanoticia.com.mx\/wp-content\/uploads\/2025\/12\/26-UATx-y-SEPE-USET-fortalecen-formacion-de-educadoras-con-el-foro-Retos-actuales-en-la-educacion-preescolar-2-130x95.jpeg",130,95,true],"full":["https:\/\/diariolanoticia.com.mx\/wp-content\/uploads\/2025\/12\/26-UATx-y-SEPE-USET-fortalecen-formacion-de-educadoras-con-el-foro-Retos-actuales-en-la-educacion-preescolar-2.jpeg",1600,1066,false]},"_links":{"self":[{"href":"https:\/\/diariolanoticia.com.mx\/index.php?rest_route=\/wp\/v2\/posts\/131156","targetHints":{"allow":["GET"]}}],"collection":[{"href":"https:\/\/diariolanoticia.com.mx\/index.php?rest_route=\/wp\/v2\/posts"}],"about":[{"href":"https:\/\/diariolanoticia.com.mx\/index.php?rest_route=\/wp\/v2\/types\/post"}],"author":[{"embeddable":true,"href":"https:\/\/diariolanoticia.com.mx\/index.php?rest_route=\/wp\/v2\/users\/1"}],"replies":[{"embeddable":true,"href":"https:\/\/diariolanoticia.com.mx\/index.php?rest_route=%2Fwp%2Fv2%2Fcomments&post=131156"}],"version-history":[{"count":1,"href":"https:\/\/diariolanoticia.com.mx\/index.php?rest_route=\/wp\/v2\/posts\/131156\/revisions"}],"predecessor-version":[{"id":131158,"href":"https:\/\/diariolanoticia.com.mx\/index.php?rest_route=\/wp\/v2\/posts\/131156\/revisions\/131158"}],"wp:featuredmedia":[{"embeddable":true,"href":"https:\/\/diariolanoticia.com.mx\/index.php?rest_route=\/wp\/v2\/media\/131157"}],"wp:attachment":[{"href":"https:\/\/diariolanoticia.com.mx\/index.php?rest_route=%2Fwp%2Fv2%2Fmedia&parent=131156"}],"wp:term":[{"taxonomy":"category","embeddable":true,"href":"https:\/\/diariolanoticia.com.mx\/index.php?rest_route=%2Fwp%2Fv2%2Fcategories&post=131156"},{"taxonomy":"post_tag","embeddable":true,"href":"https:\/\/diariolanoticia.com.mx\/index.php?rest_route=%2Fwp%2Fv2%2Ftags&post=131156"}],"curies":[{"name":"wp","href":"https:\/\/api.w.org\/{rel}","templated":true}]}}