{"id":131159,"date":"2025-11-26T19:15:09","date_gmt":"2025-11-27T01:15:09","guid":{"rendered":"https:\/\/diariolanoticia.com.mx\/?p=131159"},"modified":"2025-12-01T19:15:43","modified_gmt":"2025-12-02T01:15:43","slug":"firman-acuerdo-de-colaboracion-la-uatx-y-el-saet","status":"publish","type":"post","link":"https:\/\/diariolanoticia.com.mx\/?p=131159","title":{"rendered":"Firman acuerdo de colaboraci\u00f3n la UATx y el SAET"},"content":{"rendered":"\n<p>\u00fc&nbsp;&nbsp;Desde su ingreso los estudiantes construyen un proceso integrador de saberes y experiencias que consolida su preparaci\u00f3n y contribuye al impacto social: Rector<\/p>\n\n\n\n<p>Con el fin de afianzar los mecanismos de colaboraci\u00f3n interinstitucional para servicio social y pr\u00e1cticas profesionales de los estudiantes, la Universidad Aut\u00f3noma de Tlaxcala (UATx) y la Secretar\u00eda Ejecutiva del Sistema Anticorrupci\u00f3n del Estado de Tlaxcala firmaron un convenio de colaboraci\u00f3n. Esta alianza la formalizaron el Doctor Seraf\u00edn Ortiz Ortiz, Rector de nuestra Casa de Estudios, y el Maestro Juan Carlos Cruz Jim\u00e9nez, Presidente del Sistema Anticorrupci\u00f3n del Estado de Tlaxcala (SAET).<\/p>\n\n\n\n<p>Reunidos en la Sala de Juntas de la Rector\u00eda, el Doctor Ortiz precis\u00f3 que desde la Universidad se asume el compromiso de capacitar, investigar y difundir tem\u00e1ticas que se focalizan como problema social, tal es el caso de la corrupci\u00f3n. Especific\u00f3 que este a\u00f1o 2,800 estudiantes de la UATx realizan su servicio social y 1,900 llevan a cabo pr\u00e1cticas profesionales, acciones que fortalecen su formaci\u00f3n integral y les permite vincular el conocimiento acad\u00e9mico con la praxis profesional en virtud que, desde su ingreso a la Universidad, los estudiantes construyen un proceso integrador de saberes y experiencias que consolida su preparaci\u00f3n y contribuye al impacto social de la Instituci\u00f3n.<\/p>\n\n\n\n<p>Asimismo, el Rector expres\u00f3 su agradecimiento por el enlace establecido entre la UATx y el SAET, ya que fortalece la formaci\u00f3n estudiantil bajo el Modelo Humanista Integrador basado en Capacidades (MHIC), el cual fomenta la pr\u00e1ctica de valores y promueve entre los estudiantes una conducta honorable que se refleja en la honestidad y compromiso de su ejercicio profesional.<\/p>\n\n\n\n<p>En tanto, el Maestro Juan Carlos Cruz Jim\u00e9nez resalt\u00f3 que esta Casa de Estudios muestra un firme compromiso con la formaci\u00f3n de profesionistas \u00edntegros a trav\u00e9s del MHIC y, en este sentido, el SAET reafirma su responsabilidad para construir un Tlaxcala m\u00e1s \u00edntegro y transparente y cercano a la ciudadan\u00eda. Asegur\u00f3 que esta alianza rendir\u00e1 frutos duraderos en favor de la entidad, siendo el inicio de muchos proyectos que abonan al fortalecimiento institucional para afrontar a la corrupci\u00f3n.<\/p>\n\n\n\n<p>A su vez, el Maestro Jos\u00e9 David Cabrera Canales, Coordinador Institucional de Informaci\u00f3n y Transparencia de la UATx, dijo que este acuerdo representa un paso firme para mejorar la eficiencia institucional y consolidar la cooperaci\u00f3n en atenci\u00f3n de desaf\u00edos comunes, como lo es el combate a la corrupci\u00f3n, por ello, la Aut\u00f3noma de Tlaxcala asume con responsabilidad su papel al promover la transparencia y la rendici\u00f3n de cuentas como principios rectores de la vida acad\u00e9mica y administrativa.&nbsp;<\/p>\n\n\n\n<p>De igual forma, la Maestra Yaneli del Razo Enr\u00edquez, Jefa del Departamento de Asuntos Jur\u00eddicos en funciones de Secretar\u00eda T\u00e9cnica de la Secretar\u00eda Ejecutiva de la SAET, enfatiz\u00f3 que adem\u00e1s de formalizar un convenio, se construye un puente que conecta el talento, la educaci\u00f3n y la excelencia acad\u00e9mica que se forja en la Aut\u00f3noma de Tlaxcala con la responsabilidad de servir al inter\u00e9s p\u00fablico, siendo la educaci\u00f3n superior el pilar m\u00e1s s\u00f3lido y transformador de la sociedad.<\/p>\n\n\n\n<p>Por su parte, la Doctora Nelyda Romano Carro, Coordinadora General de Servicio Social y Pr\u00e1cticas Profesionales de la UATx, destac\u00f3 que estas acciones brindan a los educandos la oportunidad de aplicar sus conocimientos en escenarios reales. Subray\u00f3 que esta experiencia contribuye al desarrollo de la sociedad y refuerza en los j\u00f3venes su compromiso \u00e9tico, basado en valores y en la pr\u00e1ctica de la transparencia.<\/p>\n","protected":false},"excerpt":{"rendered":"<p>\u00fc&nbsp;&nbsp;Desde su ingreso los estudiantes construyen un proceso integrador de saberes y experiencias que consolida su preparaci\u00f3n y contribuye al impacto social: Rector Con el fin de afianzar los mecanismos de colaboraci\u00f3n interinstitucional para servicio social y pr\u00e1cticas profesionales de los estudiantes, la Universidad Aut\u00f3noma de Tlaxcala (UATx) y la Secretar\u00eda Ejecutiva del Sistema Anticorrupci\u00f3n [&hellip;]<\/p>\n","protected":false},"author":1,"featured_media":131160,"comment_status":"open","ping_status":"open","sticky":false,"template":"","format":"standard","meta":{"footnotes":""},"categories":[10],"tags":[],"class_list":["post-131159","post","type-post","status-publish","format-standard","has-post-thumbnail","hentry","category-educacion"],"blog_post_layout_featured_media_urls":{"thumbnail":["https:\/\/diariolanoticia.com.mx\/wp-content\/uploads\/2025\/12\/26-Firman-acuerdo-de-colaboracion-la-UATx-y-el-SAET-216x160.jpg",216,160,true],"full":["https:\/\/diariolanoticia.com.mx\/wp-content\/uploads\/2025\/12\/26-Firman-acuerdo-de-colaboracion-la-UATx-y-el-SAET-scaled.jpg",2560,1707,false]},"categories_names":{"10":{"name":"Educaci\u00f3n","link":"https:\/\/diariolanoticia.com.mx\/?cat=10"}},"tags_names":[],"comments_number":"0","wpmagazine_modules_lite_featured_media_urls":{"thumbnail":["https:\/\/diariolanoticia.com.mx\/wp-content\/uploads\/2025\/12\/26-Firman-acuerdo-de-colaboracion-la-UATx-y-el-SAET-216x160.jpg",216,160,true],"cvmm-medium":["https:\/\/diariolanoticia.com.mx\/wp-content\/uploads\/2025\/12\/26-Firman-acuerdo-de-colaboracion-la-UATx-y-el-SAET-300x300.jpg",300,300,true],"cvmm-medium-plus":["https:\/\/diariolanoticia.com.mx\/wp-content\/uploads\/2025\/12\/26-Firman-acuerdo-de-colaboracion-la-UATx-y-el-SAET-305x207.jpg",305,207,true],"cvmm-portrait":["https:\/\/diariolanoticia.com.mx\/wp-content\/uploads\/2025\/12\/26-Firman-acuerdo-de-colaboracion-la-UATx-y-el-SAET-400x600.jpg",400,600,true],"cvmm-medium-square":["https:\/\/diariolanoticia.com.mx\/wp-content\/uploads\/2025\/12\/26-Firman-acuerdo-de-colaboracion-la-UATx-y-el-SAET-600x600.jpg",600,600,true],"cvmm-large":["https:\/\/diariolanoticia.com.mx\/wp-content\/uploads\/2025\/12\/26-Firman-acuerdo-de-colaboracion-la-UATx-y-el-SAET-1024x1024.jpg",1024,1024,true],"cvmm-small":["https:\/\/diariolanoticia.com.mx\/wp-content\/uploads\/2025\/12\/26-Firman-acuerdo-de-colaboracion-la-UATx-y-el-SAET-130x95.jpg",130,95,true],"full":["https:\/\/diariolanoticia.com.mx\/wp-content\/uploads\/2025\/12\/26-Firman-acuerdo-de-colaboracion-la-UATx-y-el-SAET-scaled.jpg",2560,1707,false]},"_links":{"self":[{"href":"https:\/\/diariolanoticia.com.mx\/index.php?rest_route=\/wp\/v2\/posts\/131159","targetHints":{"allow":["GET"]}}],"collection":[{"href":"https:\/\/diariolanoticia.com.mx\/index.php?rest_route=\/wp\/v2\/posts"}],"about":[{"href":"https:\/\/diariolanoticia.com.mx\/index.php?rest_route=\/wp\/v2\/types\/post"}],"author":[{"embeddable":true,"href":"https:\/\/diariolanoticia.com.mx\/index.php?rest_route=\/wp\/v2\/users\/1"}],"replies":[{"embeddable":true,"href":"https:\/\/diariolanoticia.com.mx\/index.php?rest_route=%2Fwp%2Fv2%2Fcomments&post=131159"}],"version-history":[{"count":1,"href":"https:\/\/diariolanoticia.com.mx\/index.php?rest_route=\/wp\/v2\/posts\/131159\/revisions"}],"predecessor-version":[{"id":131161,"href":"https:\/\/diariolanoticia.com.mx\/index.php?rest_route=\/wp\/v2\/posts\/131159\/revisions\/131161"}],"wp:featuredmedia":[{"embeddable":true,"href":"https:\/\/diariolanoticia.com.mx\/index.php?rest_route=\/wp\/v2\/media\/131160"}],"wp:attachment":[{"href":"https:\/\/diariolanoticia.com.mx\/index.php?rest_route=%2Fwp%2Fv2%2Fmedia&parent=131159"}],"wp:term":[{"taxonomy":"category","embeddable":true,"href":"https:\/\/diariolanoticia.com.mx\/index.php?rest_route=%2Fwp%2Fv2%2Fcategories&post=131159"},{"taxonomy":"post_tag","embeddable":true,"href":"https:\/\/diariolanoticia.com.mx\/index.php?rest_route=%2Fwp%2Fv2%2Ftags&post=131159"}],"curies":[{"name":"wp","href":"https:\/\/api.w.org\/{rel}","templated":true}]}}