{"id":131165,"date":"2025-12-01T19:18:03","date_gmt":"2025-12-02T01:18:03","guid":{"rendered":"https:\/\/diariolanoticia.com.mx\/?p=131165"},"modified":"2025-12-01T19:18:09","modified_gmt":"2025-12-02T01:18:09","slug":"el-rector-de-la-uatx-es-galardonado-por-la-conferencia-internacional-de-la-comunidad-universitaria","status":"publish","type":"post","link":"https:\/\/diariolanoticia.com.mx\/?p=131165","title":{"rendered":"El Rector de la UATx es galardonado por la Conferencia Internacional de la Comunidad Universitaria"},"content":{"rendered":"\n<p>\u00fc&nbsp;&nbsp;Recibi\u00f3 el&nbsp;\ud835\udc06\ud835\udc1a\ud835\udc25\ud835\udc1a\ud835\udc2b\ud835\udc1d\ud835\udc28\u0301\ud835\udc27&nbsp;\ud835\udc0f\ud835\udc1a\ud835\udc2d\ud835\udc2b\ud835\udc22\ud835\udc28\u0301\ud835\udc2d\ud835\udc22\ud835\udc1c\ud835\udc28&nbsp;\ud835\udc11\ud835\udc1e\ud835\udc2f\ud835\udc28\ud835\udc25\ud835\udc2e\ud835\udc1c\ud835\udc22\ud835\udc28\ud835\udc27\ud835\udc1a\ud835\udc2b\ud835\udc22\ud835\udc28&nbsp;(Doctoratus Honorem Magnus) y la&nbsp;\ud835\udc0f\ud835\udc2b\ud835\udc1e\ud835\udc2c\ud835\udc1e\ud835\udc1a&nbsp;\ud835\udc11\ud835\udc1e\ud835\udc2f\ud835\udc28\ud835\udc25\ud835\udc2e\ud835\udc1c\ud835\udc22\ud835\udc28\u0301\ud835\udc27&nbsp;\ud835\udc0c\ud835\udc1e\ud835\udc31\ud835\udc22\ud835\udc1c\ud835\udc1a\ud835\udc27\ud835\udc1a<\/p>\n\n\n\n<p>\u00fc&nbsp;&nbsp;Reconoce su liderazgo acad\u00e9mico, su impulso al humanismo mexicano y a la justicia social<\/p>\n\n\n\n<p>El Doctor Seraf\u00edn Ortiz Ortiz, Rector de la Universidad Aut\u00f3noma de Tlaxcala (UATx), recibi\u00f3 el&nbsp;\ud835\udc06\ud835\udc1a\ud835\udc25\ud835\udc1a\ud835\udc2b\ud835\udc1d\ud835\udc28\u0301\ud835\udc27&nbsp;\ud835\udc0f\ud835\udc1a\ud835\udc2d\ud835\udc2b\ud835\udc22\ud835\udc28\u0301\ud835\udc2d\ud835\udc22\ud835\udc1c\ud835\udc28&nbsp;\ud835\udc11\ud835\udc1e\ud835\udc2f\ud835\udc28\ud835\udc25\ud835\udc2e\ud835\udc1c\ud835\udc22\ud835\udc28\ud835\udc27\ud835\udc1a\ud835\udc2b\ud835\udc22\ud835\udc28&nbsp;(Doctoratus Honorem Magnus) y la&nbsp;\ud835\udc0f\ud835\udc2b\ud835\udc1e\ud835\udc2c\ud835\udc1e\ud835\udc1a&nbsp;\ud835\udc11\ud835\udc1e\ud835\udc2f\ud835\udc28\ud835\udc25\ud835\udc2e\ud835\udc1c\ud835\udc22\ud835\udc28\u0301\ud835\udc27&nbsp;\ud835\udc0c\ud835\udc1e\ud835\udc31\ud835\udc22\ud835\udc1c\ud835\udc1a\ud835\udc27\ud835\udc1a, distinciones otorgadas por la&nbsp;\ud835\udc02\ud835\udc28\ud835\udc27\ud835\udc1f\ud835\udc1e\ud835\udc2b\ud835\udc1e\ud835\udc27\ud835\udc1c\ud835\udc22\ud835\udc1a&nbsp;\ud835\udc08\ud835\udc27\ud835\udc2d\ud835\udc1e\ud835\udc2b\ud835\udc27\ud835\udc1a\ud835\udc1c\ud835\udc22\ud835\udc28\ud835\udc27\ud835\udc1a\ud835\udc25&nbsp;\ud835\udc1d\ud835\udc1e&nbsp;\ud835\udc25\ud835\udc1a&nbsp;\ud835\udc02\ud835\udc28\ud835\udc26\ud835\udc2e\ud835\udc27\ud835\udc22\ud835\udc1d\ud835\udc1a\ud835\udc1d&nbsp;\ud835\udc14\ud835\udc27\ud835\udc22\ud835\udc2f\ud835\udc1e\ud835\udc2b\ud835\udc2c\ud835\udc22\ud835\udc2d\ud835\udc1a\ud835\udc2b\ud835\udc22\ud835\udc1a&nbsp;A.C., que preside el MD Roberto A. Villase\u00f1or Aceves, con motivo del 115 aniversario de la Revoluci\u00f3n Mexicana.<\/p>\n\n\n\n<p>Ambos reconocimientos resaltan su liderazgo acad\u00e9mico, su impulso al humanismo mexicano, la justicia social y su contribuci\u00f3n a la revoluci\u00f3n de las conciencias, principios que fortalecen la proyecci\u00f3n nacional e internacional de la Aut\u00f3noma de Tlaxcala.<\/p>\n\n\n\n<p>La ceremonia se realiz\u00f3 el pasado 29 de noviembre en el Auditorio de la Casa de la Cultura de Tlalpan, en la Ciudad de M\u00e9xico, donde el Rector de la UAtx fue distinguido por su labor educativa, cient\u00edfica, social y cultural, y por sus aportaciones al desarrollo universitario.<\/p>\n\n\n\n<p>Ante un selecto p\u00fablico invitado a esta ceremonia, conformado por instituciones de educaci\u00f3n superior de M\u00e9xico y el extranjero, el Doctor Ortiz abord\u00f3 esboz\u00f3 un enfoque educativo para el pa\u00eds y para Latinoam\u00e9rica a partir del Modelo Humanista Integrador basado en Capacidades (MHIC), ponderando su car\u00e1cter humanista y su enfoque filos\u00f3fico poniendo al centro la dignidad de la persona.<\/p>\n\n\n\n<p>Explic\u00f3 que el MHIC tiene una trascendencia internacional pues ha sido recibido con gran aceptaci\u00f3n en pa\u00edses como Per\u00fa y Colombia, adem\u00e1s de su socializaci\u00f3n en diferentes foros del pa\u00eds como el Congreso de la Uni\u00f3n y la Asociaci\u00f3n Nacional de Universidades e Instituciones de Educaci\u00f3n Superior, entre otros espacios educativos estrat\u00e9gicos.<\/p>\n\n\n\n<p>M\u00e1s adelante, refiri\u00f3 que hace 25 a\u00f1os inici\u00f3 la configuraci\u00f3n de este modelo desde nuestro Centro de Investigaciones Educativas de la UATx. Enseguida, puntualiz\u00f3 que el humanismo debe tener elementos desde la perspectiva axiol\u00f3gica, l\u00f3gica y ontol\u00f3gica.<\/p>\n\n\n\n<p>Indic\u00f3 que se configuran tres escenarios: El primero es el humanismo valorativo, con un enfoque filos\u00f3fico que pugna por la magnificaci\u00f3n de los valores que nos dan sentido y rumbo a los mexicanos, particularmente, la igualdad, la libertad, la seguridad, la propiedad y la dignidad humana; adem\u00e1s, la funci\u00f3n de la Universidad derivaba en dos horizontes que son sus funciones civilizatoria y culturizadora,<\/p>\n\n\n\n<p>Por lo que respecta al segundo escenario, el Rector de la UATx habl\u00f3 del eje l\u00f3gico prescriptivo que deviene y se decanta en las normas que se han instaurado y que adecuan en las actitudes de convivencia cotidiana, por ejemplo, de car\u00e1cter moral, social y jur\u00eddico. Entonces, este eje normativo implica que asumamos tales horizontes que nos permiten asumir conductas y comportamientos respetuosos y honorables, focalizando la coexistencia humana, la solidaridad y los niveles aceptables de convivencia.<\/p>\n\n\n\n<p>Y en el plano \u00f3ntico, el \u00faltimo escenario, el Doctor Ortiz Ortiz reflexion\u00f3 sobre el humanismo \u00f3ntico ontol\u00f3gico que tiene que ver con la preservaci\u00f3n de condiciones aceptables de vida atenuando la violencia social o las diferentes expresiones de violencia.<\/p>\n","protected":false},"excerpt":{"rendered":"<p>\u00fc&nbsp;&nbsp;Recibi\u00f3 el&nbsp;\ud835\udc06\ud835\udc1a\ud835\udc25\ud835\udc1a\ud835\udc2b\ud835\udc1d\ud835\udc28\u0301\ud835\udc27&nbsp;\ud835\udc0f\ud835\udc1a\ud835\udc2d\ud835\udc2b\ud835\udc22\ud835\udc28\u0301\ud835\udc2d\ud835\udc22\ud835\udc1c\ud835\udc28&nbsp;\ud835\udc11\ud835\udc1e\ud835\udc2f\ud835\udc28\ud835\udc25\ud835\udc2e\ud835\udc1c\ud835\udc22\ud835\udc28\ud835\udc27\ud835\udc1a\ud835\udc2b\ud835\udc22\ud835\udc28&nbsp;(Doctoratus Honorem Magnus) y la&nbsp;\ud835\udc0f\ud835\udc2b\ud835\udc1e\ud835\udc2c\ud835\udc1e\ud835\udc1a&nbsp;\ud835\udc11\ud835\udc1e\ud835\udc2f\ud835\udc28\ud835\udc25\ud835\udc2e\ud835\udc1c\ud835\udc22\ud835\udc28\u0301\ud835\udc27&nbsp;\ud835\udc0c\ud835\udc1e\ud835\udc31\ud835\udc22\ud835\udc1c\ud835\udc1a\ud835\udc27\ud835\udc1a \u00fc&nbsp;&nbsp;Reconoce su liderazgo acad\u00e9mico, su impulso al humanismo mexicano y a la justicia social El Doctor Seraf\u00edn Ortiz Ortiz, Rector de la Universidad Aut\u00f3noma de Tlaxcala (UATx), recibi\u00f3 el&nbsp;\ud835\udc06\ud835\udc1a\ud835\udc25\ud835\udc1a\ud835\udc2b\ud835\udc1d\ud835\udc28\u0301\ud835\udc27&nbsp;\ud835\udc0f\ud835\udc1a\ud835\udc2d\ud835\udc2b\ud835\udc22\ud835\udc28\u0301\ud835\udc2d\ud835\udc22\ud835\udc1c\ud835\udc28&nbsp;\ud835\udc11\ud835\udc1e\ud835\udc2f\ud835\udc28\ud835\udc25\ud835\udc2e\ud835\udc1c\ud835\udc22\ud835\udc28\ud835\udc27\ud835\udc1a\ud835\udc2b\ud835\udc22\ud835\udc28&nbsp;(Doctoratus Honorem Magnus) y la&nbsp;\ud835\udc0f\ud835\udc2b\ud835\udc1e\ud835\udc2c\ud835\udc1e\ud835\udc1a&nbsp;\ud835\udc11\ud835\udc1e\ud835\udc2f\ud835\udc28\ud835\udc25\ud835\udc2e\ud835\udc1c\ud835\udc22\ud835\udc28\u0301\ud835\udc27&nbsp;\ud835\udc0c\ud835\udc1e\ud835\udc31\ud835\udc22\ud835\udc1c\ud835\udc1a\ud835\udc27\ud835\udc1a, distinciones otorgadas por la&nbsp;\ud835\udc02\ud835\udc28\ud835\udc27\ud835\udc1f\ud835\udc1e\ud835\udc2b\ud835\udc1e\ud835\udc27\ud835\udc1c\ud835\udc22\ud835\udc1a&nbsp;\ud835\udc08\ud835\udc27\ud835\udc2d\ud835\udc1e\ud835\udc2b\ud835\udc27\ud835\udc1a\ud835\udc1c\ud835\udc22\ud835\udc28\ud835\udc27\ud835\udc1a\ud835\udc25&nbsp;\ud835\udc1d\ud835\udc1e&nbsp;\ud835\udc25\ud835\udc1a&nbsp;\ud835\udc02\ud835\udc28\ud835\udc26\ud835\udc2e\ud835\udc27\ud835\udc22\ud835\udc1d\ud835\udc1a\ud835\udc1d&nbsp;\ud835\udc14\ud835\udc27\ud835\udc22\ud835\udc2f\ud835\udc1e\ud835\udc2b\ud835\udc2c\ud835\udc22\ud835\udc2d\ud835\udc1a\ud835\udc2b\ud835\udc22\ud835\udc1a&nbsp;A.C., que preside el MD Roberto A. Villase\u00f1or Aceves, con motivo del 115 [&hellip;]<\/p>\n","protected":false},"author":1,"featured_media":131166,"comment_status":"open","ping_status":"open","sticky":false,"template":"","format":"standard","meta":{"footnotes":""},"categories":[10],"tags":[],"class_list":["post-131165","post","type-post","status-publish","format-standard","has-post-thumbnail","hentry","category-educacion"],"blog_post_layout_featured_media_urls":{"thumbnail":["https:\/\/diariolanoticia.com.mx\/wp-content\/uploads\/2025\/12\/1-El-Rector-de-la-UATx-es-galardonado-por-la-Conferencia-Internacional-de-la-Comunidad-Universitaria-3-216x160.jpeg",216,160,true],"full":["https:\/\/diariolanoticia.com.mx\/wp-content\/uploads\/2025\/12\/1-El-Rector-de-la-UATx-es-galardonado-por-la-Conferencia-Internacional-de-la-Comunidad-Universitaria-3.jpeg",1519,1011,false]},"categories_names":{"10":{"name":"Educaci\u00f3n","link":"https:\/\/diariolanoticia.com.mx\/?cat=10"}},"tags_names":[],"comments_number":"0","wpmagazine_modules_lite_featured_media_urls":{"thumbnail":["https:\/\/diariolanoticia.com.mx\/wp-content\/uploads\/2025\/12\/1-El-Rector-de-la-UATx-es-galardonado-por-la-Conferencia-Internacional-de-la-Comunidad-Universitaria-3-216x160.jpeg",216,160,true],"cvmm-medium":["https:\/\/diariolanoticia.com.mx\/wp-content\/uploads\/2025\/12\/1-El-Rector-de-la-UATx-es-galardonado-por-la-Conferencia-Internacional-de-la-Comunidad-Universitaria-3-300x300.jpeg",300,300,true],"cvmm-medium-plus":["https:\/\/diariolanoticia.com.mx\/wp-content\/uploads\/2025\/12\/1-El-Rector-de-la-UATx-es-galardonado-por-la-Conferencia-Internacional-de-la-Comunidad-Universitaria-3-305x207.jpeg",305,207,true],"cvmm-portrait":["https:\/\/diariolanoticia.com.mx\/wp-content\/uploads\/2025\/12\/1-El-Rector-de-la-UATx-es-galardonado-por-la-Conferencia-Internacional-de-la-Comunidad-Universitaria-3-400x600.jpeg",400,600,true],"cvmm-medium-square":["https:\/\/diariolanoticia.com.mx\/wp-content\/uploads\/2025\/12\/1-El-Rector-de-la-UATx-es-galardonado-por-la-Conferencia-Internacional-de-la-Comunidad-Universitaria-3-600x600.jpeg",600,600,true],"cvmm-large":["https:\/\/diariolanoticia.com.mx\/wp-content\/uploads\/2025\/12\/1-El-Rector-de-la-UATx-es-galardonado-por-la-Conferencia-Internacional-de-la-Comunidad-Universitaria-3-1024x1011.jpeg",1024,1011,true],"cvmm-small":["https:\/\/diariolanoticia.com.mx\/wp-content\/uploads\/2025\/12\/1-El-Rector-de-la-UATx-es-galardonado-por-la-Conferencia-Internacional-de-la-Comunidad-Universitaria-3-130x95.jpeg",130,95,true],"full":["https:\/\/diariolanoticia.com.mx\/wp-content\/uploads\/2025\/12\/1-El-Rector-de-la-UATx-es-galardonado-por-la-Conferencia-Internacional-de-la-Comunidad-Universitaria-3.jpeg",1519,1011,false]},"_links":{"self":[{"href":"https:\/\/diariolanoticia.com.mx\/index.php?rest_route=\/wp\/v2\/posts\/131165","targetHints":{"allow":["GET"]}}],"collection":[{"href":"https:\/\/diariolanoticia.com.mx\/index.php?rest_route=\/wp\/v2\/posts"}],"about":[{"href":"https:\/\/diariolanoticia.com.mx\/index.php?rest_route=\/wp\/v2\/types\/post"}],"author":[{"embeddable":true,"href":"https:\/\/diariolanoticia.com.mx\/index.php?rest_route=\/wp\/v2\/users\/1"}],"replies":[{"embeddable":true,"href":"https:\/\/diariolanoticia.com.mx\/index.php?rest_route=%2Fwp%2Fv2%2Fcomments&post=131165"}],"version-history":[{"count":1,"href":"https:\/\/diariolanoticia.com.mx\/index.php?rest_route=\/wp\/v2\/posts\/131165\/revisions"}],"predecessor-version":[{"id":131167,"href":"https:\/\/diariolanoticia.com.mx\/index.php?rest_route=\/wp\/v2\/posts\/131165\/revisions\/131167"}],"wp:featuredmedia":[{"embeddable":true,"href":"https:\/\/diariolanoticia.com.mx\/index.php?rest_route=\/wp\/v2\/media\/131166"}],"wp:attachment":[{"href":"https:\/\/diariolanoticia.com.mx\/index.php?rest_route=%2Fwp%2Fv2%2Fmedia&parent=131165"}],"wp:term":[{"taxonomy":"category","embeddable":true,"href":"https:\/\/diariolanoticia.com.mx\/index.php?rest_route=%2Fwp%2Fv2%2Fcategories&post=131165"},{"taxonomy":"post_tag","embeddable":true,"href":"https:\/\/diariolanoticia.com.mx\/index.php?rest_route=%2Fwp%2Fv2%2Ftags&post=131165"}],"curies":[{"name":"wp","href":"https:\/\/api.w.org\/{rel}","templated":true}]}}