{"id":131168,"date":"2025-12-01T19:19:38","date_gmt":"2025-12-02T01:19:38","guid":{"rendered":"https:\/\/diariolanoticia.com.mx\/?p=131168"},"modified":"2025-12-01T19:19:44","modified_gmt":"2025-12-02T01:19:44","slug":"rector-pone-en-marcha-los-trabajos-del-10-foro-de-autorrealizacion-y-la-feria-de-valores-uatx","status":"publish","type":"post","link":"https:\/\/diariolanoticia.com.mx\/?p=131168","title":{"rendered":"Rector pone en marcha los trabajos del\u00a010\u00b0 Foro de Autorrealizaci\u00f3n y la Feria de Valores UATx"},"content":{"rendered":"\n<p>\u00fc&nbsp;&nbsp;La Autorrealizaci\u00f3n cruza la formaci\u00f3n de los 46 programas, es eje transversal y articulador de las funciones sustantivas de la Universidad<\/p>\n\n\n\n<p>Con la presentaci\u00f3n de 14 ponencias elaboradas por estudiantes de las once facultades y de las unidades acad\u00e9micas multidisciplinarias de Calpulalpan, San Pablo del Monte y Teacalco, y la participaci\u00f3n de mil 320 educandos de los 46 programas educativos, el Doctor Seraf\u00edn Ortiz Ortiz, Rector de la Universidad aut\u00f3noma de Tlaxcala (UATx), presidi\u00f3 la ceremonia de inauguraci\u00f3n del&nbsp;<a>10\u00b0 Foro de Autorrealizaci\u00f3n y la Feria de Valores<\/a>, realizado en el Centro Cultural Universitario.<\/p>\n\n\n\n<p>En el foro, organizado por la Secretar\u00eda de Autorrealizaci\u00f3n y &nbsp;la Academia de Autorrealizaci\u00f3n, el Doctor Seraf\u00edn Ortiz destac\u00f3 que la Autorrealizaci\u00f3n, como cuarto eje sustantivo de la Instituci\u00f3n, es un constructo dise\u00f1ado por los universitarios que busca que los estudiantes concluyan su formaci\u00f3n profesional alcanzando sus metas y objetivos personales y, al mismo tiempo, desarrollen un compromiso social que les permita atender las problem\u00e1ticas actuales y proponer soluciones que respondan a las necesidades de la sociedad.<\/p>\n\n\n\n<p>El Rector acentu\u00f3 que&nbsp;<a>la Autorrealizaci\u00f3n cruza la formaci\u00f3n de los 46 programas educativos como eje transversal y articulador de cada una de las funciones sustantivas&nbsp;<\/a>de la UATx, hecho que ha llevado a reconocer al&nbsp;<em>alma mater<\/em>&nbsp;de Tlaxcala como la Universidad de la Autorrealizaci\u00f3n, concepto que ha sido fraguado en la filosof\u00eda y la sociolog\u00eda del conocimiento para consolidar la actividad y trayectoria de vida del ser humano.<\/p>\n\n\n\n<p>Por su parte, la Doctora Gloria Ram\u00edrez El\u00edas, Secretaria de Autorrealizaci\u00f3n, manifest\u00f3 que el foro es un reflejo de la identidad y pertenencia universitaria, porque a una d\u00e9cada de actividades de esta academia institucional se ha contribuido al desarrollo humano, a la formaci\u00f3n y a la construcci\u00f3n de una ciudadan\u00eda que se caracteriza por su \u00e9tica, solidaridad y empat\u00eda con las necesidades de la colectividad.&nbsp;<\/p>\n\n\n\n<p>Reconoci\u00f3 el trabajo que realiza la Academia de Autorrealizaci\u00f3n, a cargo de la Doctora Elvia Ortiz Ortiz, porque a trav\u00e9s de diversas acciones se ha logrado que los educandos se inserten en la realidad social e impacten con sus conocimientos en la b\u00fasqueda de alternativas de soluci\u00f3n para transformar su entorno, con una perspectiva diferente. &nbsp;&nbsp;<\/p>\n\n\n\n<p>Durante el foro, los estudiantes abordaron en ponencias temas esenciales para la formaci\u00f3n integral universitaria: Autorrealizaci\u00f3n, identidad universitaria, Modelo Humanista Integrador basado en Capacidades (MHIC),&nbsp;<em>Homo Universitatis<\/em>, proyecto de vida, derechos humanos, dignidad humana e inclusi\u00f3n, igualdad de g\u00e9nero, formaci\u00f3n c\u00edvica y democr\u00e1tica, resiliencia y justicia social, los cuales fueron asesorados por los docentes que imparten la Unidad de Aprendizaje de Autorrealizaci\u00f3n.<\/p>\n","protected":false},"excerpt":{"rendered":"<p>\u00fc&nbsp;&nbsp;La Autorrealizaci\u00f3n cruza la formaci\u00f3n de los 46 programas, es eje transversal y articulador de las funciones sustantivas de la Universidad Con la presentaci\u00f3n de 14 ponencias elaboradas por estudiantes de las once facultades y de las unidades acad\u00e9micas multidisciplinarias de Calpulalpan, San Pablo del Monte y Teacalco, y la participaci\u00f3n de mil 320 educandos [&hellip;]<\/p>\n","protected":false},"author":1,"featured_media":131169,"comment_status":"open","ping_status":"open","sticky":false,"template":"","format":"standard","meta":{"footnotes":""},"categories":[10],"tags":[],"class_list":["post-131168","post","type-post","status-publish","format-standard","has-post-thumbnail","hentry","category-educacion"],"blog_post_layout_featured_media_urls":{"thumbnail":["https:\/\/diariolanoticia.com.mx\/wp-content\/uploads\/2025\/12\/1-Rector-pone-en-marcha-los-trabajos-del-10\u00b0-Foro-de-Autorrealizacion-y-la-Feria-de-Valores-UATx-3-216x160.jpeg",216,160,true],"full":["https:\/\/diariolanoticia.com.mx\/wp-content\/uploads\/2025\/12\/1-Rector-pone-en-marcha-los-trabajos-del-10\u00b0-Foro-de-Autorrealizacion-y-la-Feria-de-Valores-UATx-3.jpeg",1600,1066,false]},"categories_names":{"10":{"name":"Educaci\u00f3n","link":"https:\/\/diariolanoticia.com.mx\/?cat=10"}},"tags_names":[],"comments_number":"0","wpmagazine_modules_lite_featured_media_urls":{"thumbnail":["https:\/\/diariolanoticia.com.mx\/wp-content\/uploads\/2025\/12\/1-Rector-pone-en-marcha-los-trabajos-del-10\u00b0-Foro-de-Autorrealizacion-y-la-Feria-de-Valores-UATx-3-216x160.jpeg",216,160,true],"cvmm-medium":["https:\/\/diariolanoticia.com.mx\/wp-content\/uploads\/2025\/12\/1-Rector-pone-en-marcha-los-trabajos-del-10\u00b0-Foro-de-Autorrealizacion-y-la-Feria-de-Valores-UATx-3-300x300.jpeg",300,300,true],"cvmm-medium-plus":["https:\/\/diariolanoticia.com.mx\/wp-content\/uploads\/2025\/12\/1-Rector-pone-en-marcha-los-trabajos-del-10\u00b0-Foro-de-Autorrealizacion-y-la-Feria-de-Valores-UATx-3-305x207.jpeg",305,207,true],"cvmm-portrait":["https:\/\/diariolanoticia.com.mx\/wp-content\/uploads\/2025\/12\/1-Rector-pone-en-marcha-los-trabajos-del-10\u00b0-Foro-de-Autorrealizacion-y-la-Feria-de-Valores-UATx-3-400x600.jpeg",400,600,true],"cvmm-medium-square":["https:\/\/diariolanoticia.com.mx\/wp-content\/uploads\/2025\/12\/1-Rector-pone-en-marcha-los-trabajos-del-10\u00b0-Foro-de-Autorrealizacion-y-la-Feria-de-Valores-UATx-3-600x600.jpeg",600,600,true],"cvmm-large":["https:\/\/diariolanoticia.com.mx\/wp-content\/uploads\/2025\/12\/1-Rector-pone-en-marcha-los-trabajos-del-10\u00b0-Foro-de-Autorrealizacion-y-la-Feria-de-Valores-UATx-3-1024x1024.jpeg",1024,1024,true],"cvmm-small":["https:\/\/diariolanoticia.com.mx\/wp-content\/uploads\/2025\/12\/1-Rector-pone-en-marcha-los-trabajos-del-10\u00b0-Foro-de-Autorrealizacion-y-la-Feria-de-Valores-UATx-3-130x95.jpeg",130,95,true],"full":["https:\/\/diariolanoticia.com.mx\/wp-content\/uploads\/2025\/12\/1-Rector-pone-en-marcha-los-trabajos-del-10\u00b0-Foro-de-Autorrealizacion-y-la-Feria-de-Valores-UATx-3.jpeg",1600,1066,false]},"_links":{"self":[{"href":"https:\/\/diariolanoticia.com.mx\/index.php?rest_route=\/wp\/v2\/posts\/131168","targetHints":{"allow":["GET"]}}],"collection":[{"href":"https:\/\/diariolanoticia.com.mx\/index.php?rest_route=\/wp\/v2\/posts"}],"about":[{"href":"https:\/\/diariolanoticia.com.mx\/index.php?rest_route=\/wp\/v2\/types\/post"}],"author":[{"embeddable":true,"href":"https:\/\/diariolanoticia.com.mx\/index.php?rest_route=\/wp\/v2\/users\/1"}],"replies":[{"embeddable":true,"href":"https:\/\/diariolanoticia.com.mx\/index.php?rest_route=%2Fwp%2Fv2%2Fcomments&post=131168"}],"version-history":[{"count":1,"href":"https:\/\/diariolanoticia.com.mx\/index.php?rest_route=\/wp\/v2\/posts\/131168\/revisions"}],"predecessor-version":[{"id":131170,"href":"https:\/\/diariolanoticia.com.mx\/index.php?rest_route=\/wp\/v2\/posts\/131168\/revisions\/131170"}],"wp:featuredmedia":[{"embeddable":true,"href":"https:\/\/diariolanoticia.com.mx\/index.php?rest_route=\/wp\/v2\/media\/131169"}],"wp:attachment":[{"href":"https:\/\/diariolanoticia.com.mx\/index.php?rest_route=%2Fwp%2Fv2%2Fmedia&parent=131168"}],"wp:term":[{"taxonomy":"category","embeddable":true,"href":"https:\/\/diariolanoticia.com.mx\/index.php?rest_route=%2Fwp%2Fv2%2Fcategories&post=131168"},{"taxonomy":"post_tag","embeddable":true,"href":"https:\/\/diariolanoticia.com.mx\/index.php?rest_route=%2Fwp%2Fv2%2Ftags&post=131168"}],"curies":[{"name":"wp","href":"https:\/\/api.w.org\/{rel}","templated":true}]}}