{"id":131196,"date":"2025-12-02T13:25:38","date_gmt":"2025-12-02T19:25:38","guid":{"rendered":"https:\/\/diariolanoticia.com.mx\/?p=131196"},"modified":"2025-12-02T13:25:38","modified_gmt":"2025-12-02T19:25:38","slug":"respalda-congreso-del-estado-a-la-delegacion-poblana-que-participara-en-la-expocienciasnacional-2025","status":"publish","type":"post","link":"https:\/\/diariolanoticia.com.mx\/?p=131196","title":{"rendered":"Respalda Congreso del Estado a la delegaci\u00f3n poblana que participar\u00e1 en la&nbsp;ExpoCienciasNacional 2025"},"content":{"rendered":"\n<p class=\"s9\">&nbsp;&#8211; Destaca diputada Ana Laura G\u00f3mez participaci\u00f3n de mujeres en la ciencia; de las 73 personas que asistir\u00e1n representando a la entidad, 40 son mujeres<\/p>\n\n\n\n<p class=\"s9\">&nbsp;El diputado Pavel Gaspar Ram\u00edrez, presidente de la Junta de Gobierno y Coordinaci\u00f3n Pol\u00edtica del Congreso del Estado, y la diputada Ana Laura G\u00f3mez Ram\u00edrez respaldaron y desearon todo el \u00e9xito a la delegaci\u00f3n poblana que participar\u00e1 en la&nbsp;ExpoCiencias&nbsp;Nacional 2025, que se llevar\u00e1 a cabo en el estado de Tamaulipas.<\/p>\n\n\n\n<p class=\"s9\">&nbsp;<\/p>\n\n\n\n<p class=\"s9\">La diputada Ana Laura G\u00f3mez, presidenta del Comit\u00e9 de Tecnolog\u00eda, Innovaci\u00f3n y Sostenibilidad, inform\u00f3 que la entidad participar\u00e1 con 25 proyectos desarrollados por estudiantes de secundaria, preparatoria y universidad, provenientes de instituciones p\u00fablicas y privadas de municipios como Acatl\u00e1n, Xicotepec, Tehuitzingo,&nbsp;Ixtacamaxtitl\u00e1n, Atlixco y de diversos municipios de la Sierra Norte.<\/p>\n\n\n\n<p class=\"s9\">&nbsp;<\/p>\n\n\n\n<p class=\"s9\">Entre los proyectos poblanos que competir\u00e1n en este evento nacional, se encuentran: p\u00edldoras contra la gastritis a base de plantas, tratamientos contra la diabetes, software para administraci\u00f3n hospitalaria y nanotecnolog\u00eda para tratar arterias tapadas, entre otros.<\/p>\n\n\n\n<p class=\"s9\">&nbsp;<\/p>\n\n\n\n<p class=\"s9\">La diputada Ana Laura G\u00f3mez destac\u00f3 la participaci\u00f3n de las mujeres en la ciencia, ya que de las 73 personas que asistir\u00e1n representando a la entidad, 40 son mujeres, \u201clo que refleja el creciente rol que juegan las mujeres en la ciencia y en la toma de decisiones\u201d.<\/p>\n\n\n\n<p class=\"s9\">&nbsp;<\/p>\n\n\n\n<p class=\"s9\">\u201cSu participaci\u00f3n no es un acto aislado, es una pieza fundamental en la construcci\u00f3n de un futuro m\u00e1s humano,&nbsp;m\u00e1s consciente y m\u00e1s justo&nbsp;para Puebla y para M\u00e9xico\u201d.<\/p>\n\n\n\n<p class=\"s9\">&nbsp;<\/p>\n\n\n\n<p class=\"s9\">En este sentido, el diputado Pavel Gaspar Ram\u00edrez se\u00f1al\u00f3 la importancia de fortalecer las pol\u00edticas p\u00fablicas para impulsar a las juventudes, \u201cno solo con discursos, sino con acciones, porque los j\u00f3venes no son el futuro, sino el presente de nuestro pa\u00eds, ya que actualmente est\u00e1n en lugares donde se toman decisiones: en el gobierno, en el Congreso y en la ciencia\u201d.<\/p>\n\n\n\n<p class=\"s9\">&nbsp;<\/p>\n\n\n\n<p class=\"s9\">Durante este evento se cont\u00f3 con la presencia de la titular de la Secretar\u00eda de Ciencia, Humanidades y Tecnolog\u00eda, Celina Pe\u00f1a Guzm\u00e1n; el subsecretario de Tecnolog\u00eda, Innovaci\u00f3n y Vinculaci\u00f3n Sectorial, Juan Manuel Vega&nbsp;Suck; y el vicerrector de Investigaci\u00f3n de la UPAEP, Jorge Medina Delgadillo.<\/p>\n","protected":false},"excerpt":{"rendered":"<p>&nbsp;&#8211; Destaca diputada Ana Laura G\u00f3mez participaci\u00f3n de mujeres en la ciencia; de las 73 personas que asistir\u00e1n representando a la entidad, 40 son mujeres &nbsp;El diputado Pavel Gaspar Ram\u00edrez, presidente de la Junta de Gobierno y Coordinaci\u00f3n Pol\u00edtica del Congreso del Estado, y la diputada Ana Laura G\u00f3mez Ram\u00edrez respaldaron y desearon todo el [&hellip;]<\/p>\n","protected":false},"author":1,"featured_media":131195,"comment_status":"closed","ping_status":"open","sticky":false,"template":"","format":"standard","meta":{"footnotes":""},"categories":[20],"tags":[],"class_list":["post-131196","post","type-post","status-publish","format-standard","has-post-thumbnail","hentry","category-norte-de-puebla"],"blog_post_layout_featured_media_urls":{"thumbnail":["https:\/\/diariolanoticia.com.mx\/wp-content\/uploads\/2025\/12\/290ddeaa-03df-41c2-be35-edb6c279cc1b-216x160.jpg",216,160,true],"full":["https:\/\/diariolanoticia.com.mx\/wp-content\/uploads\/2025\/12\/290ddeaa-03df-41c2-be35-edb6c279cc1b.jpg",1280,720,false]},"categories_names":{"20":{"name":"Norte de Puebla","link":"https:\/\/diariolanoticia.com.mx\/?cat=20"}},"tags_names":[],"comments_number":"0","wpmagazine_modules_lite_featured_media_urls":{"thumbnail":["https:\/\/diariolanoticia.com.mx\/wp-content\/uploads\/2025\/12\/290ddeaa-03df-41c2-be35-edb6c279cc1b-216x160.jpg",216,160,true],"cvmm-medium":["https:\/\/diariolanoticia.com.mx\/wp-content\/uploads\/2025\/12\/290ddeaa-03df-41c2-be35-edb6c279cc1b-300x300.jpg",300,300,true],"cvmm-medium-plus":["https:\/\/diariolanoticia.com.mx\/wp-content\/uploads\/2025\/12\/290ddeaa-03df-41c2-be35-edb6c279cc1b-305x207.jpg",305,207,true],"cvmm-portrait":["https:\/\/diariolanoticia.com.mx\/wp-content\/uploads\/2025\/12\/290ddeaa-03df-41c2-be35-edb6c279cc1b-400x600.jpg",400,600,true],"cvmm-medium-square":["https:\/\/diariolanoticia.com.mx\/wp-content\/uploads\/2025\/12\/290ddeaa-03df-41c2-be35-edb6c279cc1b-600x600.jpg",600,600,true],"cvmm-large":["https:\/\/diariolanoticia.com.mx\/wp-content\/uploads\/2025\/12\/290ddeaa-03df-41c2-be35-edb6c279cc1b-1024x720.jpg",1024,720,true],"cvmm-small":["https:\/\/diariolanoticia.com.mx\/wp-content\/uploads\/2025\/12\/290ddeaa-03df-41c2-be35-edb6c279cc1b-130x95.jpg",130,95,true],"full":["https:\/\/diariolanoticia.com.mx\/wp-content\/uploads\/2025\/12\/290ddeaa-03df-41c2-be35-edb6c279cc1b.jpg",1280,720,false]},"_links":{"self":[{"href":"https:\/\/diariolanoticia.com.mx\/index.php?rest_route=\/wp\/v2\/posts\/131196","targetHints":{"allow":["GET"]}}],"collection":[{"href":"https:\/\/diariolanoticia.com.mx\/index.php?rest_route=\/wp\/v2\/posts"}],"about":[{"href":"https:\/\/diariolanoticia.com.mx\/index.php?rest_route=\/wp\/v2\/types\/post"}],"author":[{"embeddable":true,"href":"https:\/\/diariolanoticia.com.mx\/index.php?rest_route=\/wp\/v2\/users\/1"}],"replies":[{"embeddable":true,"href":"https:\/\/diariolanoticia.com.mx\/index.php?rest_route=%2Fwp%2Fv2%2Fcomments&post=131196"}],"version-history":[{"count":1,"href":"https:\/\/diariolanoticia.com.mx\/index.php?rest_route=\/wp\/v2\/posts\/131196\/revisions"}],"predecessor-version":[{"id":131197,"href":"https:\/\/diariolanoticia.com.mx\/index.php?rest_route=\/wp\/v2\/posts\/131196\/revisions\/131197"}],"wp:featuredmedia":[{"embeddable":true,"href":"https:\/\/diariolanoticia.com.mx\/index.php?rest_route=\/wp\/v2\/media\/131195"}],"wp:attachment":[{"href":"https:\/\/diariolanoticia.com.mx\/index.php?rest_route=%2Fwp%2Fv2%2Fmedia&parent=131196"}],"wp:term":[{"taxonomy":"category","embeddable":true,"href":"https:\/\/diariolanoticia.com.mx\/index.php?rest_route=%2Fwp%2Fv2%2Fcategories&post=131196"},{"taxonomy":"post_tag","embeddable":true,"href":"https:\/\/diariolanoticia.com.mx\/index.php?rest_route=%2Fwp%2Fv2%2Ftags&post=131196"}],"curies":[{"name":"wp","href":"https:\/\/api.w.org\/{rel}","templated":true}]}}