{"id":131199,"date":"2025-12-02T13:27:04","date_gmt":"2025-12-02T19:27:04","guid":{"rendered":"https:\/\/diariolanoticia.com.mx\/?p=131199"},"modified":"2025-12-02T13:27:04","modified_gmt":"2025-12-02T19:27:04","slug":"promueven-en-congreso-concientizacion-del-vih-sida-y-acceso-a-servicios-de-salud","status":"publish","type":"post","link":"https:\/\/diariolanoticia.com.mx\/?p=131199","title":{"rendered":"Promueven en Congreso concientizaci\u00f3n del VIH\/SIDA y acceso a servicios de salud&nbsp;"},"content":{"rendered":"\n<p class=\"s9\">Con el prop\u00f3sito de realizar acciones encaminadas a la concientizaci\u00f3n sobre el VIH\/SIDA, as\u00ed como promover el acceso a los servicios de salud, la diputada Cinthya Gabriela Chumacero Rodr\u00edguez detall\u00f3 las actividades realizadas desde el Poder Legislativo, que contemplan capacitaciones, actos conmemorativos, acercamiento de informaci\u00f3n y su participaci\u00f3n en la inauguraci\u00f3n de una unidad de Servicios de Atenci\u00f3n Integral a la Salud (SAIS). &nbsp;<\/p>\n\n\n\n<p class=\"s9\">En rueda de prensa, la legisladora detall\u00f3 que, la tarde del lunes 1 de diciembre, en el marco del D\u00eda Mundial de la Lucha contra el SIDA, se llev\u00f3 a cabo un acto conmemorativo y la sede del Congreso se ilumin\u00f3 de rojo para recordar a las personas que han fallecido por esta enfermedad.<\/p>\n\n\n\n<p class=\"s9\">Tras brindar cifras del panorama epidemiol\u00f3gico, la diputada indic\u00f3 que, en el marco de los 16 d\u00edas de activismo para la eliminaci\u00f3n de la violencia contra la mujer, se realizaron capacitaciones sobre pruebas para la detecci\u00f3n del Virus de Inmunodeficiencia Humana (VIH).&nbsp;<\/p>\n\n\n\n<p class=\"s9\">Asimismo, hizo un recuento de sus iniciativas y puntos de acuerdo para fomentar la concientizaci\u00f3n sobre las enfermedades de transmisi\u00f3n sexual, erradicar la discriminaci\u00f3n y eliminar el estigma penal hacia quienes viven con VIH.&nbsp;<\/p>\n\n\n\n<p class=\"s9\">Finalmente, la legisladora anunci\u00f3 que este 3 de diciembre, con la Secretar\u00eda de Salud, se inaugurar\u00e1 la unidad de SAIS en Teziutl\u00e1n, para llevar acciones a los diferentes grupos sociales.&nbsp;<\/p>\n\n\n\n<p class=\"s9\">\u201cNos va a reducir un traslado de entre tres a cuatro horas a la capital, disminuyendo costos y mejorando la calidad de vida de los pacientes. Adem\u00e1s de reforzar la estrategia estatal de salud impulsada por nuestro gobernador Alejandro Armenta\u201d, se\u00f1al\u00f3.<\/p>\n","protected":false},"excerpt":{"rendered":"<p>Con el prop\u00f3sito de realizar acciones encaminadas a la concientizaci\u00f3n sobre el VIH\/SIDA, as\u00ed como promover el acceso a los servicios de salud, la diputada Cinthya Gabriela Chumacero Rodr\u00edguez detall\u00f3 las actividades realizadas desde el Poder Legislativo, que contemplan capacitaciones, actos conmemorativos, acercamiento de informaci\u00f3n y su participaci\u00f3n en la inauguraci\u00f3n de una unidad de [&hellip;]<\/p>\n","protected":false},"author":1,"featured_media":131198,"comment_status":"closed","ping_status":"open","sticky":false,"template":"","format":"standard","meta":{"footnotes":""},"categories":[20],"tags":[],"class_list":["post-131199","post","type-post","status-publish","format-standard","has-post-thumbnail","hentry","category-norte-de-puebla"],"blog_post_layout_featured_media_urls":{"thumbnail":["https:\/\/diariolanoticia.com.mx\/wp-content\/uploads\/2025\/12\/465aa119-514a-4e6e-95f7-c3c8ba6c5ed7-216x160.jpg",216,160,true],"full":["https:\/\/diariolanoticia.com.mx\/wp-content\/uploads\/2025\/12\/465aa119-514a-4e6e-95f7-c3c8ba6c5ed7.jpg",1500,1000,false]},"categories_names":{"20":{"name":"Norte de Puebla","link":"https:\/\/diariolanoticia.com.mx\/?cat=20"}},"tags_names":[],"comments_number":"0","wpmagazine_modules_lite_featured_media_urls":{"thumbnail":["https:\/\/diariolanoticia.com.mx\/wp-content\/uploads\/2025\/12\/465aa119-514a-4e6e-95f7-c3c8ba6c5ed7-216x160.jpg",216,160,true],"cvmm-medium":["https:\/\/diariolanoticia.com.mx\/wp-content\/uploads\/2025\/12\/465aa119-514a-4e6e-95f7-c3c8ba6c5ed7-300x300.jpg",300,300,true],"cvmm-medium-plus":["https:\/\/diariolanoticia.com.mx\/wp-content\/uploads\/2025\/12\/465aa119-514a-4e6e-95f7-c3c8ba6c5ed7-305x207.jpg",305,207,true],"cvmm-portrait":["https:\/\/diariolanoticia.com.mx\/wp-content\/uploads\/2025\/12\/465aa119-514a-4e6e-95f7-c3c8ba6c5ed7-400x600.jpg",400,600,true],"cvmm-medium-square":["https:\/\/diariolanoticia.com.mx\/wp-content\/uploads\/2025\/12\/465aa119-514a-4e6e-95f7-c3c8ba6c5ed7-600x600.jpg",600,600,true],"cvmm-large":["https:\/\/diariolanoticia.com.mx\/wp-content\/uploads\/2025\/12\/465aa119-514a-4e6e-95f7-c3c8ba6c5ed7-1024x1000.jpg",1024,1000,true],"cvmm-small":["https:\/\/diariolanoticia.com.mx\/wp-content\/uploads\/2025\/12\/465aa119-514a-4e6e-95f7-c3c8ba6c5ed7-130x95.jpg",130,95,true],"full":["https:\/\/diariolanoticia.com.mx\/wp-content\/uploads\/2025\/12\/465aa119-514a-4e6e-95f7-c3c8ba6c5ed7.jpg",1500,1000,false]},"_links":{"self":[{"href":"https:\/\/diariolanoticia.com.mx\/index.php?rest_route=\/wp\/v2\/posts\/131199","targetHints":{"allow":["GET"]}}],"collection":[{"href":"https:\/\/diariolanoticia.com.mx\/index.php?rest_route=\/wp\/v2\/posts"}],"about":[{"href":"https:\/\/diariolanoticia.com.mx\/index.php?rest_route=\/wp\/v2\/types\/post"}],"author":[{"embeddable":true,"href":"https:\/\/diariolanoticia.com.mx\/index.php?rest_route=\/wp\/v2\/users\/1"}],"replies":[{"embeddable":true,"href":"https:\/\/diariolanoticia.com.mx\/index.php?rest_route=%2Fwp%2Fv2%2Fcomments&post=131199"}],"version-history":[{"count":1,"href":"https:\/\/diariolanoticia.com.mx\/index.php?rest_route=\/wp\/v2\/posts\/131199\/revisions"}],"predecessor-version":[{"id":131200,"href":"https:\/\/diariolanoticia.com.mx\/index.php?rest_route=\/wp\/v2\/posts\/131199\/revisions\/131200"}],"wp:featuredmedia":[{"embeddable":true,"href":"https:\/\/diariolanoticia.com.mx\/index.php?rest_route=\/wp\/v2\/media\/131198"}],"wp:attachment":[{"href":"https:\/\/diariolanoticia.com.mx\/index.php?rest_route=%2Fwp%2Fv2%2Fmedia&parent=131199"}],"wp:term":[{"taxonomy":"category","embeddable":true,"href":"https:\/\/diariolanoticia.com.mx\/index.php?rest_route=%2Fwp%2Fv2%2Fcategories&post=131199"},{"taxonomy":"post_tag","embeddable":true,"href":"https:\/\/diariolanoticia.com.mx\/index.php?rest_route=%2Fwp%2Fv2%2Ftags&post=131199"}],"curies":[{"name":"wp","href":"https:\/\/api.w.org\/{rel}","templated":true}]}}