{"id":131206,"date":"2025-12-02T17:15:24","date_gmt":"2025-12-02T23:15:24","guid":{"rendered":"https:\/\/diariolanoticia.com.mx\/?p=131206"},"modified":"2025-12-02T17:15:24","modified_gmt":"2025-12-02T23:15:24","slug":"fortalecer-la-seguridad-de-las-y-los-poblanos-es-la-prioridad-de-este-congreso-pavel-gaspar","status":"publish","type":"post","link":"https:\/\/diariolanoticia.com.mx\/?p=131206","title":{"rendered":"Fortalecer la seguridad de las y los poblanos es la prioridad de este Congreso: Pavel Gaspar"},"content":{"rendered":"\n<p class=\"s9\">En rueda de prensa, el presidente de la Junta de Gobierno y Coordinaci\u00f3n Pol\u00edtica del Congreso del Estado, Pavel Gaspar Ram\u00edrez, se\u00f1al\u00f3 que es una prioridad fortalecer la seguridad de las y los poblanos, por lo que el Poder Legislativo actuar\u00e1 en el marco de sus competencias.&nbsp;<\/p>\n\n\n\n<p class=\"s9\">Asimismo, el legislador expuso que ya se est\u00e1n armonizando distintas leyes federales y se mantiene en an\u00e1lisis el marco jur\u00eddico para realizar diferentes reformas y modificaciones que permitan garantizar la tranquilidad de las personas.&nbsp;<\/p>\n\n\n\n<p class=\"s9\">\u201cEstaremos atentos, muy atentos a este tema y estoy seguro de que los 41&nbsp;diputados y diputadas&nbsp;que estamos, vamos en ese sentido (\u2026) fortalecer la seguridad de las poblanas y de los poblanos es la prioridad de este Congreso humanista\u201d, indic\u00f3.<\/p>\n\n\n\n<p class=\"s9\">De igual forma, se pronunci\u00f3 por hacer cumplir la ley en todo momento y consider\u00f3 que cualquier autoridad, probablemente vinculada con alg\u00fan delito, debe ser investigada y sancionada conforme a derecho.<\/p>\n","protected":false},"excerpt":{"rendered":"<p>En rueda de prensa, el presidente de la Junta de Gobierno y Coordinaci\u00f3n Pol\u00edtica del Congreso del Estado, Pavel Gaspar Ram\u00edrez, se\u00f1al\u00f3 que es una prioridad fortalecer la seguridad de las y los poblanos, por lo que el Poder Legislativo actuar\u00e1 en el marco de sus competencias.&nbsp; Asimismo, el legislador expuso que ya se est\u00e1n [&hellip;]<\/p>\n","protected":false},"author":1,"featured_media":131205,"comment_status":"closed","ping_status":"open","sticky":false,"template":"","format":"standard","meta":{"footnotes":""},"categories":[20],"tags":[],"class_list":["post-131206","post","type-post","status-publish","format-standard","has-post-thumbnail","hentry","category-norte-de-puebla"],"blog_post_layout_featured_media_urls":{"thumbnail":["https:\/\/diariolanoticia.com.mx\/wp-content\/uploads\/2025\/12\/1fb30eba-09aa-401b-88ff-ca6213852aaf-216x160.jpg",216,160,true],"full":["https:\/\/diariolanoticia.com.mx\/wp-content\/uploads\/2025\/12\/1fb30eba-09aa-401b-88ff-ca6213852aaf.jpg",1500,1000,false]},"categories_names":{"20":{"name":"Norte de Puebla","link":"https:\/\/diariolanoticia.com.mx\/?cat=20"}},"tags_names":[],"comments_number":"0","wpmagazine_modules_lite_featured_media_urls":{"thumbnail":["https:\/\/diariolanoticia.com.mx\/wp-content\/uploads\/2025\/12\/1fb30eba-09aa-401b-88ff-ca6213852aaf-216x160.jpg",216,160,true],"cvmm-medium":["https:\/\/diariolanoticia.com.mx\/wp-content\/uploads\/2025\/12\/1fb30eba-09aa-401b-88ff-ca6213852aaf-300x300.jpg",300,300,true],"cvmm-medium-plus":["https:\/\/diariolanoticia.com.mx\/wp-content\/uploads\/2025\/12\/1fb30eba-09aa-401b-88ff-ca6213852aaf-305x207.jpg",305,207,true],"cvmm-portrait":["https:\/\/diariolanoticia.com.mx\/wp-content\/uploads\/2025\/12\/1fb30eba-09aa-401b-88ff-ca6213852aaf-400x600.jpg",400,600,true],"cvmm-medium-square":["https:\/\/diariolanoticia.com.mx\/wp-content\/uploads\/2025\/12\/1fb30eba-09aa-401b-88ff-ca6213852aaf-600x600.jpg",600,600,true],"cvmm-large":["https:\/\/diariolanoticia.com.mx\/wp-content\/uploads\/2025\/12\/1fb30eba-09aa-401b-88ff-ca6213852aaf-1024x1000.jpg",1024,1000,true],"cvmm-small":["https:\/\/diariolanoticia.com.mx\/wp-content\/uploads\/2025\/12\/1fb30eba-09aa-401b-88ff-ca6213852aaf-130x95.jpg",130,95,true],"full":["https:\/\/diariolanoticia.com.mx\/wp-content\/uploads\/2025\/12\/1fb30eba-09aa-401b-88ff-ca6213852aaf.jpg",1500,1000,false]},"_links":{"self":[{"href":"https:\/\/diariolanoticia.com.mx\/index.php?rest_route=\/wp\/v2\/posts\/131206","targetHints":{"allow":["GET"]}}],"collection":[{"href":"https:\/\/diariolanoticia.com.mx\/index.php?rest_route=\/wp\/v2\/posts"}],"about":[{"href":"https:\/\/diariolanoticia.com.mx\/index.php?rest_route=\/wp\/v2\/types\/post"}],"author":[{"embeddable":true,"href":"https:\/\/diariolanoticia.com.mx\/index.php?rest_route=\/wp\/v2\/users\/1"}],"replies":[{"embeddable":true,"href":"https:\/\/diariolanoticia.com.mx\/index.php?rest_route=%2Fwp%2Fv2%2Fcomments&post=131206"}],"version-history":[{"count":1,"href":"https:\/\/diariolanoticia.com.mx\/index.php?rest_route=\/wp\/v2\/posts\/131206\/revisions"}],"predecessor-version":[{"id":131207,"href":"https:\/\/diariolanoticia.com.mx\/index.php?rest_route=\/wp\/v2\/posts\/131206\/revisions\/131207"}],"wp:featuredmedia":[{"embeddable":true,"href":"https:\/\/diariolanoticia.com.mx\/index.php?rest_route=\/wp\/v2\/media\/131205"}],"wp:attachment":[{"href":"https:\/\/diariolanoticia.com.mx\/index.php?rest_route=%2Fwp%2Fv2%2Fmedia&parent=131206"}],"wp:term":[{"taxonomy":"category","embeddable":true,"href":"https:\/\/diariolanoticia.com.mx\/index.php?rest_route=%2Fwp%2Fv2%2Fcategories&post=131206"},{"taxonomy":"post_tag","embeddable":true,"href":"https:\/\/diariolanoticia.com.mx\/index.php?rest_route=%2Fwp%2Fv2%2Ftags&post=131206"}],"curies":[{"name":"wp","href":"https:\/\/api.w.org\/{rel}","templated":true}]}}