{"id":131225,"date":"2025-12-02T13:05:48","date_gmt":"2025-12-02T19:05:48","guid":{"rendered":"https:\/\/diariolanoticia.com.mx\/?p=131225"},"modified":"2025-12-03T13:06:09","modified_gmt":"2025-12-03T19:06:09","slug":"estudiantes-y-docentes-de-agrobiologia-uatx-participaron-en-la-noche-de-estrellas","status":"publish","type":"post","link":"https:\/\/diariolanoticia.com.mx\/?p=131225","title":{"rendered":"Estudiantes y docentes de Agrobiolog\u00eda UATx participaron en la Noche de Estrellas"},"content":{"rendered":"\n<p>\u00fc&nbsp;&nbsp;Presentaron talleres enfocados en la conservaci\u00f3n de luci\u00e9rnagas y biodiversidad terrestre de Tlaxcala<\/p>\n\n\n\n<p>Investigadoras y estudiantes del quinto semestre de la Licenciatura en Biolog\u00eda de la Universidad Aut\u00f3noma de Tlaxcala (UATx) en coordinaci\u00f3n con los Laboratorios de Zoolog\u00eda y Agroecolog\u00eda de la Facultad de Agrobiolog\u00eda, participaron el 29 de noviembre en la&nbsp;\ud835\udc0d\ud835\udc28\ud835\udc1c\ud835\udc21\ud835\udc1e&nbsp;\ud835\udc1d\ud835\udc1e&nbsp;\ud835\udc25\ud835\udc1a\ud835\udc2c&nbsp;\ud835\udc04\ud835\udc2c\ud835\udc2d\ud835\udc2b\ud835\udc1e\ud835\udc25\ud835\udc25\ud835\udc1as, sede Tlaxcala 2025, realizada en el Palacio de Cultura.<\/p>\n\n\n\n<p>En la 17\u00aa edici\u00f3n de la Noche de las Estrellas 2025,&nbsp; la Secretar\u00eda de Ciencia, Humanidades, Tecnolog\u00eda e Innovaci\u00f3n (Secihti) con universidades, centros de investigaci\u00f3n, observatorios y planetarios del pa\u00eds, se conform\u00f3 una alianza estrat\u00e9gica que permiti\u00f3 transmitir, a trav\u00e9s del evento astron\u00f3mico m\u00e1s importante de M\u00e9xico, un mensaje institucional en favor de la paz y en rechazo a la violencia contra las mujeres, alcanzando todos los rincones del territorio nacional.<\/p>\n\n\n\n<p>Este a\u00f1o se conmemor\u00f3 el A\u00f1o Internacional de la Ciencia y la Tecnolog\u00eda Cu\u00e1nticas mediante un programa integrado por conferencias, talleres, observaciones astron\u00f3micas y actividades interactivas dirigidas a toda la familia. Dichas iniciativas ofrecieron la oportunidad de explorar la relaci\u00f3n entre las dimensiones m\u00e1s peque\u00f1as del universo y el espacio.<\/p>\n\n\n\n<p>Durante el desarrollo, en la sede del Palacio de Cultura, las doctoras Sandra Garc\u00eda D. Jes\u00fas y Fabiola Magdaleno, catedr\u00e1ticas de la Facultad de Agrobiolog\u00eda, impartieron una conferencia sobre la sincronizaci\u00f3n del destello de la luci\u00e9rnaga de los volcanes (Photinus palaciosi) y los factores que amenazan este mecanismo de comunicaci\u00f3n.<\/p>\n\n\n\n<p>Asimismo, estudiantes de quinto semestre, guiados por la Maestra Alma Deysi Mu\u00f1oz,&nbsp;<a>presentaron los talleres&nbsp;<\/a>\ud835\udc04\ud835\udc1c\ud835\udc28\ud835\udc2c&nbsp;\ud835\udc1d\ud835\udc1e&nbsp;\ud835\udc0b\ud835\udc2e\ud835\udc33&nbsp;y&nbsp;\ud835\udc02\ud835\udc28\ud835\udc27\ud835\udc2c\ud835\udc2d\ud835\udc1e\ud835\udc25\ud835\udc1a\ud835\udc1c\ud835\udc22\ud835\udc28\ud835\udc27\ud835\udc1e\ud835\udc2c&nbsp;\ud835\udc1d\ud835\udc1e&nbsp;\ud835\udc15\ud835\udc22\ud835\udc1d\ud835\udc1a, enfocados en la conservaci\u00f3n de luci\u00e9rnagas y la biodiversidad terrestre de Tlaxcala.<\/p>\n\n\n\n<p>Esta participaci\u00f3n fortaleci\u00f3 la divulgaci\u00f3n cient\u00edfica de la UATx y reafirm\u00f3 el compromiso de la Facultad de Agrobiolog\u00eda con la formaci\u00f3n integral de su comunidad universitaria, adem\u00e1s de socializar el conocimiento con el p\u00fablico en general.<\/p>\n","protected":false},"excerpt":{"rendered":"<p>\u00fc&nbsp;&nbsp;Presentaron talleres enfocados en la conservaci\u00f3n de luci\u00e9rnagas y biodiversidad terrestre de Tlaxcala Investigadoras y estudiantes del quinto semestre de la Licenciatura en Biolog\u00eda de la Universidad Aut\u00f3noma de Tlaxcala (UATx) en coordinaci\u00f3n con los Laboratorios de Zoolog\u00eda y Agroecolog\u00eda de la Facultad de Agrobiolog\u00eda, participaron el 29 de noviembre en la&nbsp;\ud835\udc0d\ud835\udc28\ud835\udc1c\ud835\udc21\ud835\udc1e&nbsp;\ud835\udc1d\ud835\udc1e&nbsp;\ud835\udc25\ud835\udc1a\ud835\udc2c&nbsp;\ud835\udc04\ud835\udc2c\ud835\udc2d\ud835\udc2b\ud835\udc1e\ud835\udc25\ud835\udc25\ud835\udc1as, sede Tlaxcala 2025, [&hellip;]<\/p>\n","protected":false},"author":1,"featured_media":131226,"comment_status":"open","ping_status":"open","sticky":false,"template":"","format":"standard","meta":{"footnotes":""},"categories":[10],"tags":[],"class_list":["post-131225","post","type-post","status-publish","format-standard","has-post-thumbnail","hentry","category-educacion"],"blog_post_layout_featured_media_urls":{"thumbnail":["https:\/\/diariolanoticia.com.mx\/wp-content\/uploads\/2025\/12\/2-Estudiantes-y-docentes-de-Agrobiologia-UATx-participaron-en-la-Noche-de-Estrellas-2-216x160.jpeg",216,160,true],"full":["https:\/\/diariolanoticia.com.mx\/wp-content\/uploads\/2025\/12\/2-Estudiantes-y-docentes-de-Agrobiologia-UATx-participaron-en-la-Noche-de-Estrellas-2.jpeg",997,562,false]},"categories_names":{"10":{"name":"Educaci\u00f3n","link":"https:\/\/diariolanoticia.com.mx\/?cat=10"}},"tags_names":[],"comments_number":"0","wpmagazine_modules_lite_featured_media_urls":{"thumbnail":["https:\/\/diariolanoticia.com.mx\/wp-content\/uploads\/2025\/12\/2-Estudiantes-y-docentes-de-Agrobiologia-UATx-participaron-en-la-Noche-de-Estrellas-2-216x160.jpeg",216,160,true],"cvmm-medium":["https:\/\/diariolanoticia.com.mx\/wp-content\/uploads\/2025\/12\/2-Estudiantes-y-docentes-de-Agrobiologia-UATx-participaron-en-la-Noche-de-Estrellas-2-300x300.jpeg",300,300,true],"cvmm-medium-plus":["https:\/\/diariolanoticia.com.mx\/wp-content\/uploads\/2025\/12\/2-Estudiantes-y-docentes-de-Agrobiologia-UATx-participaron-en-la-Noche-de-Estrellas-2-305x207.jpeg",305,207,true],"cvmm-portrait":["https:\/\/diariolanoticia.com.mx\/wp-content\/uploads\/2025\/12\/2-Estudiantes-y-docentes-de-Agrobiologia-UATx-participaron-en-la-Noche-de-Estrellas-2-400x562.jpeg",400,562,true],"cvmm-medium-square":["https:\/\/diariolanoticia.com.mx\/wp-content\/uploads\/2025\/12\/2-Estudiantes-y-docentes-de-Agrobiologia-UATx-participaron-en-la-Noche-de-Estrellas-2-600x562.jpeg",600,562,true],"cvmm-large":["https:\/\/diariolanoticia.com.mx\/wp-content\/uploads\/2025\/12\/2-Estudiantes-y-docentes-de-Agrobiologia-UATx-participaron-en-la-Noche-de-Estrellas-2.jpeg",997,562,false],"cvmm-small":["https:\/\/diariolanoticia.com.mx\/wp-content\/uploads\/2025\/12\/2-Estudiantes-y-docentes-de-Agrobiologia-UATx-participaron-en-la-Noche-de-Estrellas-2-130x95.jpeg",130,95,true],"full":["https:\/\/diariolanoticia.com.mx\/wp-content\/uploads\/2025\/12\/2-Estudiantes-y-docentes-de-Agrobiologia-UATx-participaron-en-la-Noche-de-Estrellas-2.jpeg",997,562,false]},"_links":{"self":[{"href":"https:\/\/diariolanoticia.com.mx\/index.php?rest_route=\/wp\/v2\/posts\/131225","targetHints":{"allow":["GET"]}}],"collection":[{"href":"https:\/\/diariolanoticia.com.mx\/index.php?rest_route=\/wp\/v2\/posts"}],"about":[{"href":"https:\/\/diariolanoticia.com.mx\/index.php?rest_route=\/wp\/v2\/types\/post"}],"author":[{"embeddable":true,"href":"https:\/\/diariolanoticia.com.mx\/index.php?rest_route=\/wp\/v2\/users\/1"}],"replies":[{"embeddable":true,"href":"https:\/\/diariolanoticia.com.mx\/index.php?rest_route=%2Fwp%2Fv2%2Fcomments&post=131225"}],"version-history":[{"count":1,"href":"https:\/\/diariolanoticia.com.mx\/index.php?rest_route=\/wp\/v2\/posts\/131225\/revisions"}],"predecessor-version":[{"id":131227,"href":"https:\/\/diariolanoticia.com.mx\/index.php?rest_route=\/wp\/v2\/posts\/131225\/revisions\/131227"}],"wp:featuredmedia":[{"embeddable":true,"href":"https:\/\/diariolanoticia.com.mx\/index.php?rest_route=\/wp\/v2\/media\/131226"}],"wp:attachment":[{"href":"https:\/\/diariolanoticia.com.mx\/index.php?rest_route=%2Fwp%2Fv2%2Fmedia&parent=131225"}],"wp:term":[{"taxonomy":"category","embeddable":true,"href":"https:\/\/diariolanoticia.com.mx\/index.php?rest_route=%2Fwp%2Fv2%2Fcategories&post=131225"},{"taxonomy":"post_tag","embeddable":true,"href":"https:\/\/diariolanoticia.com.mx\/index.php?rest_route=%2Fwp%2Fv2%2Ftags&post=131225"}],"curies":[{"name":"wp","href":"https:\/\/api.w.org\/{rel}","templated":true}]}}