{"id":131234,"date":"2025-12-03T18:32:38","date_gmt":"2025-12-04T00:32:38","guid":{"rendered":"https:\/\/diariolanoticia.com.mx\/?p=131234"},"modified":"2025-12-03T18:32:38","modified_gmt":"2025-12-04T00:32:38","slug":"se-presenta-coro-navideno-en-el-congreso-del-estado","status":"publish","type":"post","link":"https:\/\/diariolanoticia.com.mx\/?p=131234","title":{"rendered":"Se presenta Coro Navide\u00f1o en el Congreso del Estado"},"content":{"rendered":"\n<figure class=\"wp-block-gallery has-nested-images columns-default is-cropped wp-block-gallery-1 is-layout-flex wp-block-gallery-is-layout-flex\">\n<figure class=\"wp-block-image\"><img loading=\"lazy\" decoding=\"async\" width=\"682\" height=\"1024\" data-id=\"131232\" src=\"https:\/\/diariolanoticia.com.mx\/wp-content\/uploads\/2025\/12\/a9fa4b89-a832-4f2c-bbf7-5f0dc9128eb9-682x1024.jpg\" alt=\"\" class=\"wp-image-131232\" srcset=\"https:\/\/diariolanoticia.com.mx\/wp-content\/uploads\/2025\/12\/a9fa4b89-a832-4f2c-bbf7-5f0dc9128eb9-682x1024.jpg 682w, https:\/\/diariolanoticia.com.mx\/wp-content\/uploads\/2025\/12\/a9fa4b89-a832-4f2c-bbf7-5f0dc9128eb9-200x300.jpg 200w, https:\/\/diariolanoticia.com.mx\/wp-content\/uploads\/2025\/12\/a9fa4b89-a832-4f2c-bbf7-5f0dc9128eb9-768x1153.jpg 768w, https:\/\/diariolanoticia.com.mx\/wp-content\/uploads\/2025\/12\/a9fa4b89-a832-4f2c-bbf7-5f0dc9128eb9-400x600.jpg 400w, https:\/\/diariolanoticia.com.mx\/wp-content\/uploads\/2025\/12\/a9fa4b89-a832-4f2c-bbf7-5f0dc9128eb9.jpg 999w\" sizes=\"auto, (max-width: 682px) 100vw, 682px\" \/><\/figure>\n\n\n\n<figure class=\"wp-block-image\"><img loading=\"lazy\" decoding=\"async\" width=\"1024\" height=\"682\" data-id=\"131233\" src=\"https:\/\/diariolanoticia.com.mx\/wp-content\/uploads\/2025\/12\/7b215f3a-537c-4d4a-98c6-5ce8b64f3d4e-1024x682.jpg\" alt=\"\" class=\"wp-image-131233\" srcset=\"https:\/\/diariolanoticia.com.mx\/wp-content\/uploads\/2025\/12\/7b215f3a-537c-4d4a-98c6-5ce8b64f3d4e-1024x682.jpg 1024w, https:\/\/diariolanoticia.com.mx\/wp-content\/uploads\/2025\/12\/7b215f3a-537c-4d4a-98c6-5ce8b64f3d4e-300x200.jpg 300w, https:\/\/diariolanoticia.com.mx\/wp-content\/uploads\/2025\/12\/7b215f3a-537c-4d4a-98c6-5ce8b64f3d4e-768x511.jpg 768w, https:\/\/diariolanoticia.com.mx\/wp-content\/uploads\/2025\/12\/7b215f3a-537c-4d4a-98c6-5ce8b64f3d4e.jpg 1500w\" sizes=\"auto, (max-width: 1024px) 100vw, 1024px\" \/><\/figure>\n<\/figure>\n\n\n\n<p class=\"s8\">Como parte de las actividades decembrinas, el Voluntariado del Congreso del Estado llev\u00f3 a cabo el Concierto Especial Navide\u00f1o, con la participaci\u00f3n del Coro Infantil de 30 voces, dirigidos por el pianista Enrique Castillo Reyes, quienes interpretaron villancicos de diferentes partes del mundo para las personas que se dieron cita en el lobby de la sede del Poder Legislativo.<\/p>\n\n\n\n<p class=\"s8\">Durante este evento, la titular del Voluntariado del Congreso del Estado, Minerva Garc\u00eda Ch\u00e1vez, se\u00f1al\u00f3 la importancia de estas fechas para fortalecer la convivencia, los valores culturales y promover el esp\u00edritu navide\u00f1o entre la ciudadan\u00eda y el personal del Congreso. En esta actividad se cont\u00f3 con la presencia del director general del Instituto Iberia, Juan Jos\u00e9 Galv\u00e1n, y el&nbsp;Secretario General&nbsp;del Congreso, Julio Leopoldo de Lara Valera.<\/p>\n","protected":false},"excerpt":{"rendered":"<p>Como parte de las actividades decembrinas, el Voluntariado del Congreso del Estado llev\u00f3 a cabo el Concierto Especial Navide\u00f1o, con la participaci\u00f3n del Coro Infantil de 30 voces, dirigidos por el pianista Enrique Castillo Reyes, quienes interpretaron villancicos de diferentes partes del mundo para las personas que se dieron cita en el lobby de la [&hellip;]<\/p>\n","protected":false},"author":1,"featured_media":131231,"comment_status":"closed","ping_status":"open","sticky":false,"template":"","format":"standard","meta":{"footnotes":""},"categories":[20],"tags":[],"class_list":["post-131234","post","type-post","status-publish","format-standard","has-post-thumbnail","hentry","category-norte-de-puebla"],"blog_post_layout_featured_media_urls":{"thumbnail":["https:\/\/diariolanoticia.com.mx\/wp-content\/uploads\/2025\/12\/f9943054-46e7-4f5a-a552-aa056df3c7dc-216x160.jpg",216,160,true],"full":["https:\/\/diariolanoticia.com.mx\/wp-content\/uploads\/2025\/12\/f9943054-46e7-4f5a-a552-aa056df3c7dc.jpg",1500,999,false]},"categories_names":{"20":{"name":"Norte de Puebla","link":"https:\/\/diariolanoticia.com.mx\/?cat=20"}},"tags_names":[],"comments_number":"0","wpmagazine_modules_lite_featured_media_urls":{"thumbnail":["https:\/\/diariolanoticia.com.mx\/wp-content\/uploads\/2025\/12\/f9943054-46e7-4f5a-a552-aa056df3c7dc-216x160.jpg",216,160,true],"cvmm-medium":["https:\/\/diariolanoticia.com.mx\/wp-content\/uploads\/2025\/12\/f9943054-46e7-4f5a-a552-aa056df3c7dc-300x300.jpg",300,300,true],"cvmm-medium-plus":["https:\/\/diariolanoticia.com.mx\/wp-content\/uploads\/2025\/12\/f9943054-46e7-4f5a-a552-aa056df3c7dc-305x207.jpg",305,207,true],"cvmm-portrait":["https:\/\/diariolanoticia.com.mx\/wp-content\/uploads\/2025\/12\/f9943054-46e7-4f5a-a552-aa056df3c7dc-400x600.jpg",400,600,true],"cvmm-medium-square":["https:\/\/diariolanoticia.com.mx\/wp-content\/uploads\/2025\/12\/f9943054-46e7-4f5a-a552-aa056df3c7dc-600x600.jpg",600,600,true],"cvmm-large":["https:\/\/diariolanoticia.com.mx\/wp-content\/uploads\/2025\/12\/f9943054-46e7-4f5a-a552-aa056df3c7dc-1024x999.jpg",1024,999,true],"cvmm-small":["https:\/\/diariolanoticia.com.mx\/wp-content\/uploads\/2025\/12\/f9943054-46e7-4f5a-a552-aa056df3c7dc-130x95.jpg",130,95,true],"full":["https:\/\/diariolanoticia.com.mx\/wp-content\/uploads\/2025\/12\/f9943054-46e7-4f5a-a552-aa056df3c7dc.jpg",1500,999,false]},"_links":{"self":[{"href":"https:\/\/diariolanoticia.com.mx\/index.php?rest_route=\/wp\/v2\/posts\/131234","targetHints":{"allow":["GET"]}}],"collection":[{"href":"https:\/\/diariolanoticia.com.mx\/index.php?rest_route=\/wp\/v2\/posts"}],"about":[{"href":"https:\/\/diariolanoticia.com.mx\/index.php?rest_route=\/wp\/v2\/types\/post"}],"author":[{"embeddable":true,"href":"https:\/\/diariolanoticia.com.mx\/index.php?rest_route=\/wp\/v2\/users\/1"}],"replies":[{"embeddable":true,"href":"https:\/\/diariolanoticia.com.mx\/index.php?rest_route=%2Fwp%2Fv2%2Fcomments&post=131234"}],"version-history":[{"count":1,"href":"https:\/\/diariolanoticia.com.mx\/index.php?rest_route=\/wp\/v2\/posts\/131234\/revisions"}],"predecessor-version":[{"id":131235,"href":"https:\/\/diariolanoticia.com.mx\/index.php?rest_route=\/wp\/v2\/posts\/131234\/revisions\/131235"}],"wp:featuredmedia":[{"embeddable":true,"href":"https:\/\/diariolanoticia.com.mx\/index.php?rest_route=\/wp\/v2\/media\/131231"}],"wp:attachment":[{"href":"https:\/\/diariolanoticia.com.mx\/index.php?rest_route=%2Fwp%2Fv2%2Fmedia&parent=131234"}],"wp:term":[{"taxonomy":"category","embeddable":true,"href":"https:\/\/diariolanoticia.com.mx\/index.php?rest_route=%2Fwp%2Fv2%2Fcategories&post=131234"},{"taxonomy":"post_tag","embeddable":true,"href":"https:\/\/diariolanoticia.com.mx\/index.php?rest_route=%2Fwp%2Fv2%2Ftags&post=131234"}],"curies":[{"name":"wp","href":"https:\/\/api.w.org\/{rel}","templated":true}]}}