{"id":131241,"date":"2025-12-03T21:37:09","date_gmt":"2025-12-04T03:37:09","guid":{"rendered":"https:\/\/diariolanoticia.com.mx\/?p=131241"},"modified":"2025-12-03T21:37:09","modified_gmt":"2025-12-04T03:37:09","slug":"conmemora-congreso-dia-internacional-de-las-personas-con-discapacidad","status":"publish","type":"post","link":"https:\/\/diariolanoticia.com.mx\/?p=131241","title":{"rendered":"Conmemora Congreso D\u00eda Internacional de las Personas con Discapacidad"},"content":{"rendered":"\n<figure class=\"wp-block-gallery has-nested-images columns-default is-cropped wp-block-gallery-1 is-layout-flex wp-block-gallery-is-layout-flex\">\n<figure class=\"wp-block-image\"><img loading=\"lazy\" decoding=\"async\" width=\"1024\" height=\"683\" data-id=\"131237\" src=\"https:\/\/diariolanoticia.com.mx\/wp-content\/uploads\/2025\/12\/81d25928-6ba5-41ce-b2ae-3656039971d5-1024x683.jpg\" alt=\"\" class=\"wp-image-131237\" srcset=\"https:\/\/diariolanoticia.com.mx\/wp-content\/uploads\/2025\/12\/81d25928-6ba5-41ce-b2ae-3656039971d5-1024x683.jpg 1024w, https:\/\/diariolanoticia.com.mx\/wp-content\/uploads\/2025\/12\/81d25928-6ba5-41ce-b2ae-3656039971d5-300x200.jpg 300w, https:\/\/diariolanoticia.com.mx\/wp-content\/uploads\/2025\/12\/81d25928-6ba5-41ce-b2ae-3656039971d5-768x512.jpg 768w, https:\/\/diariolanoticia.com.mx\/wp-content\/uploads\/2025\/12\/81d25928-6ba5-41ce-b2ae-3656039971d5.jpg 1500w\" sizes=\"auto, (max-width: 1024px) 100vw, 1024px\" \/><\/figure>\n\n\n\n<figure class=\"wp-block-image\"><img loading=\"lazy\" decoding=\"async\" width=\"1024\" height=\"682\" data-id=\"131239\" src=\"https:\/\/diariolanoticia.com.mx\/wp-content\/uploads\/2025\/12\/9fc2be41-81d4-4d5b-bdd4-bd0e187d1253-1024x682.jpg\" alt=\"\" class=\"wp-image-131239\" srcset=\"https:\/\/diariolanoticia.com.mx\/wp-content\/uploads\/2025\/12\/9fc2be41-81d4-4d5b-bdd4-bd0e187d1253-1024x682.jpg 1024w, https:\/\/diariolanoticia.com.mx\/wp-content\/uploads\/2025\/12\/9fc2be41-81d4-4d5b-bdd4-bd0e187d1253-300x200.jpg 300w, https:\/\/diariolanoticia.com.mx\/wp-content\/uploads\/2025\/12\/9fc2be41-81d4-4d5b-bdd4-bd0e187d1253-768x512.jpg 768w, https:\/\/diariolanoticia.com.mx\/wp-content\/uploads\/2025\/12\/9fc2be41-81d4-4d5b-bdd4-bd0e187d1253.jpg 1280w\" sizes=\"auto, (max-width: 1024px) 100vw, 1024px\" \/><\/figure>\n\n\n\n<figure class=\"wp-block-image\"><img loading=\"lazy\" decoding=\"async\" width=\"1024\" height=\"682\" data-id=\"131238\" src=\"https:\/\/diariolanoticia.com.mx\/wp-content\/uploads\/2025\/12\/7dcb8444-3ede-4934-a674-501d7b8dba4c-1024x682.jpg\" alt=\"\" class=\"wp-image-131238\" srcset=\"https:\/\/diariolanoticia.com.mx\/wp-content\/uploads\/2025\/12\/7dcb8444-3ede-4934-a674-501d7b8dba4c-1024x682.jpg 1024w, https:\/\/diariolanoticia.com.mx\/wp-content\/uploads\/2025\/12\/7dcb8444-3ede-4934-a674-501d7b8dba4c-300x200.jpg 300w, https:\/\/diariolanoticia.com.mx\/wp-content\/uploads\/2025\/12\/7dcb8444-3ede-4934-a674-501d7b8dba4c-768x511.jpg 768w, https:\/\/diariolanoticia.com.mx\/wp-content\/uploads\/2025\/12\/7dcb8444-3ede-4934-a674-501d7b8dba4c.jpg 1500w\" sizes=\"auto, (max-width: 1024px) 100vw, 1024px\" \/><\/figure>\n\n\n\n<figure class=\"wp-block-image\"><img loading=\"lazy\" decoding=\"async\" width=\"1024\" height=\"683\" data-id=\"131240\" src=\"https:\/\/diariolanoticia.com.mx\/wp-content\/uploads\/2025\/12\/865970c5-af52-4af5-816d-50f9005a2b6f-1024x683.jpg\" alt=\"\" class=\"wp-image-131240\" srcset=\"https:\/\/diariolanoticia.com.mx\/wp-content\/uploads\/2025\/12\/865970c5-af52-4af5-816d-50f9005a2b6f-1024x683.jpg 1024w, https:\/\/diariolanoticia.com.mx\/wp-content\/uploads\/2025\/12\/865970c5-af52-4af5-816d-50f9005a2b6f-300x200.jpg 300w, https:\/\/diariolanoticia.com.mx\/wp-content\/uploads\/2025\/12\/865970c5-af52-4af5-816d-50f9005a2b6f-768x512.jpg 768w, https:\/\/diariolanoticia.com.mx\/wp-content\/uploads\/2025\/12\/865970c5-af52-4af5-816d-50f9005a2b6f.jpg 1500w\" sizes=\"auto, (max-width: 1024px) 100vw, 1024px\" \/><\/figure>\n<\/figure>\n\n\n\n<p class=\"s9\">Durante la conmemoraci\u00f3n del D\u00eda Internacional de las Personas con Discapacidad, las diputadas Mar\u00eda Soledad Amieva Zamora y Luana Armida Amador Vallejo, pusieron \u00e9nfasis en la necesidad de eliminar las barreras que impiden el pleno desarrollo de este grupo.&nbsp;<\/p>\n\n\n\n<p class=\"s9\">Al participar en el conversatorio denominado Agenda inclusiva: legislaci\u00f3n, gobierno y sociedad por la discapacidad, la diputada Soledad Amieva destac\u00f3 que las pol\u00edticas p\u00fablicas deben modernizarse y, a trav\u00e9s de diferentes acciones, garantizar la inclusi\u00f3n en todos los \u00e1mbitos.&nbsp;<\/p>\n\n\n\n<p class=\"s9\">La legisladora puso \u00e9nfasis en la inclusi\u00f3n laboral, pues las personas con discapacidad carecen de un empleo digno, seguro y con posibilidades de crecimiento; adem\u00e1s, se enfrentan a obst\u00e1culos para acceder a servicios escolares y de salud.&nbsp;<\/p>\n\n\n\n<p class=\"s9\">&nbsp;<\/p>\n\n\n\n<p class=\"s9\">Por su parte, la diputada Luana Amador reconoci\u00f3 la participaci\u00f3n de las organizaciones y la suma de esfuerzos de los diferentes sectores para reducir las brechas de desigualdad. En su participaci\u00f3n, la legisladora indic\u00f3 que una de las acciones a las que le dio seguimiento el Congreso es a la reasignaci\u00f3n de 50 millones de pesos para infraestructura accesible.&nbsp;<\/p>\n\n\n\n<p class=\"s9\">&nbsp;<\/p>\n\n\n\n<p class=\"s9\">Durante el conversatorio estuvo presente el titular del Instituto de Seguridad y Servicios Sociales de los Trabajadores al Servicio de los Poderes del Estado de Puebla (ISSSTEP), Luis Antonio Godina Herrera, quien destac\u00f3 la necesidad de trabajar de forma transversal y articulada, as\u00ed como tender puentes de comunicaci\u00f3n desde los diferentes sectores para promover la inclusi\u00f3n.&nbsp;<\/p>\n\n\n\n<p class=\"s9\">&nbsp;<\/p>\n\n\n\n<p class=\"s9\">En el conversatorio tambi\u00e9n particip\u00f3 Marco Antonio Cubillo Le\u00f3n, representante del Centro Mexicano Universitario de Ciencias y Humanidades; Rafael Meza Cruz, representante de la Asociaci\u00f3n \u201cManos que Miran\u201d y Gregory Camacho, representante de la iniciativa privada y de&nbsp;Africam&nbsp;Safari.<\/p>\n\n\n\n<p class=\"s9\">&nbsp;<\/p>\n\n\n\n<p class=\"s9\">Como parte de la din\u00e1mica, se realizaron preguntas detonadoras relacionadas con las \u00e1reas de oportunidad para reducir las brechas de desigualdad, los desaf\u00edos para brindar servicios adecuados, el fortalecimiento de la participaci\u00f3n de las personas con discapacidad en los procesos legislativos, entre otros. Posteriormente, se abri\u00f3 una ronda de preguntas, respuestas y comentarios entre las y los invitados al conversatorio.&nbsp;<\/p>\n\n\n\n<p class=\"s9\">&nbsp;<\/p>\n\n\n\n<p class=\"s9\">DIALOGAN SOBRE INCLUSI\u00d3N DE MUJERES CON DISCAPACIDAD&nbsp;<\/p>\n\n\n\n<p class=\"s9\">&nbsp;<\/p>\n\n\n\n<p class=\"s9\">Como parte de las actividades conmemorativas, la diputada Mar\u00eda Soledad Amieva Zamora encabez\u00f3 un foro de inclusi\u00f3n de mujeres con discapacidad, donde la legisladora indic\u00f3 que toda acci\u00f3n parte de visibilizar a este sector y hacer consciencia sobre las barreras a las que se enfrentan.&nbsp;<\/p>\n\n\n\n<p class=\"s9\">&nbsp;<\/p>\n\n\n\n<p class=\"s9\">Tambi\u00e9n puso \u00e9nfasis en la interseccionalidad, que representa la serie de violencias y desigualdades acumuladas, donde se enmarcan las situaciones que viven las mujeres con discapacidad y que deben atenderse.&nbsp;<\/p>\n\n\n\n<p class=\"s9\">&nbsp;<\/p>\n\n\n\n<p class=\"s9\">En tanto, la titular de la Secretar\u00eda de las Mujeres, Yadira&nbsp;Lira Navarro, destac\u00f3 que uno de los principales objetivos de la dependencia es construir un Estado donde la igualdad no sea una aspiraci\u00f3n, sino una realidad. &nbsp;<\/p>\n","protected":false},"excerpt":{"rendered":"<p>Durante la conmemoraci\u00f3n del D\u00eda Internacional de las Personas con Discapacidad, las diputadas Mar\u00eda Soledad Amieva Zamora y Luana Armida Amador Vallejo, pusieron \u00e9nfasis en la necesidad de eliminar las barreras que impiden el pleno desarrollo de este grupo.&nbsp; Al participar en el conversatorio denominado Agenda inclusiva: legislaci\u00f3n, gobierno y sociedad por la discapacidad, la [&hellip;]<\/p>\n","protected":false},"author":1,"featured_media":131236,"comment_status":"closed","ping_status":"open","sticky":false,"template":"","format":"standard","meta":{"footnotes":""},"categories":[20],"tags":[],"class_list":["post-131241","post","type-post","status-publish","format-standard","has-post-thumbnail","hentry","category-norte-de-puebla"],"blog_post_layout_featured_media_urls":{"thumbnail":["https:\/\/diariolanoticia.com.mx\/wp-content\/uploads\/2025\/12\/99f6a68b-b88b-4097-9e38-8e153bb100b9-216x160.jpg",216,160,true],"full":["https:\/\/diariolanoticia.com.mx\/wp-content\/uploads\/2025\/12\/99f6a68b-b88b-4097-9e38-8e153bb100b9.jpg",1500,999,false]},"categories_names":{"20":{"name":"Norte de Puebla","link":"https:\/\/diariolanoticia.com.mx\/?cat=20"}},"tags_names":[],"comments_number":"0","wpmagazine_modules_lite_featured_media_urls":{"thumbnail":["https:\/\/diariolanoticia.com.mx\/wp-content\/uploads\/2025\/12\/99f6a68b-b88b-4097-9e38-8e153bb100b9-216x160.jpg",216,160,true],"cvmm-medium":["https:\/\/diariolanoticia.com.mx\/wp-content\/uploads\/2025\/12\/99f6a68b-b88b-4097-9e38-8e153bb100b9-300x300.jpg",300,300,true],"cvmm-medium-plus":["https:\/\/diariolanoticia.com.mx\/wp-content\/uploads\/2025\/12\/99f6a68b-b88b-4097-9e38-8e153bb100b9-305x207.jpg",305,207,true],"cvmm-portrait":["https:\/\/diariolanoticia.com.mx\/wp-content\/uploads\/2025\/12\/99f6a68b-b88b-4097-9e38-8e153bb100b9-400x600.jpg",400,600,true],"cvmm-medium-square":["https:\/\/diariolanoticia.com.mx\/wp-content\/uploads\/2025\/12\/99f6a68b-b88b-4097-9e38-8e153bb100b9-600x600.jpg",600,600,true],"cvmm-large":["https:\/\/diariolanoticia.com.mx\/wp-content\/uploads\/2025\/12\/99f6a68b-b88b-4097-9e38-8e153bb100b9-1024x999.jpg",1024,999,true],"cvmm-small":["https:\/\/diariolanoticia.com.mx\/wp-content\/uploads\/2025\/12\/99f6a68b-b88b-4097-9e38-8e153bb100b9-130x95.jpg",130,95,true],"full":["https:\/\/diariolanoticia.com.mx\/wp-content\/uploads\/2025\/12\/99f6a68b-b88b-4097-9e38-8e153bb100b9.jpg",1500,999,false]},"_links":{"self":[{"href":"https:\/\/diariolanoticia.com.mx\/index.php?rest_route=\/wp\/v2\/posts\/131241","targetHints":{"allow":["GET"]}}],"collection":[{"href":"https:\/\/diariolanoticia.com.mx\/index.php?rest_route=\/wp\/v2\/posts"}],"about":[{"href":"https:\/\/diariolanoticia.com.mx\/index.php?rest_route=\/wp\/v2\/types\/post"}],"author":[{"embeddable":true,"href":"https:\/\/diariolanoticia.com.mx\/index.php?rest_route=\/wp\/v2\/users\/1"}],"replies":[{"embeddable":true,"href":"https:\/\/diariolanoticia.com.mx\/index.php?rest_route=%2Fwp%2Fv2%2Fcomments&post=131241"}],"version-history":[{"count":1,"href":"https:\/\/diariolanoticia.com.mx\/index.php?rest_route=\/wp\/v2\/posts\/131241\/revisions"}],"predecessor-version":[{"id":131242,"href":"https:\/\/diariolanoticia.com.mx\/index.php?rest_route=\/wp\/v2\/posts\/131241\/revisions\/131242"}],"wp:featuredmedia":[{"embeddable":true,"href":"https:\/\/diariolanoticia.com.mx\/index.php?rest_route=\/wp\/v2\/media\/131236"}],"wp:attachment":[{"href":"https:\/\/diariolanoticia.com.mx\/index.php?rest_route=%2Fwp%2Fv2%2Fmedia&parent=131241"}],"wp:term":[{"taxonomy":"category","embeddable":true,"href":"https:\/\/diariolanoticia.com.mx\/index.php?rest_route=%2Fwp%2Fv2%2Fcategories&post=131241"},{"taxonomy":"post_tag","embeddable":true,"href":"https:\/\/diariolanoticia.com.mx\/index.php?rest_route=%2Fwp%2Fv2%2Ftags&post=131241"}],"curies":[{"name":"wp","href":"https:\/\/api.w.org\/{rel}","templated":true}]}}