{"id":131244,"date":"2025-12-04T10:20:17","date_gmt":"2025-12-04T16:20:17","guid":{"rendered":"https:\/\/diariolanoticia.com.mx\/?p=131244"},"modified":"2025-12-04T10:20:17","modified_gmt":"2025-12-04T16:20:17","slug":"en-el-congreso-del-estado-se-llevo-a-cabo-el-foro-mas-alla-del-asistencialismo-hacia-la-inclusion-real-en-puebla","status":"publish","type":"post","link":"https:\/\/diariolanoticia.com.mx\/?p=131244","title":{"rendered":"En el Congreso del Estado se llev\u00f3 a cabo el foro \u201cM\u00e1s all\u00e1 del asistencialismo. Hacia la inclusi\u00f3n real en Puebla\u201d"},"content":{"rendered":"\n<p class=\"s9\">&#8211; El evento se realiz\u00f3 en el marco del D\u00eda Internacional de las Personas con Discapacidad<\/p>\n\n\n\n<p class=\"s9\">&nbsp;Con la finalidad de reflexionar y analizar las necesidades de las personas con discapacidad desde la perspectiva del modelo social y de derechos humanos, que permita promover su plena inclusi\u00f3n y participaci\u00f3n en la sociedad, en el Congreso del Estado se llev\u00f3 a cabo el foro \u201cM\u00e1s all\u00e1 del asistencialismo. Hacia la inclusi\u00f3n real en Puebla\u201d.<\/p>\n\n\n\n<p class=\"s12\">A trav\u00e9s de la convocatoria del diputado Pavel Gaspar Ram\u00edrez y del Movimiento de Personas con Discapacidad en Puebla, se realiz\u00f3 este encuentro en el marco del D\u00eda Internacional de las Personas con Discapacidad, con la finalidad de hacer conciencia sobre la importancia de la inclusi\u00f3n como un derecho humano, que permita legislar y proponer estrategias que fortalezcan la participaci\u00f3n plena, efectiva y en igualdad de condiciones de las personas con discapacidad.<\/p>\n\n\n\n<p class=\"s12\">Durante este evento, la diputada Elisa Lim\u00f3n Baldarrabano se\u00f1al\u00f3 que desde el Congreso del Estado se trabaja y se legisla para mejorar la calidad de vida de las personas con discapacidad, \u201csin olvidar a las hermanas ind\u00edgenas que viven con esta condici\u00f3n, que desgraciadamente tienen que luchar con tres factores que las excluyen y las marginan, que son: ser mujer, ser ind\u00edgena y tener una discapacidad\u201d.<\/p>\n\n\n\n<p class=\"s12\">Asimismo, la representante del Movimiento de Personas con Discapacidad en Puebla, Cindy \u00c9rika Escalona Quiriz, se\u00f1al\u00f3 que se debe pugnar por erradicar el asistencialismo hacia las personas con discapacidad y apostar por su empoderamiento, promoviendo sus derechos y garantizando una vida digna.<\/p>\n\n\n\n<p class=\"s12\">En este evento tambi\u00e9n se cont\u00f3 con la participaci\u00f3n de la diputada de la Sexag\u00e9sima Legislatura del Congreso del Estado de Puebla, Guadalupe Muci\u00f1o Mu\u00f1oz; la subsecretaria de Bienestar, Elsa Ruiz Betanzos; del director de Educaci\u00f3n Especial de la Secretar\u00eda de Educaci\u00f3n P\u00fablica, H\u00e9ctor Rojas Hern\u00e1ndez; entre otros invitados especiales.<\/p>\n","protected":false},"excerpt":{"rendered":"<p>&#8211; El evento se realiz\u00f3 en el marco del D\u00eda Internacional de las Personas con Discapacidad &nbsp;Con la finalidad de reflexionar y analizar las necesidades de las personas con discapacidad desde la perspectiva del modelo social y de derechos humanos, que permita promover su plena inclusi\u00f3n y participaci\u00f3n en la sociedad, en el Congreso del [&hellip;]<\/p>\n","protected":false},"author":1,"featured_media":131243,"comment_status":"closed","ping_status":"open","sticky":false,"template":"","format":"standard","meta":{"footnotes":""},"categories":[20],"tags":[],"class_list":["post-131244","post","type-post","status-publish","format-standard","has-post-thumbnail","hentry","category-norte-de-puebla"],"blog_post_layout_featured_media_urls":{"thumbnail":["https:\/\/diariolanoticia.com.mx\/wp-content\/uploads\/2025\/12\/ff1276d1-0a70-4aa9-b674-e758904dea1f-216x160.jpg",216,160,true],"full":["https:\/\/diariolanoticia.com.mx\/wp-content\/uploads\/2025\/12\/ff1276d1-0a70-4aa9-b674-e758904dea1f.jpg",1500,1000,false]},"categories_names":{"20":{"name":"Norte de Puebla","link":"https:\/\/diariolanoticia.com.mx\/?cat=20"}},"tags_names":[],"comments_number":"0","wpmagazine_modules_lite_featured_media_urls":{"thumbnail":["https:\/\/diariolanoticia.com.mx\/wp-content\/uploads\/2025\/12\/ff1276d1-0a70-4aa9-b674-e758904dea1f-216x160.jpg",216,160,true],"cvmm-medium":["https:\/\/diariolanoticia.com.mx\/wp-content\/uploads\/2025\/12\/ff1276d1-0a70-4aa9-b674-e758904dea1f-300x300.jpg",300,300,true],"cvmm-medium-plus":["https:\/\/diariolanoticia.com.mx\/wp-content\/uploads\/2025\/12\/ff1276d1-0a70-4aa9-b674-e758904dea1f-305x207.jpg",305,207,true],"cvmm-portrait":["https:\/\/diariolanoticia.com.mx\/wp-content\/uploads\/2025\/12\/ff1276d1-0a70-4aa9-b674-e758904dea1f-400x600.jpg",400,600,true],"cvmm-medium-square":["https:\/\/diariolanoticia.com.mx\/wp-content\/uploads\/2025\/12\/ff1276d1-0a70-4aa9-b674-e758904dea1f-600x600.jpg",600,600,true],"cvmm-large":["https:\/\/diariolanoticia.com.mx\/wp-content\/uploads\/2025\/12\/ff1276d1-0a70-4aa9-b674-e758904dea1f-1024x1000.jpg",1024,1000,true],"cvmm-small":["https:\/\/diariolanoticia.com.mx\/wp-content\/uploads\/2025\/12\/ff1276d1-0a70-4aa9-b674-e758904dea1f-130x95.jpg",130,95,true],"full":["https:\/\/diariolanoticia.com.mx\/wp-content\/uploads\/2025\/12\/ff1276d1-0a70-4aa9-b674-e758904dea1f.jpg",1500,1000,false]},"_links":{"self":[{"href":"https:\/\/diariolanoticia.com.mx\/index.php?rest_route=\/wp\/v2\/posts\/131244","targetHints":{"allow":["GET"]}}],"collection":[{"href":"https:\/\/diariolanoticia.com.mx\/index.php?rest_route=\/wp\/v2\/posts"}],"about":[{"href":"https:\/\/diariolanoticia.com.mx\/index.php?rest_route=\/wp\/v2\/types\/post"}],"author":[{"embeddable":true,"href":"https:\/\/diariolanoticia.com.mx\/index.php?rest_route=\/wp\/v2\/users\/1"}],"replies":[{"embeddable":true,"href":"https:\/\/diariolanoticia.com.mx\/index.php?rest_route=%2Fwp%2Fv2%2Fcomments&post=131244"}],"version-history":[{"count":1,"href":"https:\/\/diariolanoticia.com.mx\/index.php?rest_route=\/wp\/v2\/posts\/131244\/revisions"}],"predecessor-version":[{"id":131245,"href":"https:\/\/diariolanoticia.com.mx\/index.php?rest_route=\/wp\/v2\/posts\/131244\/revisions\/131245"}],"wp:featuredmedia":[{"embeddable":true,"href":"https:\/\/diariolanoticia.com.mx\/index.php?rest_route=\/wp\/v2\/media\/131243"}],"wp:attachment":[{"href":"https:\/\/diariolanoticia.com.mx\/index.php?rest_route=%2Fwp%2Fv2%2Fmedia&parent=131244"}],"wp:term":[{"taxonomy":"category","embeddable":true,"href":"https:\/\/diariolanoticia.com.mx\/index.php?rest_route=%2Fwp%2Fv2%2Fcategories&post=131244"},{"taxonomy":"post_tag","embeddable":true,"href":"https:\/\/diariolanoticia.com.mx\/index.php?rest_route=%2Fwp%2Fv2%2Ftags&post=131244"}],"curies":[{"name":"wp","href":"https:\/\/api.w.org\/{rel}","templated":true}]}}