{"id":131253,"date":"2025-12-05T17:03:55","date_gmt":"2025-12-05T23:03:55","guid":{"rendered":"https:\/\/diariolanoticia.com.mx\/?p=131253"},"modified":"2025-12-05T17:03:55","modified_gmt":"2025-12-05T23:03:55","slug":"realiza-congreso-del-estado-coloquio-la-constitucion-politica-del-estado-libre-y-soberano-de-puebla","status":"publish","type":"post","link":"https:\/\/diariolanoticia.com.mx\/?p=131253","title":{"rendered":"Realiza Congreso del Estado coloquio \u201cLa Constituci\u00f3n Pol\u00edtica del Estado Libre y Soberano de Puebla\u201d"},"content":{"rendered":"\n<p class=\"s8\"><\/p>\n\n\n\n<figure class=\"wp-block-gallery has-nested-images columns-default is-cropped wp-block-gallery-1 is-layout-flex wp-block-gallery-is-layout-flex\">\n<figure class=\"wp-block-image\"><img loading=\"lazy\" decoding=\"async\" width=\"1024\" height=\"768\" data-id=\"131251\" src=\"https:\/\/diariolanoticia.com.mx\/wp-content\/uploads\/2025\/12\/11cfe96e-6768-48d2-b187-33b9bee7af74-1024x768.jpg\" alt=\"\" class=\"wp-image-131251\" srcset=\"https:\/\/diariolanoticia.com.mx\/wp-content\/uploads\/2025\/12\/11cfe96e-6768-48d2-b187-33b9bee7af74-1024x768.jpg 1024w, https:\/\/diariolanoticia.com.mx\/wp-content\/uploads\/2025\/12\/11cfe96e-6768-48d2-b187-33b9bee7af74-300x225.jpg 300w, https:\/\/diariolanoticia.com.mx\/wp-content\/uploads\/2025\/12\/11cfe96e-6768-48d2-b187-33b9bee7af74-768x576.jpg 768w, https:\/\/diariolanoticia.com.mx\/wp-content\/uploads\/2025\/12\/11cfe96e-6768-48d2-b187-33b9bee7af74-136x102.jpg 136w, https:\/\/diariolanoticia.com.mx\/wp-content\/uploads\/2025\/12\/11cfe96e-6768-48d2-b187-33b9bee7af74.jpg 1280w\" sizes=\"auto, (max-width: 1024px) 100vw, 1024px\" \/><\/figure>\n\n\n\n<figure class=\"wp-block-image\"><img loading=\"lazy\" decoding=\"async\" width=\"1024\" height=\"768\" data-id=\"131252\" src=\"https:\/\/diariolanoticia.com.mx\/wp-content\/uploads\/2025\/12\/26558bf1-9ab4-4f2c-8157-e88dc2a5d739-1024x768.jpg\" alt=\"\" class=\"wp-image-131252\" srcset=\"https:\/\/diariolanoticia.com.mx\/wp-content\/uploads\/2025\/12\/26558bf1-9ab4-4f2c-8157-e88dc2a5d739-1024x768.jpg 1024w, https:\/\/diariolanoticia.com.mx\/wp-content\/uploads\/2025\/12\/26558bf1-9ab4-4f2c-8157-e88dc2a5d739-300x225.jpg 300w, https:\/\/diariolanoticia.com.mx\/wp-content\/uploads\/2025\/12\/26558bf1-9ab4-4f2c-8157-e88dc2a5d739-768x576.jpg 768w, https:\/\/diariolanoticia.com.mx\/wp-content\/uploads\/2025\/12\/26558bf1-9ab4-4f2c-8157-e88dc2a5d739-136x102.jpg 136w, https:\/\/diariolanoticia.com.mx\/wp-content\/uploads\/2025\/12\/26558bf1-9ab4-4f2c-8157-e88dc2a5d739.jpg 1280w\" sizes=\"auto, (max-width: 1024px) 100vw, 1024px\" \/><\/figure>\n<\/figure>\n\n\n\n<p class=\"s8\">&#8211; El evento se llev\u00f3 a cabo en el marco de las actividades del Bicentenario de la Constituci\u00f3n de Puebla de 1825.<\/p>\n\n\n\n<p class=\"s9\">-\u201cA dos siglos de vida constitucional, nos corresponde a las y los poblanos custodiar, fortalecer y honrar la vida p\u00fablica del Estado\u201d: Susana Riestra.<\/p>\n\n\n\n<p class=\"s9\">En el marco del Bicentenario de la Constituci\u00f3n de Puebla de 1825, el Congreso del Estado llev\u00f3 a cabo, en el recinto hist\u00f3rico de la 5 Poniente, el coloquio \u201cLa Constituci\u00f3n Pol\u00edtica del Estado Libre y Soberano de Puebla, Para Hombres, No \u00c1ngeles\u201d, as\u00ed como la inauguraci\u00f3n de la exposici\u00f3n Constituci\u00f3n y Constituyentes. Bicentenario de la Primera Constituci\u00f3n de Puebla.<\/p>\n\n\n\n<p class=\"s9\">Durante este evento, la diputada Susana del Carmen Riestra Pi\u00f1a se\u00f1al\u00f3 que, a dos siglos de vida constitucional, ahora nos corresponde a las y los poblanos custodiar, fortalecer y honrar la vida p\u00fablica del Estado.<\/p>\n\n\n\n<p class=\"s9\">Ya que, doscientos a\u00f1os despu\u00e9s, \u201cla Constituci\u00f3n sigue habl\u00e1ndonos, nos recuerda que el orden p\u00fablico se construye con responsabilidad, que la libertad requiere instituciones firmes y que el porvenir exige altura de miras\u201d.<\/p>\n\n\n\n<p class=\"s9\">Por su parte, la titular de la Secretar\u00eda de Arte y Cultura, Alejandra Pacheco Mex, consider\u00f3 que este legado, m\u00e1s que celebrarse, debe comprenderse para reconocer la riqueza constitucional que ha acompa\u00f1ado a Puebla desde su origen hasta hoy.<\/p>\n\n\n\n<p class=\"s9\">\u201cPorque la construcci\u00f3n de la vida p\u00fablica es una labor permanente que exige conciencia hist\u00f3rica, di\u00e1logo plural y responsabilidad \u00e9tica\u201d, afirm\u00f3 la secretaria.<\/p>\n\n\n\n<p class=\"s9\">En este coloquio participaron las especialistas e investigadoras Mariana Ter\u00e1n, Catherine Andrews y Mercedes Salom\u00f3n.<\/p>\n\n\n\n<p class=\"s9\">Tambi\u00e9n se cont\u00f3 con la presencia de Catalina Montiel Romero, subdirectora del Centro INAH Puebla; Alicia Tecuanhuey Sandoval, en representaci\u00f3n de Lilia Cedillo Ram\u00edrez, rectora de la Benem\u00e9rita Universidad Aut\u00f3noma de Puebla; as\u00ed como de las diputadas Esther Mart\u00ednez Romano, Xel Arianna Hern\u00e1ndez Garc\u00eda y Cinthya Gabriela Chumacero Rodr\u00edguez.<\/p>\n\n\n\n<p class=\"s9\">Cabe se\u00f1alar que este acto estuvo realizado con la presencia de un ejemplar original de la Constituci\u00f3n de 1825, resguardado por la Biblioteca Hist\u00f3rica Jos\u00e9 Mar\u00eda Lafragua.<\/p>\n\n\n\n<p class=\"s9\">En este contexto, se hizo la invitaci\u00f3n para que la poblaci\u00f3n asista a la exposici\u00f3n \u201cConstituci\u00f3n y Constituyentes. Bicentenario de la primera Constituci\u00f3n del Estado de Puebla\u201d, que estar\u00e1 abierta desde hoy hasta el 5 de febrero de 2026 en la Biblioteca Palafoxiana, en el Museo Regional de Puebla del Instituto Nacional de Antropolog\u00eda e Historia, y en la Biblioteca Hist\u00f3rica Jos\u00e9 Mar\u00eda Lafragua de la Benem\u00e9rita Universidad Aut\u00f3noma de Puebla.<\/p>\n","protected":false},"excerpt":{"rendered":"<p>&#8211; El evento se llev\u00f3 a cabo en el marco de las actividades del Bicentenario de la Constituci\u00f3n de Puebla de 1825. -\u201cA dos siglos de vida constitucional, nos corresponde a las y los poblanos custodiar, fortalecer y honrar la vida p\u00fablica del Estado\u201d: Susana Riestra. En el marco del Bicentenario de la Constituci\u00f3n de [&hellip;]<\/p>\n","protected":false},"author":1,"featured_media":131250,"comment_status":"closed","ping_status":"open","sticky":false,"template":"","format":"standard","meta":{"footnotes":""},"categories":[20],"tags":[],"class_list":["post-131253","post","type-post","status-publish","format-standard","has-post-thumbnail","hentry","category-norte-de-puebla"],"blog_post_layout_featured_media_urls":{"thumbnail":["https:\/\/diariolanoticia.com.mx\/wp-content\/uploads\/2025\/12\/13103e15-dce1-4e86-bcd9-b6c229ed561f-216x160.jpg",216,160,true],"full":["https:\/\/diariolanoticia.com.mx\/wp-content\/uploads\/2025\/12\/13103e15-dce1-4e86-bcd9-b6c229ed561f.jpg",1280,960,false]},"categories_names":{"20":{"name":"Norte de Puebla","link":"https:\/\/diariolanoticia.com.mx\/?cat=20"}},"tags_names":[],"comments_number":"0","wpmagazine_modules_lite_featured_media_urls":{"thumbnail":["https:\/\/diariolanoticia.com.mx\/wp-content\/uploads\/2025\/12\/13103e15-dce1-4e86-bcd9-b6c229ed561f-216x160.jpg",216,160,true],"cvmm-medium":["https:\/\/diariolanoticia.com.mx\/wp-content\/uploads\/2025\/12\/13103e15-dce1-4e86-bcd9-b6c229ed561f-300x300.jpg",300,300,true],"cvmm-medium-plus":["https:\/\/diariolanoticia.com.mx\/wp-content\/uploads\/2025\/12\/13103e15-dce1-4e86-bcd9-b6c229ed561f-305x207.jpg",305,207,true],"cvmm-portrait":["https:\/\/diariolanoticia.com.mx\/wp-content\/uploads\/2025\/12\/13103e15-dce1-4e86-bcd9-b6c229ed561f-400x600.jpg",400,600,true],"cvmm-medium-square":["https:\/\/diariolanoticia.com.mx\/wp-content\/uploads\/2025\/12\/13103e15-dce1-4e86-bcd9-b6c229ed561f-600x600.jpg",600,600,true],"cvmm-large":["https:\/\/diariolanoticia.com.mx\/wp-content\/uploads\/2025\/12\/13103e15-dce1-4e86-bcd9-b6c229ed561f-1024x960.jpg",1024,960,true],"cvmm-small":["https:\/\/diariolanoticia.com.mx\/wp-content\/uploads\/2025\/12\/13103e15-dce1-4e86-bcd9-b6c229ed561f-130x95.jpg",130,95,true],"full":["https:\/\/diariolanoticia.com.mx\/wp-content\/uploads\/2025\/12\/13103e15-dce1-4e86-bcd9-b6c229ed561f.jpg",1280,960,false]},"_links":{"self":[{"href":"https:\/\/diariolanoticia.com.mx\/index.php?rest_route=\/wp\/v2\/posts\/131253","targetHints":{"allow":["GET"]}}],"collection":[{"href":"https:\/\/diariolanoticia.com.mx\/index.php?rest_route=\/wp\/v2\/posts"}],"about":[{"href":"https:\/\/diariolanoticia.com.mx\/index.php?rest_route=\/wp\/v2\/types\/post"}],"author":[{"embeddable":true,"href":"https:\/\/diariolanoticia.com.mx\/index.php?rest_route=\/wp\/v2\/users\/1"}],"replies":[{"embeddable":true,"href":"https:\/\/diariolanoticia.com.mx\/index.php?rest_route=%2Fwp%2Fv2%2Fcomments&post=131253"}],"version-history":[{"count":1,"href":"https:\/\/diariolanoticia.com.mx\/index.php?rest_route=\/wp\/v2\/posts\/131253\/revisions"}],"predecessor-version":[{"id":131254,"href":"https:\/\/diariolanoticia.com.mx\/index.php?rest_route=\/wp\/v2\/posts\/131253\/revisions\/131254"}],"wp:featuredmedia":[{"embeddable":true,"href":"https:\/\/diariolanoticia.com.mx\/index.php?rest_route=\/wp\/v2\/media\/131250"}],"wp:attachment":[{"href":"https:\/\/diariolanoticia.com.mx\/index.php?rest_route=%2Fwp%2Fv2%2Fmedia&parent=131253"}],"wp:term":[{"taxonomy":"category","embeddable":true,"href":"https:\/\/diariolanoticia.com.mx\/index.php?rest_route=%2Fwp%2Fv2%2Fcategories&post=131253"},{"taxonomy":"post_tag","embeddable":true,"href":"https:\/\/diariolanoticia.com.mx\/index.php?rest_route=%2Fwp%2Fv2%2Ftags&post=131253"}],"curies":[{"name":"wp","href":"https:\/\/api.w.org\/{rel}","templated":true}]}}