{"id":131258,"date":"2025-12-05T18:00:04","date_gmt":"2025-12-06T00:00:04","guid":{"rendered":"https:\/\/diariolanoticia.com.mx\/?p=131258"},"modified":"2025-12-05T18:00:08","modified_gmt":"2025-12-06T00:00:08","slug":"estudiantes-de-colombia-brasil-argentina-y-espana-comparten-experiencias-de-interculturalidad-de-su-estancia-en-la-uatx","status":"publish","type":"post","link":"https:\/\/diariolanoticia.com.mx\/?p=131258","title":{"rendered":"Estudiantes de Colombia, Brasil, Argentina y Espa\u00f1a comparten experiencias de interculturalidad de su estancia en la UATx"},"content":{"rendered":"\n<p>Estudiantes visitantes de Colombia, Brasil, Argentina y Espa\u00f1a. que cursaron un semestre durante el periodo Oto\u00f1o 2025 en la Universidad Aut\u00f3noma de Tlaxcala (UATx), compartieron sus experiencias y vivencias en el Foro Testimonios de Internacionalizaci\u00f3n e Interculturalidad, organizado por la Coordinaci\u00f3n de&nbsp;Enlace Internacional, Vinculaci\u00f3n e Intercambio Acad\u00e9mico (CEIVIA).<\/p>\n\n\n\n<p>En este encuentro, que reuni\u00f3 a educandos,&nbsp;directores de Facultad y a enlaces de movilidad e intercambio acad\u00e9mico, el Maestro Mauro S\u00e1nchez Ibarra, Secretario de Rector\u00eda, en representaci\u00f3n del Doctor Seraf\u00edn Ortiz Ortiz, Rector de la UATx, asegur\u00f3 este programa de intercambio internacional tuvo un impacto significativo en cinco facultades y nueve programas educativos.<\/p>\n\n\n\n<p>Coment\u00f3 que, a trav\u00e9s de la convivencia, el di\u00e1logo y el intercambio de ideas, los alumnos pudieron consolidar con sus compa\u00f1eros la interculturalidad y compartir aspectos fundamentales de su pa\u00eds de origen, resaltando de este modo su cultura, costumbres y tradiciones, pero tambi\u00e9n la ense\u00f1anza de los docentes que enriquecer\u00e1n su preparaci\u00f3n para estar a la altura de las exigencias de este mundo global.<\/p>\n\n\n\n<p>&nbsp;A su vez, el Maestro Antonio Durante Murillo, Coordinador de la CEIVIA, afirm\u00f3 que este espacio cobra una gran importancia, porque permite escuchar los testimonios de los estudiantes que vienen de otros pa\u00edses a la Aut\u00f3noma de Tlaxcala para abrevar saberes y conocimientos que enriquecer\u00e1n su formaci\u00f3n profesional y adquirir las herramientas necesarias para enfrentarse a los retos actuales. &nbsp;<\/p>\n\n\n\n<p>Los 14 estudiantes de movilidad internacional coincidieron en mencionar que el modelo educativo de la UATx, el Modelo Humanista Integrador basado en Capacidades. les permiti\u00f3 tener una perspectiva diferente de lo que ser\u00e1 el ejercicio de su profesi\u00f3n para contribuir a mejorar las condiciones de vida de la sociedad y&nbsp;agradecieron a la Universidad la oportunidad de formar parte de la comunidad estudiantil.<\/p>\n\n\n\n<p>En este acto tambi\u00e9n se entregaron constancias a los estudiantes visitantes que participaron en el programa de vinculaci\u00f3n e intercambio acad\u00e9mico internacional.<\/p>\n","protected":false},"excerpt":{"rendered":"<p>Estudiantes visitantes de Colombia, Brasil, Argentina y Espa\u00f1a. que cursaron un semestre durante el periodo Oto\u00f1o 2025 en la Universidad Aut\u00f3noma de Tlaxcala (UATx), compartieron sus experiencias y vivencias en el Foro Testimonios de Internacionalizaci\u00f3n e Interculturalidad, organizado por la Coordinaci\u00f3n de&nbsp;Enlace Internacional, Vinculaci\u00f3n e Intercambio Acad\u00e9mico (CEIVIA). En este encuentro, que reuni\u00f3 a educandos,&nbsp;directores [&hellip;]<\/p>\n","protected":false},"author":1,"featured_media":131259,"comment_status":"open","ping_status":"open","sticky":false,"template":"","format":"standard","meta":{"footnotes":""},"categories":[10],"tags":[],"class_list":["post-131258","post","type-post","status-publish","format-standard","has-post-thumbnail","hentry","category-educacion"],"blog_post_layout_featured_media_urls":{"thumbnail":["https:\/\/diariolanoticia.com.mx\/wp-content\/uploads\/2025\/12\/5-Estudiantes-de-Colombia-Brasil-Argentina-y-Espana-comparten-experiencias-de-interculturalidad-se-su-estancia-en-la-UATx-2-216x160.jpg",216,160,true],"full":["https:\/\/diariolanoticia.com.mx\/wp-content\/uploads\/2025\/12\/5-Estudiantes-de-Colombia-Brasil-Argentina-y-Espana-comparten-experiencias-de-interculturalidad-se-su-estancia-en-la-UATx-2-scaled.jpg",2560,1707,false]},"categories_names":{"10":{"name":"Educaci\u00f3n","link":"https:\/\/diariolanoticia.com.mx\/?cat=10"}},"tags_names":[],"comments_number":"0","wpmagazine_modules_lite_featured_media_urls":{"thumbnail":["https:\/\/diariolanoticia.com.mx\/wp-content\/uploads\/2025\/12\/5-Estudiantes-de-Colombia-Brasil-Argentina-y-Espana-comparten-experiencias-de-interculturalidad-se-su-estancia-en-la-UATx-2-216x160.jpg",216,160,true],"cvmm-medium":["https:\/\/diariolanoticia.com.mx\/wp-content\/uploads\/2025\/12\/5-Estudiantes-de-Colombia-Brasil-Argentina-y-Espana-comparten-experiencias-de-interculturalidad-se-su-estancia-en-la-UATx-2-300x300.jpg",300,300,true],"cvmm-medium-plus":["https:\/\/diariolanoticia.com.mx\/wp-content\/uploads\/2025\/12\/5-Estudiantes-de-Colombia-Brasil-Argentina-y-Espana-comparten-experiencias-de-interculturalidad-se-su-estancia-en-la-UATx-2-305x207.jpg",305,207,true],"cvmm-portrait":["https:\/\/diariolanoticia.com.mx\/wp-content\/uploads\/2025\/12\/5-Estudiantes-de-Colombia-Brasil-Argentina-y-Espana-comparten-experiencias-de-interculturalidad-se-su-estancia-en-la-UATx-2-400x600.jpg",400,600,true],"cvmm-medium-square":["https:\/\/diariolanoticia.com.mx\/wp-content\/uploads\/2025\/12\/5-Estudiantes-de-Colombia-Brasil-Argentina-y-Espana-comparten-experiencias-de-interculturalidad-se-su-estancia-en-la-UATx-2-600x600.jpg",600,600,true],"cvmm-large":["https:\/\/diariolanoticia.com.mx\/wp-content\/uploads\/2025\/12\/5-Estudiantes-de-Colombia-Brasil-Argentina-y-Espana-comparten-experiencias-de-interculturalidad-se-su-estancia-en-la-UATx-2-1024x1024.jpg",1024,1024,true],"cvmm-small":["https:\/\/diariolanoticia.com.mx\/wp-content\/uploads\/2025\/12\/5-Estudiantes-de-Colombia-Brasil-Argentina-y-Espana-comparten-experiencias-de-interculturalidad-se-su-estancia-en-la-UATx-2-130x95.jpg",130,95,true],"full":["https:\/\/diariolanoticia.com.mx\/wp-content\/uploads\/2025\/12\/5-Estudiantes-de-Colombia-Brasil-Argentina-y-Espana-comparten-experiencias-de-interculturalidad-se-su-estancia-en-la-UATx-2-scaled.jpg",2560,1707,false]},"_links":{"self":[{"href":"https:\/\/diariolanoticia.com.mx\/index.php?rest_route=\/wp\/v2\/posts\/131258","targetHints":{"allow":["GET"]}}],"collection":[{"href":"https:\/\/diariolanoticia.com.mx\/index.php?rest_route=\/wp\/v2\/posts"}],"about":[{"href":"https:\/\/diariolanoticia.com.mx\/index.php?rest_route=\/wp\/v2\/types\/post"}],"author":[{"embeddable":true,"href":"https:\/\/diariolanoticia.com.mx\/index.php?rest_route=\/wp\/v2\/users\/1"}],"replies":[{"embeddable":true,"href":"https:\/\/diariolanoticia.com.mx\/index.php?rest_route=%2Fwp%2Fv2%2Fcomments&post=131258"}],"version-history":[{"count":1,"href":"https:\/\/diariolanoticia.com.mx\/index.php?rest_route=\/wp\/v2\/posts\/131258\/revisions"}],"predecessor-version":[{"id":131260,"href":"https:\/\/diariolanoticia.com.mx\/index.php?rest_route=\/wp\/v2\/posts\/131258\/revisions\/131260"}],"wp:featuredmedia":[{"embeddable":true,"href":"https:\/\/diariolanoticia.com.mx\/index.php?rest_route=\/wp\/v2\/media\/131259"}],"wp:attachment":[{"href":"https:\/\/diariolanoticia.com.mx\/index.php?rest_route=%2Fwp%2Fv2%2Fmedia&parent=131258"}],"wp:term":[{"taxonomy":"category","embeddable":true,"href":"https:\/\/diariolanoticia.com.mx\/index.php?rest_route=%2Fwp%2Fv2%2Fcategories&post=131258"},{"taxonomy":"post_tag","embeddable":true,"href":"https:\/\/diariolanoticia.com.mx\/index.php?rest_route=%2Fwp%2Fv2%2Ftags&post=131258"}],"curies":[{"name":"wp","href":"https:\/\/api.w.org\/{rel}","templated":true}]}}