{"id":131270,"date":"2025-12-05T18:14:03","date_gmt":"2025-12-06T00:14:03","guid":{"rendered":"https:\/\/diariolanoticia.com.mx\/?p=131270"},"modified":"2025-12-05T18:14:06","modified_gmt":"2025-12-06T00:14:06","slug":"acompanan-diputadas-entrega-de-la-presea-eleanor-roosevelt-en-reconocimiento-a-mujeres-defensoras-de-los-derechos-humanos","status":"publish","type":"post","link":"https:\/\/diariolanoticia.com.mx\/?p=131270","title":{"rendered":"Acompa\u00f1an diputadas entrega de la presea \u00abEleanor Roosevelt\u00bb en reconocimiento a mujeres defensoras de los derechos humanos"},"content":{"rendered":"\n<p>Las diputadas Mar\u00eda Ana Bertha Mastranzo Corona y Laura Yamili Flores Lozano acompa\u00f1aron a la Asociaci\u00f3n Internacional de Consejeras y Consultoras por los Derechos de las Mujeres en la entrega de la presea \u00abEleanor Roosevelt\u00bb, un reconocimiento que distingue la trayectoria y m\u00e9ritos de mujeres que han impulsado la defensa y el avance de los Derechos de las Mujeres, en el marco del septuag\u00e9simo s\u00e9ptimo aniversario de la Declaraci\u00f3n Universal de los Derechos Humanos.<\/p>\n\n\n\n<p>En su intervenci\u00f3n, la diputada Mastranzo Corona destac\u00f3 que la defensa de los Derechos Humanos es una labor permanente, colectiva y profundamente \u00e9tica, por lo que se dijo honrada de presenciar este acto que reconoce a quienes han transformado realidades e impulsado la construcci\u00f3n de una sociedad m\u00e1s justa, solidaria y humanista. Subray\u00f3 adem\u00e1s que este evento representa un ejercicio de memoria, reconocimiento y esperanza.<\/p>\n\n\n\n<p>Por su parte, la diputada Flores Lozano resalt\u00f3 que la trayectoria de las mujeres distinguidas con la presea \u00abEleanor Roosevelt\u00bb recuerda que la lucha por los derechos humanos no es una tarea aislada, sino una causa colectiva que se fortalece cuando convergen prop\u00f3sito, voz y voluntad. Se\u00f1al\u00f3 que la entrega de estos reconocimientos constituye una forma de hacer justicia, honrar la memoria colectiva y afirmar que la dignidad no debe quedarse \u00fanicamente en el discurso.<\/p>\n\n\n\n<p>Finalmente, las legisladoras acompa\u00f1aron la entrega de la presea que estuvo a cargo de Silvia Avelina Nava Nava, secretaria general de la Asociaci\u00f3n Internacional de Consejeras y Consultoras por los Derechos de las Mujeres, quien entreg\u00f3 el reconocimiento a Alicia Elena P\u00e9rez Duarte y Noro\u00f1a, Andrea Medina Rosas, Beatriz Eugenia P\u00e9rez Rodr\u00edguez y Mar\u00eda Elena Orantes L\u00f3pez, mujeres que, gracias a su trabajo y trayectoria, han contribuido de manera significativa al avance de los Derechos de las Mujeres.<\/p>\n","protected":false},"excerpt":{"rendered":"<p>Las diputadas Mar\u00eda Ana Bertha Mastranzo Corona y Laura Yamili Flores Lozano acompa\u00f1aron a la Asociaci\u00f3n Internacional de Consejeras y Consultoras por los Derechos de las Mujeres en la entrega de la presea \u00abEleanor Roosevelt\u00bb, un reconocimiento que distingue la trayectoria y m\u00e9ritos de mujeres que han impulsado la defensa y el avance de los [&hellip;]<\/p>\n","protected":false},"author":1,"featured_media":131271,"comment_status":"open","ping_status":"open","sticky":false,"template":"","format":"standard","meta":{"footnotes":""},"categories":[22],"tags":[],"class_list":["post-131270","post","type-post","status-publish","format-standard","has-post-thumbnail","hentry","category-congreso"],"blog_post_layout_featured_media_urls":{"thumbnail":["https:\/\/diariolanoticia.com.mx\/wp-content\/uploads\/2025\/12\/3acdd6d8-88d4-42f0-85eb-c8893df016f4-216x160.jpg",216,160,true],"full":["https:\/\/diariolanoticia.com.mx\/wp-content\/uploads\/2025\/12\/3acdd6d8-88d4-42f0-85eb-c8893df016f4.jpg",1600,1070,false]},"categories_names":{"22":{"name":"Congreso","link":"https:\/\/diariolanoticia.com.mx\/?cat=22"}},"tags_names":[],"comments_number":"0","wpmagazine_modules_lite_featured_media_urls":{"thumbnail":["https:\/\/diariolanoticia.com.mx\/wp-content\/uploads\/2025\/12\/3acdd6d8-88d4-42f0-85eb-c8893df016f4-216x160.jpg",216,160,true],"cvmm-medium":["https:\/\/diariolanoticia.com.mx\/wp-content\/uploads\/2025\/12\/3acdd6d8-88d4-42f0-85eb-c8893df016f4-300x300.jpg",300,300,true],"cvmm-medium-plus":["https:\/\/diariolanoticia.com.mx\/wp-content\/uploads\/2025\/12\/3acdd6d8-88d4-42f0-85eb-c8893df016f4-305x207.jpg",305,207,true],"cvmm-portrait":["https:\/\/diariolanoticia.com.mx\/wp-content\/uploads\/2025\/12\/3acdd6d8-88d4-42f0-85eb-c8893df016f4-400x600.jpg",400,600,true],"cvmm-medium-square":["https:\/\/diariolanoticia.com.mx\/wp-content\/uploads\/2025\/12\/3acdd6d8-88d4-42f0-85eb-c8893df016f4-600x600.jpg",600,600,true],"cvmm-large":["https:\/\/diariolanoticia.com.mx\/wp-content\/uploads\/2025\/12\/3acdd6d8-88d4-42f0-85eb-c8893df016f4-1024x1024.jpg",1024,1024,true],"cvmm-small":["https:\/\/diariolanoticia.com.mx\/wp-content\/uploads\/2025\/12\/3acdd6d8-88d4-42f0-85eb-c8893df016f4-130x95.jpg",130,95,true],"full":["https:\/\/diariolanoticia.com.mx\/wp-content\/uploads\/2025\/12\/3acdd6d8-88d4-42f0-85eb-c8893df016f4.jpg",1600,1070,false]},"_links":{"self":[{"href":"https:\/\/diariolanoticia.com.mx\/index.php?rest_route=\/wp\/v2\/posts\/131270","targetHints":{"allow":["GET"]}}],"collection":[{"href":"https:\/\/diariolanoticia.com.mx\/index.php?rest_route=\/wp\/v2\/posts"}],"about":[{"href":"https:\/\/diariolanoticia.com.mx\/index.php?rest_route=\/wp\/v2\/types\/post"}],"author":[{"embeddable":true,"href":"https:\/\/diariolanoticia.com.mx\/index.php?rest_route=\/wp\/v2\/users\/1"}],"replies":[{"embeddable":true,"href":"https:\/\/diariolanoticia.com.mx\/index.php?rest_route=%2Fwp%2Fv2%2Fcomments&post=131270"}],"version-history":[{"count":1,"href":"https:\/\/diariolanoticia.com.mx\/index.php?rest_route=\/wp\/v2\/posts\/131270\/revisions"}],"predecessor-version":[{"id":131272,"href":"https:\/\/diariolanoticia.com.mx\/index.php?rest_route=\/wp\/v2\/posts\/131270\/revisions\/131272"}],"wp:featuredmedia":[{"embeddable":true,"href":"https:\/\/diariolanoticia.com.mx\/index.php?rest_route=\/wp\/v2\/media\/131271"}],"wp:attachment":[{"href":"https:\/\/diariolanoticia.com.mx\/index.php?rest_route=%2Fwp%2Fv2%2Fmedia&parent=131270"}],"wp:term":[{"taxonomy":"category","embeddable":true,"href":"https:\/\/diariolanoticia.com.mx\/index.php?rest_route=%2Fwp%2Fv2%2Fcategories&post=131270"},{"taxonomy":"post_tag","embeddable":true,"href":"https:\/\/diariolanoticia.com.mx\/index.php?rest_route=%2Fwp%2Fv2%2Ftags&post=131270"}],"curies":[{"name":"wp","href":"https:\/\/api.w.org\/{rel}","templated":true}]}}