{"id":131280,"date":"2025-12-05T21:26:46","date_gmt":"2025-12-06T03:26:46","guid":{"rendered":"https:\/\/diariolanoticia.com.mx\/?p=131280"},"modified":"2025-12-05T21:26:46","modified_gmt":"2025-12-06T03:26:46","slug":"proponen-en-congreso-reformas-para-reconocer-el-derecho-a-una-muerte-digna","status":"publish","type":"post","link":"https:\/\/diariolanoticia.com.mx\/?p=131280","title":{"rendered":"Proponen en Congreso reformas para reconocer el derecho a una muerte digna"},"content":{"rendered":"\n<p class=\"s9\">&#8211; Mesa Directiva recibe iniciativas y puntos de acuerdo en materia de procuraci\u00f3n de justicia y seguridad&nbsp;<\/p>\n\n\n\n<p class=\"s9\">&nbsp;El diputado \u00d3scar Mauricio&nbsp;C\u00e9spedes&nbsp;Peregrina present\u00f3 una iniciativa para adicionar diversas disposiciones a la Constituci\u00f3n Pol\u00edtica del Estado, con el prop\u00f3sito de reconocer el derecho a una muerte digna para personas mayores de edad que tengan diagn\u00f3stico m\u00e9dico de enfermedad terminal con plena capacidad de toma de decisiones, lo anterior, determinado por especialistas.<\/p>\n\n\n\n<p class=\"s9\">&nbsp;Destac\u00f3 que esta es una reforma que reconoce el derecho a una muerte digna, en beneficio de las y los poblanos que merecen, hasta el \u00faltimo instante, vivir y morir con dignidad.&nbsp;<\/p>\n\n\n\n<p class=\"s9\">La iniciativa para adicionar la fracci\u00f3n V Bis al art\u00edculo 12 de la Constituci\u00f3n Pol\u00edtica del Estado Libre y Soberano de Puebla, fue turnada a la Comisi\u00f3n de Gobernaci\u00f3n y Puntos Constitucionales para su estudio y resoluci\u00f3n procedente.&nbsp;<\/p>\n\n\n\n<p class=\"s9\">Por su parte, la diputada Elisa Lim\u00f3n&nbsp;Balderrabano&nbsp;present\u00f3 una iniciativa para reformar y adicionar diversas &nbsp;disposiciones de la Ley de Mecanismos Alternativos de Soluci\u00f3n de Controversias, de la Ley Org\u00e1nica del Poder Judicial, del C\u00f3digo Civil y del C\u00f3digo de Procedimientos Civiles, con la finalidad de regularizar el sistema judicial local para impedir que se lleven a cabo pr\u00e1cticas jur\u00eddicas que lleguen afectar la integridad o pongan en peligro a las personas que son parte de un proceso en materia familiar.<\/p>\n\n\n\n<p class=\"s9\">&nbsp;La diputada Delfina Pozos Vergara present\u00f3 una iniciativa para reformar las fracciones XXV y XXVI y adicionar la XXVII al art\u00edculo 380 del C\u00f3digo Penal del Estado, con el prop\u00f3sito de adicionar como agravante del delito de robo cuando se cometa en contra de prestadores del servicio de transporte mercantil de carga, a fin de aumentar la sanci\u00f3n hasta en una mitad de la que corresponda en t\u00e9rminos de lo establecido en la norma.&nbsp;<\/p>\n\n\n\n<p class=\"s9\">&nbsp;En tanto, el diputado Rosal\u00edo Zanatta Vidaurri present\u00f3 una iniciativa para reformar y adicionar diversas disposiciones de la Ley de B\u00fasqueda de Personas del Estado de Puebla, con el prop\u00f3sito de definir a la familia social como la persona o conjunto de personas cercanas a la persona desaparecida o no localizada, que mantienen o mantuvieron v\u00ednculos significativos de afecto, cuidado, convivencia o acompa\u00f1amiento solidario, independientemente de las personas familiares.<\/p>\n\n\n\n<p class=\"s9\">&nbsp;En su participaci\u00f3n, la diputada Ana Lilia&nbsp;Tepole&nbsp;Armenta present\u00f3 una iniciativa de reforma a la Ley Org\u00e1nica de la Fiscal\u00eda General del Estado, para establecer como facultad la de celebrar acuerdos o convenios con instituciones p\u00fablicas o privadas para garantizar a los imputados, ofendidos, v\u00edctimas, denunciantes y testigos pertenecientes a los pueblos y comunidades ind\u00edgenas, la disponibilidad de int\u00e9rpretes y traductores, asegurando su acceso oportuno y permanente, en modalidad presencial o remota, las 24 horas del d\u00eda y los siete d\u00edas de la semana.&nbsp;<\/p>\n\n\n\n<p class=\"s9\">&nbsp;Estas propuestas legislativas fueron turnadas a la Comisi\u00f3n de Procuraci\u00f3n y Administraci\u00f3n de Justicia para su estudio y resoluci\u00f3n procedente. &nbsp;&nbsp;<\/p>\n\n\n\n<p class=\"s9\">&nbsp;La diputada Guadalupe&nbsp;Yamak&nbsp;Taja present\u00f3 un punto de acuerdo por el que exhorta a la Secretar\u00eda de Seguridad P\u00fablica del Estado, para que, a trav\u00e9s de la Subsecretar\u00eda de Control Penitenciario, realice las medidas necesarias para garantizar la existencia, adecuaci\u00f3n o acondicionamiento de espacios destinados a la atenci\u00f3n de ni\u00f1as y ni\u00f1os que viven dentro de los centros penitenciarios o visitan a sus madres privadas de la libertad.<\/p>\n\n\n\n<p class=\"s9\">&nbsp;El exhorto fue enviado a la Comisi\u00f3n de Seguridad P\u00fablica para su estudio y resoluci\u00f3n procedente.&nbsp;<\/p>\n\n\n\n<p class=\"s9\">&nbsp;Durante la sesi\u00f3n se dio cuenta de los siguientes asuntos:&nbsp;<\/p>\n\n\n\n<p class=\"s9\">-Iniciativa de la diputada Elvia Graciela Palomares Ram\u00edrez para adicionar un segundo p\u00e1rrafo al art\u00edculo 11 de la Constituci\u00f3n local, a fin de indicar que el Estado impulsar\u00e1 campa\u00f1as permanentes por la igualdad y contra todas las violencias para cambiar las conductas y cultura que da\u00f1an a ni\u00f1as, adolescentes y mujeres.<\/p>\n\n\n\n<p class=\"s9\">-Iniciativa de la diputada Azucena Rosas Tapia y el diputado Elpidio D\u00edaz Escobar para reformar el art\u00edculo 13 de la Constituci\u00f3n, con el prop\u00f3sito de reconocer la presencia y los derechos de los pueblos y comunidades ind\u00edgenas y de las comunidades afromexicanas como sujetos colectivos de derecho p\u00fablico con personalidad jur\u00eddica y patrimonio propio.&nbsp;As\u00ed como garantizar el acceso efectivo a la jurisdicci\u00f3n y protecci\u00f3n jur\u00eddica (con int\u00e9rprete y defensor culturalmente competente).<\/p>\n\n\n\n<p class=\"s9\">&nbsp;Ambas iniciativas fueron turnadas a la Comisi\u00f3n de Gobernaci\u00f3n y Puntos Constitucionales para su an\u00e1lisis.&nbsp;<\/p>\n\n\n\n<p class=\"s9\">&nbsp;-Iniciativa de la diputada Azucena Rosas Tapia para reformar la fracci\u00f3n II del art\u00edculo 82 de la Ley de Transparencia y Acceso a la Informaci\u00f3n P\u00fablica del Estado de Puebla, con el prop\u00f3sito de precisar que las Unidades de Transparencia pertenecen a los Sujetos Obligados y no a las Autoridades Garantes.&nbsp;<\/p>\n\n\n\n<p class=\"s9\">La propuesta legislativa fue enviada a la Comisi\u00f3n de Transparencia y Acceso a la Informaci\u00f3n para su estudio y resoluci\u00f3n procedente.&nbsp;<\/p>\n\n\n\n<p class=\"s9\">-Iniciativa del diputado Oscar Mauricio&nbsp;C\u00e9spedes&nbsp;Peregrina para reformar la fracci\u00f3n II del art\u00edculo 51 Ter y el segundo p\u00e1rrafo del art\u00edculo 56&nbsp;S\u00e9pties&nbsp;del C\u00f3digo Penal, con el objetivo de incorporar de manera expresa el concepto de \u201ccarpeta de investigaci\u00f3n\u201d, acompa\u00f1ado de disposiciones precisas que obliguen a la Fiscal\u00eda General del Estado a resguardar y conservar adecuadamente los billetes y piezas met\u00e1licas que, por sus caracter\u00edsticas, resulten necesarios para el esclarecimiento de los hechos.<\/p>\n\n\n\n<p class=\"s9\">-Iniciativa de la diputada Susana del Carmen Riestra Pi\u00f1a para reformar la fracci\u00f3n VII del art\u00edculo 8 de la Ley Org\u00e1nica de la Fiscal\u00eda General del Estado, para establecer que corresponde al organismo garantizar a las personas imputadas, ofendidas, v\u00edctimas, denunciantes y testigos pertenecientes a pueblos y comunidades ind\u00edgenas, as\u00ed como a quienes no hablen o no comprendan suficientemente el idioma espa\u00f1ol, el acceso inmediato, continuo, gratuito y de calidad a servicios de int\u00e9rprete o traductor en su propia lengua y con pertinencia cultural, en todas las etapas de la investigaci\u00f3n y del proceso.&nbsp;<\/p>\n\n\n\n<p class=\"s9\">&nbsp;-Punto de acuerdo de la diputada Araceli Celestino Rosas por el que exhorta a la&nbsp;Fiscal\u00eda General&nbsp;del Estado de Puebla para que, en el \u00e1mbito de sus atribuciones, otorgue prioridad en la atenci\u00f3n y tr\u00e1mite de las carpetas de investigaci\u00f3n relacionadas con presuntos hechos con apariencia de delito de acoso sexual.&nbsp;<\/p>\n\n\n\n<p class=\"s9\">Asimismo, se solicita que, en todas las actuaciones ministeriales, se apliquen de manera estricta los protocolos especializados con perspectiva de g\u00e9nero, garantizando la protecci\u00f3n integral de las v\u00edctimas, la debida diligencia en la recolecci\u00f3n y valoraci\u00f3n de pruebas, y el pleno acceso a la justicia.<\/p>\n\n\n\n<p class=\"s9\">&nbsp;Las propuestas legislativas fueron turnadas a la Comisi\u00f3n de Procuraci\u00f3n y Administraci\u00f3n de Justicia para su estudio y resoluci\u00f3n procedente.<\/p>\n","protected":false},"excerpt":{"rendered":"<p>&#8211; Mesa Directiva recibe iniciativas y puntos de acuerdo en materia de procuraci\u00f3n de justicia y seguridad&nbsp; &nbsp;El diputado \u00d3scar Mauricio&nbsp;C\u00e9spedes&nbsp;Peregrina present\u00f3 una iniciativa para adicionar diversas disposiciones a la Constituci\u00f3n Pol\u00edtica del Estado, con el prop\u00f3sito de reconocer el derecho a una muerte digna para personas mayores de edad que tengan diagn\u00f3stico m\u00e9dico de [&hellip;]<\/p>\n","protected":false},"author":1,"featured_media":131279,"comment_status":"closed","ping_status":"open","sticky":false,"template":"","format":"standard","meta":{"footnotes":""},"categories":[20],"tags":[],"class_list":["post-131280","post","type-post","status-publish","format-standard","has-post-thumbnail","hentry","category-norte-de-puebla"],"blog_post_layout_featured_media_urls":{"thumbnail":["https:\/\/diariolanoticia.com.mx\/wp-content\/uploads\/2025\/12\/1c98f994-68fd-46f4-b09d-baf5bdbec164-216x160.jpg",216,160,true],"full":["https:\/\/diariolanoticia.com.mx\/wp-content\/uploads\/2025\/12\/1c98f994-68fd-46f4-b09d-baf5bdbec164.jpg",1280,853,false]},"categories_names":{"20":{"name":"Norte de Puebla","link":"https:\/\/diariolanoticia.com.mx\/?cat=20"}},"tags_names":[],"comments_number":"0","wpmagazine_modules_lite_featured_media_urls":{"thumbnail":["https:\/\/diariolanoticia.com.mx\/wp-content\/uploads\/2025\/12\/1c98f994-68fd-46f4-b09d-baf5bdbec164-216x160.jpg",216,160,true],"cvmm-medium":["https:\/\/diariolanoticia.com.mx\/wp-content\/uploads\/2025\/12\/1c98f994-68fd-46f4-b09d-baf5bdbec164-300x300.jpg",300,300,true],"cvmm-medium-plus":["https:\/\/diariolanoticia.com.mx\/wp-content\/uploads\/2025\/12\/1c98f994-68fd-46f4-b09d-baf5bdbec164-305x207.jpg",305,207,true],"cvmm-portrait":["https:\/\/diariolanoticia.com.mx\/wp-content\/uploads\/2025\/12\/1c98f994-68fd-46f4-b09d-baf5bdbec164-400x600.jpg",400,600,true],"cvmm-medium-square":["https:\/\/diariolanoticia.com.mx\/wp-content\/uploads\/2025\/12\/1c98f994-68fd-46f4-b09d-baf5bdbec164-600x600.jpg",600,600,true],"cvmm-large":["https:\/\/diariolanoticia.com.mx\/wp-content\/uploads\/2025\/12\/1c98f994-68fd-46f4-b09d-baf5bdbec164-1024x853.jpg",1024,853,true],"cvmm-small":["https:\/\/diariolanoticia.com.mx\/wp-content\/uploads\/2025\/12\/1c98f994-68fd-46f4-b09d-baf5bdbec164-130x95.jpg",130,95,true],"full":["https:\/\/diariolanoticia.com.mx\/wp-content\/uploads\/2025\/12\/1c98f994-68fd-46f4-b09d-baf5bdbec164.jpg",1280,853,false]},"_links":{"self":[{"href":"https:\/\/diariolanoticia.com.mx\/index.php?rest_route=\/wp\/v2\/posts\/131280","targetHints":{"allow":["GET"]}}],"collection":[{"href":"https:\/\/diariolanoticia.com.mx\/index.php?rest_route=\/wp\/v2\/posts"}],"about":[{"href":"https:\/\/diariolanoticia.com.mx\/index.php?rest_route=\/wp\/v2\/types\/post"}],"author":[{"embeddable":true,"href":"https:\/\/diariolanoticia.com.mx\/index.php?rest_route=\/wp\/v2\/users\/1"}],"replies":[{"embeddable":true,"href":"https:\/\/diariolanoticia.com.mx\/index.php?rest_route=%2Fwp%2Fv2%2Fcomments&post=131280"}],"version-history":[{"count":1,"href":"https:\/\/diariolanoticia.com.mx\/index.php?rest_route=\/wp\/v2\/posts\/131280\/revisions"}],"predecessor-version":[{"id":131281,"href":"https:\/\/diariolanoticia.com.mx\/index.php?rest_route=\/wp\/v2\/posts\/131280\/revisions\/131281"}],"wp:featuredmedia":[{"embeddable":true,"href":"https:\/\/diariolanoticia.com.mx\/index.php?rest_route=\/wp\/v2\/media\/131279"}],"wp:attachment":[{"href":"https:\/\/diariolanoticia.com.mx\/index.php?rest_route=%2Fwp%2Fv2%2Fmedia&parent=131280"}],"wp:term":[{"taxonomy":"category","embeddable":true,"href":"https:\/\/diariolanoticia.com.mx\/index.php?rest_route=%2Fwp%2Fv2%2Fcategories&post=131280"},{"taxonomy":"post_tag","embeddable":true,"href":"https:\/\/diariolanoticia.com.mx\/index.php?rest_route=%2Fwp%2Fv2%2Ftags&post=131280"}],"curies":[{"name":"wp","href":"https:\/\/api.w.org\/{rel}","templated":true}]}}