{"id":131287,"date":"2025-12-06T12:05:28","date_gmt":"2025-12-06T18:05:28","guid":{"rendered":"https:\/\/diariolanoticia.com.mx\/?p=131287"},"modified":"2025-12-06T12:05:28","modified_gmt":"2025-12-06T18:05:28","slug":"realiza-congreso-feria-de-servicios-de-salud-y-presentacion-de-libro","status":"publish","type":"post","link":"https:\/\/diariolanoticia.com.mx\/?p=131287","title":{"rendered":"Realiza Congreso feria de servicios de salud y presentaci\u00f3n de libro&nbsp;"},"content":{"rendered":"\n<figure class=\"wp-block-gallery has-nested-images columns-default is-cropped wp-block-gallery-1 is-layout-flex wp-block-gallery-is-layout-flex\">\n<figure class=\"wp-block-image\"><img loading=\"lazy\" decoding=\"async\" width=\"1024\" height=\"683\" data-id=\"131286\" src=\"https:\/\/diariolanoticia.com.mx\/wp-content\/uploads\/2025\/12\/95a30294-3f0e-4b00-987c-83364bbb6b2c-1024x683.jpg\" alt=\"\" class=\"wp-image-131286\" srcset=\"https:\/\/diariolanoticia.com.mx\/wp-content\/uploads\/2025\/12\/95a30294-3f0e-4b00-987c-83364bbb6b2c-1024x683.jpg 1024w, https:\/\/diariolanoticia.com.mx\/wp-content\/uploads\/2025\/12\/95a30294-3f0e-4b00-987c-83364bbb6b2c-300x200.jpg 300w, https:\/\/diariolanoticia.com.mx\/wp-content\/uploads\/2025\/12\/95a30294-3f0e-4b00-987c-83364bbb6b2c-768x512.jpg 768w, https:\/\/diariolanoticia.com.mx\/wp-content\/uploads\/2025\/12\/95a30294-3f0e-4b00-987c-83364bbb6b2c.jpg 1500w\" sizes=\"auto, (max-width: 1024px) 100vw, 1024px\" \/><\/figure>\n\n\n\n<figure class=\"wp-block-image\"><img loading=\"lazy\" decoding=\"async\" width=\"1024\" height=\"683\" data-id=\"131285\" src=\"https:\/\/diariolanoticia.com.mx\/wp-content\/uploads\/2025\/12\/e33587be-c4d0-446d-93d4-630c4868cdc2-1024x683.jpg\" alt=\"\" class=\"wp-image-131285\" srcset=\"https:\/\/diariolanoticia.com.mx\/wp-content\/uploads\/2025\/12\/e33587be-c4d0-446d-93d4-630c4868cdc2-1024x683.jpg 1024w, https:\/\/diariolanoticia.com.mx\/wp-content\/uploads\/2025\/12\/e33587be-c4d0-446d-93d4-630c4868cdc2-300x200.jpg 300w, https:\/\/diariolanoticia.com.mx\/wp-content\/uploads\/2025\/12\/e33587be-c4d0-446d-93d4-630c4868cdc2-768x512.jpg 768w, https:\/\/diariolanoticia.com.mx\/wp-content\/uploads\/2025\/12\/e33587be-c4d0-446d-93d4-630c4868cdc2.jpg 1500w\" sizes=\"auto, (max-width: 1024px) 100vw, 1024px\" \/><\/figure>\n\n\n\n<figure class=\"wp-block-image\"><img loading=\"lazy\" decoding=\"async\" width=\"1024\" height=\"683\" data-id=\"131284\" src=\"https:\/\/diariolanoticia.com.mx\/wp-content\/uploads\/2025\/12\/b370f812-9421-4d91-bd28-18170a0f749f-1024x683.jpg\" alt=\"\" class=\"wp-image-131284\" srcset=\"https:\/\/diariolanoticia.com.mx\/wp-content\/uploads\/2025\/12\/b370f812-9421-4d91-bd28-18170a0f749f-1024x683.jpg 1024w, https:\/\/diariolanoticia.com.mx\/wp-content\/uploads\/2025\/12\/b370f812-9421-4d91-bd28-18170a0f749f-300x200.jpg 300w, https:\/\/diariolanoticia.com.mx\/wp-content\/uploads\/2025\/12\/b370f812-9421-4d91-bd28-18170a0f749f-768x512.jpg 768w, https:\/\/diariolanoticia.com.mx\/wp-content\/uploads\/2025\/12\/b370f812-9421-4d91-bd28-18170a0f749f.jpg 1500w\" sizes=\"auto, (max-width: 1024px) 100vw, 1024px\" \/><\/figure>\n\n\n\n<figure class=\"wp-block-image\"><img loading=\"lazy\" decoding=\"async\" width=\"1024\" height=\"683\" data-id=\"131283\" src=\"https:\/\/diariolanoticia.com.mx\/wp-content\/uploads\/2025\/12\/5e96f041-314d-4cc5-8c67-5e8245f48145-1024x683.jpg\" alt=\"\" class=\"wp-image-131283\" srcset=\"https:\/\/diariolanoticia.com.mx\/wp-content\/uploads\/2025\/12\/5e96f041-314d-4cc5-8c67-5e8245f48145-1024x683.jpg 1024w, https:\/\/diariolanoticia.com.mx\/wp-content\/uploads\/2025\/12\/5e96f041-314d-4cc5-8c67-5e8245f48145-300x200.jpg 300w, https:\/\/diariolanoticia.com.mx\/wp-content\/uploads\/2025\/12\/5e96f041-314d-4cc5-8c67-5e8245f48145-768x512.jpg 768w, https:\/\/diariolanoticia.com.mx\/wp-content\/uploads\/2025\/12\/5e96f041-314d-4cc5-8c67-5e8245f48145.jpg 1500w\" sizes=\"auto, (max-width: 1024px) 100vw, 1024px\" \/><\/figure>\n<\/figure>\n\n\n\n<p class=\"s9\">&nbsp;En el marco de los 16 d\u00edas de activismo para la eliminaci\u00f3n de la violencia contra las mujeres, el Congreso del Estado, a trav\u00e9s de la Unidad para la Igualdad de G\u00e9nero, realiz\u00f3 una feria de servicios de salud y la presentaci\u00f3n del libro titulado Nutrici\u00f3n y endometriosis, de la doctora Karla Palou Ortiz.&nbsp;<\/p>\n\n\n\n<p class=\"s11\">Como parte de los servicios se instalaron m\u00f3dulos de pruebas de VIH, de informaci\u00f3n sobre violencia y entrega de tr\u00edpticos, de orientaci\u00f3n y otorgamiento de la Cartilla Nacional de Salud para Mujeres y m\u00e9todos anticonceptivos, as\u00ed como de aplicaci\u00f3n de vacunas contra la influenza.&nbsp;<\/p>\n\n\n\n<p class=\"s11\">En su mensaje, la titular de la Unidad para la Igualdad de G\u00e9nero, Daniela Mier Ba\u00f1uelos, puso \u00e9nfasis en que la salud menstrual debe ser un derecho, de ah\u00ed la importancia de acercar informaci\u00f3n y servicios para que las mujeres puedan comprender lo que ocurre con su cuerpo y no normalicen el dolor.&nbsp;<\/p>\n\n\n\n<p class=\"s11\">Durante su presentaci\u00f3n, la doctora Karla Palou explic\u00f3 qu\u00e9 es la endometriosis y c\u00f3mo afecta a las mujeres, adem\u00e1s de su relaci\u00f3n con la nutrici\u00f3n, donde la ingesta de alimentos impacta en el control de dicho padecimiento.&nbsp;<\/p>\n\n\n\n<p class=\"s11\">EN CONVERSATORIO, VISIBILIZAN Y FORTALECEN COMPROMISO HACIA LAS MUJERES&nbsp;<\/p>\n\n\n\n<p class=\"s11\">La Unidad para la Igualdad de G\u00e9nero tambi\u00e9n llev\u00f3 a cabo un conversatorio de compromisos y acciones por las mujeres, con el objetivo de impulsar el liderazgo femenino en la toma de decisiones y en la construcci\u00f3n de redes interinstitucionales, as\u00ed como promover compromisos concretos orientados a atender y erradicar todas las formas de violencia de g\u00e9nero.&nbsp;<\/p>\n\n\n\n<p class=\"s11\">La titular del \u00f3rgano, Daniela Mier Ba\u00f1uelos, destac\u00f3 la participaci\u00f3n de mujeres integrantes de distintas instituciones p\u00fablicas, comprometidas con la erradicaci\u00f3n de la violencia contra las mujeres, ya que su presencia es una muestra de la suma de esfuerzos desde diferentes trincheras.&nbsp;<\/p>\n\n\n\n<p class=\"s11\">En el conversatorio participaron Gabriela P\u00e9rez Baz\u00e1n, subsecretaria para la Transversalizaci\u00f3n e Institucionalizaci\u00f3n de la Perspectiva de G\u00e9nero; Abigail Melo Cruz, directora de la Unidad de Atenci\u00f3n Inmediata a las Mujeres en Puebla (UDAIM); Araceli Casel\u00edn Espinoza, subsecretaria de Prevenci\u00f3n de la Violencia y Discriminaci\u00f3n y Nayeli Cabrera Alcaide, directora de G\u00e9nero.<\/p>\n","protected":false},"excerpt":{"rendered":"<p>&nbsp;En el marco de los 16 d\u00edas de activismo para la eliminaci\u00f3n de la violencia contra las mujeres, el Congreso del Estado, a trav\u00e9s de la Unidad para la Igualdad de G\u00e9nero, realiz\u00f3 una feria de servicios de salud y la presentaci\u00f3n del libro titulado Nutrici\u00f3n y endometriosis, de la doctora Karla Palou Ortiz.&nbsp; Como [&hellip;]<\/p>\n","protected":false},"author":1,"featured_media":131282,"comment_status":"closed","ping_status":"open","sticky":false,"template":"","format":"standard","meta":{"footnotes":""},"categories":[20],"tags":[],"class_list":["post-131287","post","type-post","status-publish","format-standard","has-post-thumbnail","hentry","category-norte-de-puebla"],"blog_post_layout_featured_media_urls":{"thumbnail":["https:\/\/diariolanoticia.com.mx\/wp-content\/uploads\/2025\/12\/36e37a8e-4ca5-409a-86c4-79be485ab451-216x160.jpg",216,160,true],"full":["https:\/\/diariolanoticia.com.mx\/wp-content\/uploads\/2025\/12\/36e37a8e-4ca5-409a-86c4-79be485ab451.jpg",1500,1000,false]},"categories_names":{"20":{"name":"Norte de Puebla","link":"https:\/\/diariolanoticia.com.mx\/?cat=20"}},"tags_names":[],"comments_number":"0","wpmagazine_modules_lite_featured_media_urls":{"thumbnail":["https:\/\/diariolanoticia.com.mx\/wp-content\/uploads\/2025\/12\/36e37a8e-4ca5-409a-86c4-79be485ab451-216x160.jpg",216,160,true],"cvmm-medium":["https:\/\/diariolanoticia.com.mx\/wp-content\/uploads\/2025\/12\/36e37a8e-4ca5-409a-86c4-79be485ab451-300x300.jpg",300,300,true],"cvmm-medium-plus":["https:\/\/diariolanoticia.com.mx\/wp-content\/uploads\/2025\/12\/36e37a8e-4ca5-409a-86c4-79be485ab451-305x207.jpg",305,207,true],"cvmm-portrait":["https:\/\/diariolanoticia.com.mx\/wp-content\/uploads\/2025\/12\/36e37a8e-4ca5-409a-86c4-79be485ab451-400x600.jpg",400,600,true],"cvmm-medium-square":["https:\/\/diariolanoticia.com.mx\/wp-content\/uploads\/2025\/12\/36e37a8e-4ca5-409a-86c4-79be485ab451-600x600.jpg",600,600,true],"cvmm-large":["https:\/\/diariolanoticia.com.mx\/wp-content\/uploads\/2025\/12\/36e37a8e-4ca5-409a-86c4-79be485ab451-1024x1000.jpg",1024,1000,true],"cvmm-small":["https:\/\/diariolanoticia.com.mx\/wp-content\/uploads\/2025\/12\/36e37a8e-4ca5-409a-86c4-79be485ab451-130x95.jpg",130,95,true],"full":["https:\/\/diariolanoticia.com.mx\/wp-content\/uploads\/2025\/12\/36e37a8e-4ca5-409a-86c4-79be485ab451.jpg",1500,1000,false]},"_links":{"self":[{"href":"https:\/\/diariolanoticia.com.mx\/index.php?rest_route=\/wp\/v2\/posts\/131287","targetHints":{"allow":["GET"]}}],"collection":[{"href":"https:\/\/diariolanoticia.com.mx\/index.php?rest_route=\/wp\/v2\/posts"}],"about":[{"href":"https:\/\/diariolanoticia.com.mx\/index.php?rest_route=\/wp\/v2\/types\/post"}],"author":[{"embeddable":true,"href":"https:\/\/diariolanoticia.com.mx\/index.php?rest_route=\/wp\/v2\/users\/1"}],"replies":[{"embeddable":true,"href":"https:\/\/diariolanoticia.com.mx\/index.php?rest_route=%2Fwp%2Fv2%2Fcomments&post=131287"}],"version-history":[{"count":1,"href":"https:\/\/diariolanoticia.com.mx\/index.php?rest_route=\/wp\/v2\/posts\/131287\/revisions"}],"predecessor-version":[{"id":131288,"href":"https:\/\/diariolanoticia.com.mx\/index.php?rest_route=\/wp\/v2\/posts\/131287\/revisions\/131288"}],"wp:featuredmedia":[{"embeddable":true,"href":"https:\/\/diariolanoticia.com.mx\/index.php?rest_route=\/wp\/v2\/media\/131282"}],"wp:attachment":[{"href":"https:\/\/diariolanoticia.com.mx\/index.php?rest_route=%2Fwp%2Fv2%2Fmedia&parent=131287"}],"wp:term":[{"taxonomy":"category","embeddable":true,"href":"https:\/\/diariolanoticia.com.mx\/index.php?rest_route=%2Fwp%2Fv2%2Fcategories&post=131287"},{"taxonomy":"post_tag","embeddable":true,"href":"https:\/\/diariolanoticia.com.mx\/index.php?rest_route=%2Fwp%2Fv2%2Ftags&post=131287"}],"curies":[{"name":"wp","href":"https:\/\/api.w.org\/{rel}","templated":true}]}}