{"id":131292,"date":"2025-12-06T15:45:59","date_gmt":"2025-12-06T21:45:59","guid":{"rendered":"https:\/\/diariolanoticia.com.mx\/?p=131292"},"modified":"2025-12-06T15:45:59","modified_gmt":"2025-12-06T21:45:59","slug":"congreso-del-estado-fue-sede-del-segundo-seminario-internacional-democracia-instituciones-y-cultura-politica","status":"publish","type":"post","link":"https:\/\/diariolanoticia.com.mx\/?p=131292","title":{"rendered":"Congreso del Estado fue sede del Segundo Seminario Internacional \u201cDemocracia, Instituciones y Cultura Pol\u00edtica\u201d"},"content":{"rendered":"\n<figure class=\"wp-block-gallery has-nested-images columns-default is-cropped wp-block-gallery-1 is-layout-flex wp-block-gallery-is-layout-flex\">\n<figure class=\"wp-block-image\"><img loading=\"lazy\" decoding=\"async\" width=\"1024\" height=\"682\" data-id=\"131290\" src=\"https:\/\/diariolanoticia.com.mx\/wp-content\/uploads\/2025\/12\/a55e71ad-a2c5-4d01-af32-b067080e62a4-1024x682.jpg\" alt=\"\" class=\"wp-image-131290\" srcset=\"https:\/\/diariolanoticia.com.mx\/wp-content\/uploads\/2025\/12\/a55e71ad-a2c5-4d01-af32-b067080e62a4-1024x682.jpg 1024w, https:\/\/diariolanoticia.com.mx\/wp-content\/uploads\/2025\/12\/a55e71ad-a2c5-4d01-af32-b067080e62a4-300x200.jpg 300w, https:\/\/diariolanoticia.com.mx\/wp-content\/uploads\/2025\/12\/a55e71ad-a2c5-4d01-af32-b067080e62a4-768x511.jpg 768w, https:\/\/diariolanoticia.com.mx\/wp-content\/uploads\/2025\/12\/a55e71ad-a2c5-4d01-af32-b067080e62a4.jpg 1500w\" sizes=\"auto, (max-width: 1024px) 100vw, 1024px\" \/><\/figure>\n\n\n\n<figure class=\"wp-block-image\"><img loading=\"lazy\" decoding=\"async\" width=\"1024\" height=\"608\" data-id=\"131291\" src=\"https:\/\/diariolanoticia.com.mx\/wp-content\/uploads\/2025\/12\/dbf07d21-63ec-4730-8cf5-8724907f4279-1024x608.jpg\" alt=\"\" class=\"wp-image-131291\" srcset=\"https:\/\/diariolanoticia.com.mx\/wp-content\/uploads\/2025\/12\/dbf07d21-63ec-4730-8cf5-8724907f4279-1024x608.jpg 1024w, https:\/\/diariolanoticia.com.mx\/wp-content\/uploads\/2025\/12\/dbf07d21-63ec-4730-8cf5-8724907f4279-300x178.jpg 300w, https:\/\/diariolanoticia.com.mx\/wp-content\/uploads\/2025\/12\/dbf07d21-63ec-4730-8cf5-8724907f4279-768x456.jpg 768w, https:\/\/diariolanoticia.com.mx\/wp-content\/uploads\/2025\/12\/dbf07d21-63ec-4730-8cf5-8724907f4279.jpg 1500w\" sizes=\"auto, (max-width: 1024px) 100vw, 1024px\" \/><\/figure>\n<\/figure>\n\n\n\n<p class=\"s9\">&#8211; Participaron especialistas de diversos estados de la Rep\u00fablica Mexicana y de pa\u00edses como Ecuador, Brasil, Honduras y Argentina<\/p>\n\n\n\n<p class=\"s9\">Con la finalidad de analizar temas que ocupan la agenda nacional, a trav\u00e9s de la reflexi\u00f3n cr\u00edtica de especialistas y acad\u00e9micos, en la sede del Congreso del Estado se llev\u00f3 a cabo el Segundo Seminario Internacional \u201cDemocracia, Instituciones y Cultura Pol\u00edtica\u201d.<\/p>\n\n\n\n<p class=\"s12\">Durante este evento, la diputada Mar\u00eda Soledad Amieva Zamora reafirm\u00f3 el compromiso de la LXII Legislatura para mantenerse como un espacio de libertad y ciudadan\u00eda, de deliberaci\u00f3n, acuerdos, an\u00e1lisis y expresiones sociales.<\/p>\n\n\n\n<p class=\"s12\">Tambi\u00e9n reiter\u00f3 la importancia de promover el trabajo acad\u00e9mico en temas trascendentales de la vida p\u00fablica como la democracia, la cultura y la participaci\u00f3n pol\u00edtica, as\u00ed como el Estado de derecho, la comunicaci\u00f3n y la inclusi\u00f3n.<\/p>\n\n\n\n<p class=\"s12\">Por su parte, el profesor e investigador en Ciencias Pol\u00edticas de la Universidad Aut\u00f3noma del Estado de M\u00e9xico, Ramiro Medrano Gonz\u00e1lez, y el especialista en Derecho y Ciencias Pol\u00edticas del Colegio de Morelos, Lucio Ordo\u00f1ez Huerta, se\u00f1alaron que el objetivo del seminario fue reflexionar cr\u00edticamente, compartir aprendizajes y proponer caminos para construir democracias m\u00e1s resilientes, inclusivas y cercanas a la ciudadan\u00eda.<\/p>\n\n\n\n<p class=\"s12\">\u201cAgradecemos al Congreso de Puebla por apoyar este foro de pensamiento cr\u00edtico. La convocatoria de este seminario parti\u00f3 de una premisa fundamental: la democracia no es solo un conjunto de procedimientos electorales, es un ecosistema vivo que depende de la solidez de sus instituciones y de la viabilidad de su cultura pol\u00edtica\u201d, se\u00f1al\u00f3 Ramiro Medrano.<\/p>\n\n\n\n<p class=\"s12\">Durante este seminario internacional se abordaron temas relacionados con democracia e instituciones, participaci\u00f3n y cultura pol\u00edtica, espacios democr\u00e1ticos y pol\u00edticas p\u00fablicas.<\/p>\n\n\n\n<p class=\"s12\">Participaron acad\u00e9micos de instituciones de educaci\u00f3n superior de Puebla, Coahuila, Sinaloa, Ciudad de M\u00e9xico, Estado de M\u00e9xico, Morelos, Tlaxcala y Guadalajara, as\u00ed como especialistas de universidades de Ecuador, Brasil, Honduras y Argentina.<\/p>\n","protected":false},"excerpt":{"rendered":"<p>&#8211; Participaron especialistas de diversos estados de la Rep\u00fablica Mexicana y de pa\u00edses como Ecuador, Brasil, Honduras y Argentina Con la finalidad de analizar temas que ocupan la agenda nacional, a trav\u00e9s de la reflexi\u00f3n cr\u00edtica de especialistas y acad\u00e9micos, en la sede del Congreso del Estado se llev\u00f3 a cabo el Segundo Seminario Internacional [&hellip;]<\/p>\n","protected":false},"author":1,"featured_media":131289,"comment_status":"closed","ping_status":"open","sticky":false,"template":"","format":"standard","meta":{"footnotes":""},"categories":[20],"tags":[],"class_list":["post-131292","post","type-post","status-publish","format-standard","has-post-thumbnail","hentry","category-norte-de-puebla"],"blog_post_layout_featured_media_urls":{"thumbnail":["https:\/\/diariolanoticia.com.mx\/wp-content\/uploads\/2025\/12\/96a77552-66f6-49d0-9461-6a12f1d59250-216x160.jpg",216,160,true],"full":["https:\/\/diariolanoticia.com.mx\/wp-content\/uploads\/2025\/12\/96a77552-66f6-49d0-9461-6a12f1d59250.jpg",1500,999,false]},"categories_names":{"20":{"name":"Norte de Puebla","link":"https:\/\/diariolanoticia.com.mx\/?cat=20"}},"tags_names":[],"comments_number":"0","wpmagazine_modules_lite_featured_media_urls":{"thumbnail":["https:\/\/diariolanoticia.com.mx\/wp-content\/uploads\/2025\/12\/96a77552-66f6-49d0-9461-6a12f1d59250-216x160.jpg",216,160,true],"cvmm-medium":["https:\/\/diariolanoticia.com.mx\/wp-content\/uploads\/2025\/12\/96a77552-66f6-49d0-9461-6a12f1d59250-300x300.jpg",300,300,true],"cvmm-medium-plus":["https:\/\/diariolanoticia.com.mx\/wp-content\/uploads\/2025\/12\/96a77552-66f6-49d0-9461-6a12f1d59250-305x207.jpg",305,207,true],"cvmm-portrait":["https:\/\/diariolanoticia.com.mx\/wp-content\/uploads\/2025\/12\/96a77552-66f6-49d0-9461-6a12f1d59250-400x600.jpg",400,600,true],"cvmm-medium-square":["https:\/\/diariolanoticia.com.mx\/wp-content\/uploads\/2025\/12\/96a77552-66f6-49d0-9461-6a12f1d59250-600x600.jpg",600,600,true],"cvmm-large":["https:\/\/diariolanoticia.com.mx\/wp-content\/uploads\/2025\/12\/96a77552-66f6-49d0-9461-6a12f1d59250-1024x999.jpg",1024,999,true],"cvmm-small":["https:\/\/diariolanoticia.com.mx\/wp-content\/uploads\/2025\/12\/96a77552-66f6-49d0-9461-6a12f1d59250-130x95.jpg",130,95,true],"full":["https:\/\/diariolanoticia.com.mx\/wp-content\/uploads\/2025\/12\/96a77552-66f6-49d0-9461-6a12f1d59250.jpg",1500,999,false]},"_links":{"self":[{"href":"https:\/\/diariolanoticia.com.mx\/index.php?rest_route=\/wp\/v2\/posts\/131292","targetHints":{"allow":["GET"]}}],"collection":[{"href":"https:\/\/diariolanoticia.com.mx\/index.php?rest_route=\/wp\/v2\/posts"}],"about":[{"href":"https:\/\/diariolanoticia.com.mx\/index.php?rest_route=\/wp\/v2\/types\/post"}],"author":[{"embeddable":true,"href":"https:\/\/diariolanoticia.com.mx\/index.php?rest_route=\/wp\/v2\/users\/1"}],"replies":[{"embeddable":true,"href":"https:\/\/diariolanoticia.com.mx\/index.php?rest_route=%2Fwp%2Fv2%2Fcomments&post=131292"}],"version-history":[{"count":1,"href":"https:\/\/diariolanoticia.com.mx\/index.php?rest_route=\/wp\/v2\/posts\/131292\/revisions"}],"predecessor-version":[{"id":131293,"href":"https:\/\/diariolanoticia.com.mx\/index.php?rest_route=\/wp\/v2\/posts\/131292\/revisions\/131293"}],"wp:featuredmedia":[{"embeddable":true,"href":"https:\/\/diariolanoticia.com.mx\/index.php?rest_route=\/wp\/v2\/media\/131289"}],"wp:attachment":[{"href":"https:\/\/diariolanoticia.com.mx\/index.php?rest_route=%2Fwp%2Fv2%2Fmedia&parent=131292"}],"wp:term":[{"taxonomy":"category","embeddable":true,"href":"https:\/\/diariolanoticia.com.mx\/index.php?rest_route=%2Fwp%2Fv2%2Fcategories&post=131292"},{"taxonomy":"post_tag","embeddable":true,"href":"https:\/\/diariolanoticia.com.mx\/index.php?rest_route=%2Fwp%2Fv2%2Ftags&post=131292"}],"curies":[{"name":"wp","href":"https:\/\/api.w.org\/{rel}","templated":true}]}}