{"id":131296,"date":"2025-12-06T20:02:12","date_gmt":"2025-12-07T02:02:12","guid":{"rendered":"https:\/\/diariolanoticia.com.mx\/?p=131296"},"modified":"2025-12-06T20:02:12","modified_gmt":"2025-12-07T02:02:12","slug":"reconoce-diputado-jose-luis-figueroa-a-ciudadanas-y-ciudadanos-que-contribuyeron-a-generar-y-enriquecer-iniciativas","status":"publish","type":"post","link":"https:\/\/diariolanoticia.com.mx\/?p=131296","title":{"rendered":"Reconoce diputado Jos\u00e9 Luis Figueroa a ciudadanas y ciudadanos que contribuyeron a generar y enriquecer iniciativas"},"content":{"rendered":"\n<figure class=\"wp-block-image size-large\"><img decoding=\"async\" src=\"file:\/\/\/private\/var\/mobile\/Containers\/Data\/Application\/DCCBD93A-8E4E-4A4F-94C0-BD0BC1E05DB8\/tmp\/org.automattic.MediaImageServiceSymlinks\/thumbnail-7efa1a30-9459-415e-92f3-60da488032dc-720x400.jpeg\" class=\"wp-image-620057662\"\/><\/figure>\n\n\n\n<p class=\"s9\">&nbsp;El diputado Jos\u00e9 Luis Figueroa Cort\u00e9s encabez\u00f3 una entrega de reconocimientos a ciudadanas y ciudadanos, organizaciones y sectores que, mediante su inter\u00e9s, propuestas y acompa\u00f1amiento, contribuyeron de manera directa a la generaci\u00f3n y enriquecimiento de iniciativas de ley y de reforma presentadas por legisladoras y legisladores del Congreso del Estado de Puebla.<\/p>\n\n\n\n<p class=\"s10\">Durante el evento se entregaron 50 reconocimientos para destacar los resultados de la participaci\u00f3n social y fomentar la vinculaci\u00f3n entre la ciudadan\u00eda y sus representantes; adem\u00e1s, visibilizar el proceso legislativo y sentar un precedente que permita consolidar un Poder Legislativo abierto.&nbsp;<\/p>\n\n\n\n<p class=\"s10\">En su mensaje, el diputado Jos\u00e9 Luis Figueroa Cort\u00e9s subray\u00f3 que estos reconocimientos buscan reforzar la confianza ciudadana en el Congreso, promoviendo un v\u00ednculo efectivo entre sociedad y representantes, mediante la escucha activa y la colaboraci\u00f3n permanente.<\/p>\n\n\n\n<p class=\"s10\">Por su parte, el presidente de la Junta de Gobierno y Coordinaci\u00f3n Pol\u00edtica, Pavel Gaspar Ram\u00edrez, reconoci\u00f3 el trabajo territorial de sus compa\u00f1eros, que mantienen cercan\u00eda con la gente de sus distritos, para identificar oportunidades de mejora y adecuaci\u00f3n al marco normativo.&nbsp;<\/p>\n\n\n\n<p class=\"s10\">En el evento tambi\u00e9n estuvieron presentes las diputadas Mar\u00eda Soledad Amieva Zamora y Ang\u00e9lica Patricia Alvarado Ju\u00e1rez, as\u00ed como Raymundo Gonz\u00e1lez L\u00f3pez, director de prevenci\u00f3n y atenci\u00f3n de conflictos sociales de la Secretar\u00eda de Gobernaci\u00f3n del Estado.<\/p>\n","protected":false},"excerpt":{"rendered":"<p>&nbsp;El diputado Jos\u00e9 Luis Figueroa Cort\u00e9s encabez\u00f3 una entrega de reconocimientos a ciudadanas y ciudadanos, organizaciones y sectores que, mediante su inter\u00e9s, propuestas y acompa\u00f1amiento, contribuyeron de manera directa a la generaci\u00f3n y enriquecimiento de iniciativas de ley y de reforma presentadas por legisladoras y legisladores del Congreso del Estado de Puebla. Durante el evento [&hellip;]<\/p>\n","protected":false},"author":1,"featured_media":131294,"comment_status":"closed","ping_status":"open","sticky":false,"template":"","format":"standard","meta":{"footnotes":""},"categories":[20],"tags":[],"class_list":["post-131296","post","type-post","status-publish","format-standard","has-post-thumbnail","hentry","category-norte-de-puebla"],"blog_post_layout_featured_media_urls":{"thumbnail":["https:\/\/diariolanoticia.com.mx\/wp-content\/uploads\/2025\/12\/58e216d1-4917-433f-812e-56687c64f490-216x160.jpg",216,160,true],"full":["https:\/\/diariolanoticia.com.mx\/wp-content\/uploads\/2025\/12\/58e216d1-4917-433f-812e-56687c64f490.jpg",720,397,false]},"categories_names":{"20":{"name":"Norte de Puebla","link":"https:\/\/diariolanoticia.com.mx\/?cat=20"}},"tags_names":[],"comments_number":"0","wpmagazine_modules_lite_featured_media_urls":{"thumbnail":["https:\/\/diariolanoticia.com.mx\/wp-content\/uploads\/2025\/12\/58e216d1-4917-433f-812e-56687c64f490-216x160.jpg",216,160,true],"cvmm-medium":["https:\/\/diariolanoticia.com.mx\/wp-content\/uploads\/2025\/12\/58e216d1-4917-433f-812e-56687c64f490-300x300.jpg",300,300,true],"cvmm-medium-plus":["https:\/\/diariolanoticia.com.mx\/wp-content\/uploads\/2025\/12\/58e216d1-4917-433f-812e-56687c64f490-305x207.jpg",305,207,true],"cvmm-portrait":["https:\/\/diariolanoticia.com.mx\/wp-content\/uploads\/2025\/12\/58e216d1-4917-433f-812e-56687c64f490-400x397.jpg",400,397,true],"cvmm-medium-square":["https:\/\/diariolanoticia.com.mx\/wp-content\/uploads\/2025\/12\/58e216d1-4917-433f-812e-56687c64f490-600x397.jpg",600,397,true],"cvmm-large":["https:\/\/diariolanoticia.com.mx\/wp-content\/uploads\/2025\/12\/58e216d1-4917-433f-812e-56687c64f490.jpg",720,397,false],"cvmm-small":["https:\/\/diariolanoticia.com.mx\/wp-content\/uploads\/2025\/12\/58e216d1-4917-433f-812e-56687c64f490-130x95.jpg",130,95,true],"full":["https:\/\/diariolanoticia.com.mx\/wp-content\/uploads\/2025\/12\/58e216d1-4917-433f-812e-56687c64f490.jpg",720,397,false]},"_links":{"self":[{"href":"https:\/\/diariolanoticia.com.mx\/index.php?rest_route=\/wp\/v2\/posts\/131296","targetHints":{"allow":["GET"]}}],"collection":[{"href":"https:\/\/diariolanoticia.com.mx\/index.php?rest_route=\/wp\/v2\/posts"}],"about":[{"href":"https:\/\/diariolanoticia.com.mx\/index.php?rest_route=\/wp\/v2\/types\/post"}],"author":[{"embeddable":true,"href":"https:\/\/diariolanoticia.com.mx\/index.php?rest_route=\/wp\/v2\/users\/1"}],"replies":[{"embeddable":true,"href":"https:\/\/diariolanoticia.com.mx\/index.php?rest_route=%2Fwp%2Fv2%2Fcomments&post=131296"}],"version-history":[{"count":1,"href":"https:\/\/diariolanoticia.com.mx\/index.php?rest_route=\/wp\/v2\/posts\/131296\/revisions"}],"predecessor-version":[{"id":131297,"href":"https:\/\/diariolanoticia.com.mx\/index.php?rest_route=\/wp\/v2\/posts\/131296\/revisions\/131297"}],"wp:featuredmedia":[{"embeddable":true,"href":"https:\/\/diariolanoticia.com.mx\/index.php?rest_route=\/wp\/v2\/media\/131294"}],"wp:attachment":[{"href":"https:\/\/diariolanoticia.com.mx\/index.php?rest_route=%2Fwp%2Fv2%2Fmedia&parent=131296"}],"wp:term":[{"taxonomy":"category","embeddable":true,"href":"https:\/\/diariolanoticia.com.mx\/index.php?rest_route=%2Fwp%2Fv2%2Fcategories&post=131296"},{"taxonomy":"post_tag","embeddable":true,"href":"https:\/\/diariolanoticia.com.mx\/index.php?rest_route=%2Fwp%2Fv2%2Ftags&post=131296"}],"curies":[{"name":"wp","href":"https:\/\/api.w.org\/{rel}","templated":true}]}}