{"id":131302,"date":"2025-12-07T16:08:45","date_gmt":"2025-12-07T22:08:45","guid":{"rendered":"https:\/\/diariolanoticia.com.mx\/?p=131302"},"modified":"2025-12-07T16:08:45","modified_gmt":"2025-12-07T22:08:45","slug":"concluye-congreso-del-estado-actividades-conmemorativas-por-el-bicentenario-de-la-constitucion","status":"publish","type":"post","link":"https:\/\/diariolanoticia.com.mx\/?p=131302","title":{"rendered":"Concluye Congreso del Estado actividades conmemorativas por el Bicentenario de la Constituci\u00f3n"},"content":{"rendered":"\n<p class=\"s9\">A lo largo del 2025 se realizaron foros de migrantes, maestras y maestros, abogadas y abogados, as\u00ed como de mujeres ind\u00edgenas&nbsp;<\/p>\n\n\n\n<p class=\"s9\">&nbsp;En un ejercicio de an\u00e1lisis, prospectiva y generaci\u00f3n de propuestas para fortalecer el marco jur\u00eddico, durante casi un a\u00f1o el Congreso conmemor\u00f3 el Bicentenario de la Constituci\u00f3n Pol\u00edtica del Estado Libre y Soberano de Puebla, como el marco normativo m\u00e1s relevante que, desde 1825 sent\u00f3 las bases de la vida institucional de la entidad.&nbsp;<\/p>\n\n\n\n<p class=\"s12\">Al encabezar la ceremonia de clausura de esta conmemoraci\u00f3n, el diputado Pavel Gaspar Ram\u00edrez, presidente de la Junta Gobierno y Coordinaci\u00f3n Pol\u00edtica del Congreso del Estado, puntualiz\u00f3 que \u201cno se trata \u00fanicamente de conmemorar, sino de construir con prospectiva hist\u00f3rica, entendiendo que la grandeza del futuro se forja con la memoria del pasado, para tener una Constituci\u00f3n de avanzada, progresiva, humanista y s\u00f3lida\u201d.<\/p>\n\n\n\n<p class=\"s12\">El legislador enfatiz\u00f3 que hoy, al conmemorar dos siglos de la Carta Magna poblana, se reafirma el compromiso de fortalecer el Estado constitucional democr\u00e1tico de derecho, as\u00ed como su econom\u00eda interna, que garantiza que el poder y la riqueza sirvan al pueblo.<\/p>\n\n\n\n<p class=\"s12\">\u201cQue este Bicentenario sea el punto de encuentro entre nuestro pasado y nuestro futuro, que sea el s\u00edmbolo de un nuevo pacto de dignidad\u201d, afirm\u00f3.<\/p>\n\n\n\n<p class=\"s12\">Por su parte, el diputado El\u00edas Lozada Ortega, presidente de la Mesa Directiva, consider\u00f3 que los 200 a\u00f1os de la Constituci\u00f3n representan un recordatorio de los avances obtenidos como sociedad y de la responsabilidad con las futuras generaciones. \u201cNos invita a mirar nuestro pasado con gratitud, nuestro presente con compromiso y nuestro futuro con esperanza\u201d.<\/p>\n\n\n\n<p class=\"s12\">Como parte del acto conmemorativo se hizo entrega de la memoria de los trabajos realizados. Adem\u00e1s, representantes de los diferentes foros dieron un mensaje sobre el impacto de estos ejercicios de participaci\u00f3n ciudadana.&nbsp;<\/p>\n\n\n\n<p class=\"s12\">En su mensaje, Lino Le\u00f3n Cruz, empresario migrante, destac\u00f3 la apertura del Congreso del Estado para escuchar los planteamientos de este grupo y generar condiciones que permitan atraer inversi\u00f3n para el desarrollo de Puebla. Asimismo, enfatiz\u00f3 el impacto que tendr\u00e1 la diputaci\u00f3n migrante que impuls\u00f3 la LXII Legislatura.&nbsp;<\/p>\n\n\n\n<p class=\"s12\">Carlos Paz Rosas, supervisor de la Zona Escolar 031, agradeci\u00f3 a las y los legisladores que han tenido el acierto de escuchar las preocupaciones educativas del pueblo. \u201cEsta LXII Legislatura ha demostrado con su apertura, c\u00f3mo se ejerce la democracia actuante y viva\u201d.<\/p>\n\n\n\n<p class=\"s12\">Rodrigo Lazcano, presidente de la Asamblea de Abogados de Puebla, reconoci\u00f3 como hist\u00f3rico el trabajo de la LXII Legislatura, \u201cporque tuvieron que pasar 200 a\u00f1os para que un Congreso de Puebla se diera la oportunidad de participar y reflexionar con la ciudadan\u00eda, de forma libre y a trav\u00e9s de parlamento abierto, sobre el pasado y el presente de nuestra Constituci\u00f3n\u201d.&nbsp;<\/p>\n\n\n\n<p class=\"s12\">Por su parte, Gisela Flores G\u00f3mez, representante de mujeres ind\u00edgenas, hizo un llamado para que el Bicentenario de la Constituci\u00f3n no sea solo una mirada al pasado, sino un inicio poderoso hacia una etapa de mayor inclusi\u00f3n, justicia y representaci\u00f3n.&nbsp;<\/p>\n\n\n\n<p class=\"s12\">\u201cQueremos seguir trabajando con ustedes. Queremos ser parte activa de las decisiones que afecten nuestras vidas y nuestros territorios. Queremos construir juntas y juntos un pueblo m\u00e1s justo, diverso y fuerte\u201d afirm\u00f3.<\/p>\n\n\n\n<p class=\"s12\">Durante el evento estuvieron presentes los diputados Miguel M\u00e1rquez R\u00edos y Marcos Castro Mart\u00ednez; la diputada de la LX Legislatura, Guadalupe Muci\u00f1o Mu\u00f1oz; el Secretario General del Congreso, Julio Leopoldo de Lara Valera; el titular del Instituto de Investigaciones Legislativas, Financieras y Socioecon\u00f3micas, \u00d3scar Emilio Carranza Le\u00f3n y la titular del Voluntariado, Minerva Garc\u00eda Ch\u00e1vez.<\/p>\n","protected":false},"excerpt":{"rendered":"<p>A lo largo del 2025 se realizaron foros de migrantes, maestras y maestros, abogadas y abogados, as\u00ed como de mujeres ind\u00edgenas&nbsp; &nbsp;En un ejercicio de an\u00e1lisis, prospectiva y generaci\u00f3n de propuestas para fortalecer el marco jur\u00eddico, durante casi un a\u00f1o el Congreso conmemor\u00f3 el Bicentenario de la Constituci\u00f3n Pol\u00edtica del Estado Libre y Soberano de [&hellip;]<\/p>\n","protected":false},"author":1,"featured_media":131301,"comment_status":"closed","ping_status":"open","sticky":false,"template":"","format":"standard","meta":{"footnotes":""},"categories":[20],"tags":[],"class_list":["post-131302","post","type-post","status-publish","format-standard","has-post-thumbnail","hentry","category-norte-de-puebla"],"blog_post_layout_featured_media_urls":{"thumbnail":["https:\/\/diariolanoticia.com.mx\/wp-content\/uploads\/2025\/12\/de64074c-6ad8-44ab-80fa-25e90ddbeac9-216x160.jpg",216,160,true],"full":["https:\/\/diariolanoticia.com.mx\/wp-content\/uploads\/2025\/12\/de64074c-6ad8-44ab-80fa-25e90ddbeac9.jpg",1500,1000,false]},"categories_names":{"20":{"name":"Norte de Puebla","link":"https:\/\/diariolanoticia.com.mx\/?cat=20"}},"tags_names":[],"comments_number":"0","wpmagazine_modules_lite_featured_media_urls":{"thumbnail":["https:\/\/diariolanoticia.com.mx\/wp-content\/uploads\/2025\/12\/de64074c-6ad8-44ab-80fa-25e90ddbeac9-216x160.jpg",216,160,true],"cvmm-medium":["https:\/\/diariolanoticia.com.mx\/wp-content\/uploads\/2025\/12\/de64074c-6ad8-44ab-80fa-25e90ddbeac9-300x300.jpg",300,300,true],"cvmm-medium-plus":["https:\/\/diariolanoticia.com.mx\/wp-content\/uploads\/2025\/12\/de64074c-6ad8-44ab-80fa-25e90ddbeac9-305x207.jpg",305,207,true],"cvmm-portrait":["https:\/\/diariolanoticia.com.mx\/wp-content\/uploads\/2025\/12\/de64074c-6ad8-44ab-80fa-25e90ddbeac9-400x600.jpg",400,600,true],"cvmm-medium-square":["https:\/\/diariolanoticia.com.mx\/wp-content\/uploads\/2025\/12\/de64074c-6ad8-44ab-80fa-25e90ddbeac9-600x600.jpg",600,600,true],"cvmm-large":["https:\/\/diariolanoticia.com.mx\/wp-content\/uploads\/2025\/12\/de64074c-6ad8-44ab-80fa-25e90ddbeac9-1024x1000.jpg",1024,1000,true],"cvmm-small":["https:\/\/diariolanoticia.com.mx\/wp-content\/uploads\/2025\/12\/de64074c-6ad8-44ab-80fa-25e90ddbeac9-130x95.jpg",130,95,true],"full":["https:\/\/diariolanoticia.com.mx\/wp-content\/uploads\/2025\/12\/de64074c-6ad8-44ab-80fa-25e90ddbeac9.jpg",1500,1000,false]},"_links":{"self":[{"href":"https:\/\/diariolanoticia.com.mx\/index.php?rest_route=\/wp\/v2\/posts\/131302","targetHints":{"allow":["GET"]}}],"collection":[{"href":"https:\/\/diariolanoticia.com.mx\/index.php?rest_route=\/wp\/v2\/posts"}],"about":[{"href":"https:\/\/diariolanoticia.com.mx\/index.php?rest_route=\/wp\/v2\/types\/post"}],"author":[{"embeddable":true,"href":"https:\/\/diariolanoticia.com.mx\/index.php?rest_route=\/wp\/v2\/users\/1"}],"replies":[{"embeddable":true,"href":"https:\/\/diariolanoticia.com.mx\/index.php?rest_route=%2Fwp%2Fv2%2Fcomments&post=131302"}],"version-history":[{"count":1,"href":"https:\/\/diariolanoticia.com.mx\/index.php?rest_route=\/wp\/v2\/posts\/131302\/revisions"}],"predecessor-version":[{"id":131303,"href":"https:\/\/diariolanoticia.com.mx\/index.php?rest_route=\/wp\/v2\/posts\/131302\/revisions\/131303"}],"wp:featuredmedia":[{"embeddable":true,"href":"https:\/\/diariolanoticia.com.mx\/index.php?rest_route=\/wp\/v2\/media\/131301"}],"wp:attachment":[{"href":"https:\/\/diariolanoticia.com.mx\/index.php?rest_route=%2Fwp%2Fv2%2Fmedia&parent=131302"}],"wp:term":[{"taxonomy":"category","embeddable":true,"href":"https:\/\/diariolanoticia.com.mx\/index.php?rest_route=%2Fwp%2Fv2%2Fcategories&post=131302"},{"taxonomy":"post_tag","embeddable":true,"href":"https:\/\/diariolanoticia.com.mx\/index.php?rest_route=%2Fwp%2Fv2%2Ftags&post=131302"}],"curies":[{"name":"wp","href":"https:\/\/api.w.org\/{rel}","templated":true}]}}