{"id":131657,"date":"2026-03-21T13:06:20","date_gmt":"2026-03-21T19:06:20","guid":{"rendered":"https:\/\/diariolanoticia.com.mx\/?p=131657"},"modified":"2026-03-21T13:06:20","modified_gmt":"2026-03-21T19:06:20","slug":"acuerdan-legisladores-la-inviabilidad-de-comparecencias","status":"publish","type":"post","link":"https:\/\/diariolanoticia.com.mx\/?p=131657","title":{"rendered":"Acuerdan legisladores la inviabilidad de comparecencias"},"content":{"rendered":"\n<p>Este jueves, el Pleno del Congreso del Estado, celebr\u00f3 la Primera Sesi\u00f3n Ordinaria del Segundo Periodo Ordinario, en la que la Junta de Coordinaci\u00f3n y Concertaci\u00f3n Pol\u00edtica present\u00f3 el Proyecto de Acuerdo mediante el cual se analiz\u00f3 y resolvi\u00f3 la viabilidad de las solicitudes de comparecencia de las personas titulares de las secretar\u00edas de la administraci\u00f3n p\u00fablica estatal y de la Fiscal General de Justicia del Estado de Tlaxcala, con motivo de la glosa del Cuarto Informe de Gobierno.<\/p>\n\n\n\n<p>Cabe se\u00f1alar que la Junta de Coordinaci\u00f3n y Concertaci\u00f3n Pol\u00edtica dio atenci\u00f3n y an\u00e1lisis correspondiente a la solicitud de las diputadas Laura Yamili Flores Lozano, Miriam Esmeralda Mart\u00ednez S\u00e1nchez y Blanca \u00c1guila Lima; es decir, que dentro del t\u00e9rmino establecido se realiz\u00f3 el estudio sobre la viabilidad o inviabilidad de que acudieran los funcionarios a las mencionadas comparecencias.<\/p>\n\n\n\n<p>Por lo anterior, el acuerdo de la mayor\u00eda de las y los diputados que integran la JCCP se&nbsp;someti\u00f3 a votaci\u00f3n del Pleno en sentido de la inviabilidad de estas comparecencias, el cual fue aprobado por la mayor\u00eda de las y los legisladores, por lo que se instruy\u00f3 la elaboraci\u00f3n del acuerdo correspondiente para los efectos legales conducentes.<\/p>\n","protected":false},"excerpt":{"rendered":"<p>Este jueves, el Pleno del Congreso del Estado, celebr\u00f3 la Primera Sesi\u00f3n Ordinaria del Segundo Periodo Ordinario, en la que la Junta de Coordinaci\u00f3n y Concertaci\u00f3n Pol\u00edtica present\u00f3 el Proyecto de Acuerdo mediante el cual se analiz\u00f3 y resolvi\u00f3 la viabilidad de las solicitudes de comparecencia de las personas titulares de las secretar\u00edas de la [&hellip;]<\/p>\n","protected":false},"author":1,"featured_media":131658,"comment_status":"open","ping_status":"open","sticky":false,"template":"","format":"standard","meta":{"footnotes":""},"categories":[22],"tags":[],"class_list":["post-131657","post","type-post","status-publish","format-standard","has-post-thumbnail","hentry","category-congreso"],"blog_post_layout_featured_media_urls":{"thumbnail":["https:\/\/diariolanoticia.com.mx\/wp-content\/uploads\/2026\/01\/735cb46f-9681-4eb6-8fd5-c60f36c0b979-216x160.jpg",216,160,true],"full":["https:\/\/diariolanoticia.com.mx\/wp-content\/uploads\/2026\/01\/735cb46f-9681-4eb6-8fd5-c60f36c0b979.jpg",1280,855,false]},"categories_names":{"22":{"name":"Congreso","link":"https:\/\/diariolanoticia.com.mx\/?cat=22"}},"tags_names":[],"comments_number":"0","wpmagazine_modules_lite_featured_media_urls":{"thumbnail":["https:\/\/diariolanoticia.com.mx\/wp-content\/uploads\/2026\/01\/735cb46f-9681-4eb6-8fd5-c60f36c0b979-216x160.jpg",216,160,true],"cvmm-medium":["https:\/\/diariolanoticia.com.mx\/wp-content\/uploads\/2026\/01\/735cb46f-9681-4eb6-8fd5-c60f36c0b979-300x300.jpg",300,300,true],"cvmm-medium-plus":["https:\/\/diariolanoticia.com.mx\/wp-content\/uploads\/2026\/01\/735cb46f-9681-4eb6-8fd5-c60f36c0b979-305x207.jpg",305,207,true],"cvmm-portrait":["https:\/\/diariolanoticia.com.mx\/wp-content\/uploads\/2026\/01\/735cb46f-9681-4eb6-8fd5-c60f36c0b979-400x600.jpg",400,600,true],"cvmm-medium-square":["https:\/\/diariolanoticia.com.mx\/wp-content\/uploads\/2026\/01\/735cb46f-9681-4eb6-8fd5-c60f36c0b979-600x600.jpg",600,600,true],"cvmm-large":["https:\/\/diariolanoticia.com.mx\/wp-content\/uploads\/2026\/01\/735cb46f-9681-4eb6-8fd5-c60f36c0b979-1024x855.jpg",1024,855,true],"cvmm-small":["https:\/\/diariolanoticia.com.mx\/wp-content\/uploads\/2026\/01\/735cb46f-9681-4eb6-8fd5-c60f36c0b979-130x95.jpg",130,95,true],"full":["https:\/\/diariolanoticia.com.mx\/wp-content\/uploads\/2026\/01\/735cb46f-9681-4eb6-8fd5-c60f36c0b979.jpg",1280,855,false]},"_links":{"self":[{"href":"https:\/\/diariolanoticia.com.mx\/index.php?rest_route=\/wp\/v2\/posts\/131657","targetHints":{"allow":["GET"]}}],"collection":[{"href":"https:\/\/diariolanoticia.com.mx\/index.php?rest_route=\/wp\/v2\/posts"}],"about":[{"href":"https:\/\/diariolanoticia.com.mx\/index.php?rest_route=\/wp\/v2\/types\/post"}],"author":[{"embeddable":true,"href":"https:\/\/diariolanoticia.com.mx\/index.php?rest_route=\/wp\/v2\/users\/1"}],"replies":[{"embeddable":true,"href":"https:\/\/diariolanoticia.com.mx\/index.php?rest_route=%2Fwp%2Fv2%2Fcomments&post=131657"}],"version-history":[{"count":1,"href":"https:\/\/diariolanoticia.com.mx\/index.php?rest_route=\/wp\/v2\/posts\/131657\/revisions"}],"predecessor-version":[{"id":131659,"href":"https:\/\/diariolanoticia.com.mx\/index.php?rest_route=\/wp\/v2\/posts\/131657\/revisions\/131659"}],"wp:featuredmedia":[{"embeddable":true,"href":"https:\/\/diariolanoticia.com.mx\/index.php?rest_route=\/wp\/v2\/media\/131658"}],"wp:attachment":[{"href":"https:\/\/diariolanoticia.com.mx\/index.php?rest_route=%2Fwp%2Fv2%2Fmedia&parent=131657"}],"wp:term":[{"taxonomy":"category","embeddable":true,"href":"https:\/\/diariolanoticia.com.mx\/index.php?rest_route=%2Fwp%2Fv2%2Fcategories&post=131657"},{"taxonomy":"post_tag","embeddable":true,"href":"https:\/\/diariolanoticia.com.mx\/index.php?rest_route=%2Fwp%2Fv2%2Ftags&post=131657"}],"curies":[{"name":"wp","href":"https:\/\/api.w.org\/{rel}","templated":true}]}}