{"id":131663,"date":"2026-03-21T13:06:20","date_gmt":"2026-03-21T19:06:20","guid":{"rendered":"https:\/\/diariolanoticia.com.mx\/?p=131663"},"modified":"2026-03-21T13:06:20","modified_gmt":"2026-03-21T19:06:20","slug":"131663","status":"publish","type":"post","link":"https:\/\/diariolanoticia.com.mx\/?p=131663","title":{"rendered":""},"content":{"rendered":"\n<p><img loading=\"lazy\" decoding=\"async\" height=\"16\" width=\"16\" alt=\"\ud83d\ude4c\" src=\"https:\/\/static.xx.fbcdn.net\/images\/emoji.php\/v9\/tfd\/1\/16\/1f64c.png\"> Gracias a los reportes ciudadanos, la Brigada de Alumbrado P\u00fablico de Yauhquemehcan rehabilit\u00f3 la red de iluminaci\u00f3n en Av. Del Trabajo y Av. M\u00e9xico.<img loading=\"lazy\" decoding=\"async\" height=\"16\" width=\"16\" alt=\"\ud83d\udca1\" src=\"https:\/\/static.xx.fbcdn.net\/images\/emoji.php\/v9\/t3c\/1\/16\/1f4a1.png\"><\/p>\n\n\n\n<p><a><\/a>\u00a1Seguimos trabajando juntos por un Yauhquemehcan m\u00e1s iluminado!<\/p>\n\n\n\n<figure class=\"wp-block-gallery has-nested-images columns-default is-cropped wp-block-gallery-1 is-layout-flex wp-block-gallery-is-layout-flex\">\n<figure class=\"wp-block-image size-large\"><img loading=\"lazy\" decoding=\"async\" width=\"576\" height=\"1024\" data-id=\"131664\" src=\"https:\/\/diariolanoticia.com.mx\/wp-content\/uploads\/2026\/01\/616814987_122224311560511062_6277629742411858680_n-576x1024.jpg\" alt=\"\" class=\"wp-image-131664\" srcset=\"https:\/\/diariolanoticia.com.mx\/wp-content\/uploads\/2026\/01\/616814987_122224311560511062_6277629742411858680_n-576x1024.jpg 576w, https:\/\/diariolanoticia.com.mx\/wp-content\/uploads\/2026\/01\/616814987_122224311560511062_6277629742411858680_n-169x300.jpg 169w, https:\/\/diariolanoticia.com.mx\/wp-content\/uploads\/2026\/01\/616814987_122224311560511062_6277629742411858680_n.jpg 720w\" sizes=\"auto, (max-width: 576px) 100vw, 576px\" \/><\/figure>\n\n\n\n<figure class=\"wp-block-image size-large\"><img loading=\"lazy\" decoding=\"async\" width=\"576\" height=\"1024\" data-id=\"131666\" src=\"https:\/\/diariolanoticia.com.mx\/wp-content\/uploads\/2026\/01\/616831279_122224311524511062_6456915062325068153_n-576x1024.jpg\" alt=\"\" class=\"wp-image-131666\" srcset=\"https:\/\/diariolanoticia.com.mx\/wp-content\/uploads\/2026\/01\/616831279_122224311524511062_6456915062325068153_n-576x1024.jpg 576w, https:\/\/diariolanoticia.com.mx\/wp-content\/uploads\/2026\/01\/616831279_122224311524511062_6456915062325068153_n-169x300.jpg 169w, https:\/\/diariolanoticia.com.mx\/wp-content\/uploads\/2026\/01\/616831279_122224311524511062_6456915062325068153_n.jpg 720w\" sizes=\"auto, (max-width: 576px) 100vw, 576px\" \/><\/figure>\n\n\n\n<figure class=\"wp-block-image size-large\"><img loading=\"lazy\" decoding=\"async\" width=\"576\" height=\"1024\" data-id=\"131665\" src=\"https:\/\/diariolanoticia.com.mx\/wp-content\/uploads\/2026\/01\/616806922_122224311482511062_3446599802623656750_n-576x1024.jpg\" alt=\"\" class=\"wp-image-131665\" srcset=\"https:\/\/diariolanoticia.com.mx\/wp-content\/uploads\/2026\/01\/616806922_122224311482511062_3446599802623656750_n-576x1024.jpg 576w, https:\/\/diariolanoticia.com.mx\/wp-content\/uploads\/2026\/01\/616806922_122224311482511062_3446599802623656750_n-169x300.jpg 169w, https:\/\/diariolanoticia.com.mx\/wp-content\/uploads\/2026\/01\/616806922_122224311482511062_3446599802623656750_n.jpg 720w\" sizes=\"auto, (max-width: 576px) 100vw, 576px\" \/><\/figure>\n<\/figure>\n\n\n\n<p><a href=\"https:\/\/www.facebook.com\/hashtag\/ayuntamientodeyauhquemehcan?__eep__=6&amp;__cft__[0]=AZalyj-hsJjWP5Z9L8LCs-CBfwGtxcPApyAT8iew1_7IGcyogAZd1uanCGGHAJ2v4bo1rMhQ51UCB4FExcRj60WpMhqj8a9yNhjXJLXTeiktG81wAN2XfQr13-2xk8uTnxahU5P0fRVhlaKa9avhtTSqW3CSEz6uO9Ai-TuSwUo3wJghtk8QWoVD0auowAy8Xpf3lfXi-CVFtIoo7yv6D7A2&amp;__tn__=*NK-R\">#AyuntamientodeYauhquemehcan<\/a><a href=\"https:\/\/www.facebook.com\/hashtag\/tlaxcala?__eep__=6&amp;__cft__[0]=AZalyj-hsJjWP5Z9L8LCs-CBfwGtxcPApyAT8iew1_7IGcyogAZd1uanCGGHAJ2v4bo1rMhQ51UCB4FExcRj60WpMhqj8a9yNhjXJLXTeiktG81wAN2XfQr13-2xk8uTnxahU5P0fRVhlaKa9avhtTSqW3CSEz6uO9Ai-TuSwUo3wJghtk8QWoVD0auowAy8Xpf3lfXi-CVFtIoo7yv6D7A2&amp;__tn__=*NK-R\">#Tlaxcala<\/a><a href=\"https:\/\/www.facebook.com\/hashtag\/yauhquemehcan?__eep__=6&amp;__cft__[0]=AZalyj-hsJjWP5Z9L8LCs-CBfwGtxcPApyAT8iew1_7IGcyogAZd1uanCGGHAJ2v4bo1rMhQ51UCB4FExcRj60WpMhqj8a9yNhjXJLXTeiktG81wAN2XfQr13-2xk8uTnxahU5P0fRVhlaKa9avhtTSqW3CSEz6uO9Ai-TuSwUo3wJghtk8QWoVD0auowAy8Xpf3lfXi-CVFtIoo7yv6D7A2&amp;__tn__=*NK-R\">#Yauhquemehcan<\/a><a href=\"https:\/\/www.facebook.com\/profile.php?id=61557359309656&amp;__cft__[0]=AZalyj-hsJjWP5Z9L8LCs-CBfwGtxcPApyAT8iew1_7IGcyogAZd1uanCGGHAJ2v4bo1rMhQ51UCB4FExcRj60WpMhqj8a9yNhjXJLXTeiktG81wAN2XfQr13-2xk8uTnxahU5P0fRVhlaKa9avhtTSqW3CSEz6uO9Ai-TuSwUo3wJghtk8QWoVD0auowAy8Xpf3lfXi-CVFtIoo7yv6D7A2&amp;__tn__=-]K-R\">David Vega Terrazas<\/a><\/p>\n","protected":false},"excerpt":{"rendered":"<p>Gracias a los reportes ciudadanos, la Brigada de Alumbrado P\u00fablico de Yauhquemehcan rehabilit\u00f3 la red de iluminaci\u00f3n en Av. Del Trabajo y Av. M\u00e9xico. \u00a1Seguimos trabajando juntos por un Yauhquemehcan m\u00e1s iluminado! #AyuntamientodeYauhquemehcan#Tlaxcala#YauhquemehcanDavid Vega Terrazas<\/p>\n","protected":false},"author":1,"featured_media":0,"comment_status":"open","ping_status":"open","sticky":false,"template":"","format":"standard","meta":{"footnotes":""},"categories":[46],"tags":[],"class_list":["post-131663","post","type-post","status-publish","format-standard","hentry","category-yauhquemehcan"],"blog_post_layout_featured_media_urls":{"thumbnail":"","full":""},"categories_names":{"46":{"name":"Yauhquemehcan","link":"https:\/\/diariolanoticia.com.mx\/?cat=46"}},"tags_names":[],"comments_number":"0","wpmagazine_modules_lite_featured_media_urls":{"thumbnail":"","cvmm-medium":"","cvmm-medium-plus":"","cvmm-portrait":"","cvmm-medium-square":"","cvmm-large":"","cvmm-small":"","full":""},"_links":{"self":[{"href":"https:\/\/diariolanoticia.com.mx\/index.php?rest_route=\/wp\/v2\/posts\/131663","targetHints":{"allow":["GET"]}}],"collection":[{"href":"https:\/\/diariolanoticia.com.mx\/index.php?rest_route=\/wp\/v2\/posts"}],"about":[{"href":"https:\/\/diariolanoticia.com.mx\/index.php?rest_route=\/wp\/v2\/types\/post"}],"author":[{"embeddable":true,"href":"https:\/\/diariolanoticia.com.mx\/index.php?rest_route=\/wp\/v2\/users\/1"}],"replies":[{"embeddable":true,"href":"https:\/\/diariolanoticia.com.mx\/index.php?rest_route=%2Fwp%2Fv2%2Fcomments&post=131663"}],"version-history":[{"count":1,"href":"https:\/\/diariolanoticia.com.mx\/index.php?rest_route=\/wp\/v2\/posts\/131663\/revisions"}],"predecessor-version":[{"id":131667,"href":"https:\/\/diariolanoticia.com.mx\/index.php?rest_route=\/wp\/v2\/posts\/131663\/revisions\/131667"}],"wp:attachment":[{"href":"https:\/\/diariolanoticia.com.mx\/index.php?rest_route=%2Fwp%2Fv2%2Fmedia&parent=131663"}],"wp:term":[{"taxonomy":"category","embeddable":true,"href":"https:\/\/diariolanoticia.com.mx\/index.php?rest_route=%2Fwp%2Fv2%2Fcategories&post=131663"},{"taxonomy":"post_tag","embeddable":true,"href":"https:\/\/diariolanoticia.com.mx\/index.php?rest_route=%2Fwp%2Fv2%2Ftags&post=131663"}],"curies":[{"name":"wp","href":"https:\/\/api.w.org\/{rel}","templated":true}]}}