{"id":131701,"date":"2026-03-21T13:06:20","date_gmt":"2026-03-21T19:06:20","guid":{"rendered":"https:\/\/diariolanoticia.com.mx\/?p=131701"},"modified":"2026-03-21T13:06:20","modified_gmt":"2026-03-21T19:06:20","slug":"131701","status":"publish","type":"post","link":"https:\/\/diariolanoticia.com.mx\/?p=131701","title":{"rendered":""},"content":{"rendered":"\n<p>El General Jos\u00e9 Mario Vega Hern\u00e1ndez, comandante de la 23\/a Zona Militar, visit\u00f3 nuestro municipio para reunirse con el Presidente Municipal de Yauhquemehcan, <a href=\"https:\/\/www.facebook.com\/profile.php?id=61557359309656&amp;__cft__[0]=AZbcRJd4iI7UZMu-9ic6pr-GlrcWu4P8dAqhGjh-4-23EQFjKvd0zt-ss7fScRnsFsmtyOyWNG_M8kxi7MSHaGT88mBTbef4RrnT9QMqxlQhmu4nmacmxP27iDUXaUItcI7vJ6jRs67R-OHgCMgUNzP6ENEIwgYarR4WZ-gCqoMY6ktlPSNR4r6yMs8sFlOxbiboUGKiXo4O4TuuGMa5OaEO&amp;__tn__=-]K-R\">David Vega Terrazas<\/a> y reforzar la colaboraci\u00f3n entre los tres \u00f3rdenes de gobierno.<\/p>\n\n\n\n<p>Durante la reuni\u00f3n, el General Vega Hern\u00e1ndez destac\u00f3 la importancia de trabajar de manera coordinada para atender las necesidades de la poblaci\u00f3n.<\/p>\n\n\n\n<p>Con estas acciones reforzamos el compromiso con la seguridad y el bienestar de Yauhquemehcan.<img loading=\"lazy\" decoding=\"async\" height=\"16\" width=\"16\" alt=\"\ud83e\udd1d\" src=\"https:\/\/static.xx.fbcdn.net\/images\/emoji.php\/v9\/t64\/1\/16\/1f91d.png\"><\/p>\n\n\n\n<figure class=\"wp-block-gallery has-nested-images columns-default is-cropped wp-block-gallery-1 is-layout-flex wp-block-gallery-is-layout-flex\">\n<figure class=\"wp-block-image size-large\"><img loading=\"lazy\" decoding=\"async\" width=\"1024\" height=\"768\" data-id=\"131702\" src=\"https:\/\/diariolanoticia.com.mx\/wp-content\/uploads\/2026\/01\/615219579_122222988518511062_4504885638645450738_n-1024x768.jpg\" alt=\"\" class=\"wp-image-131702\" srcset=\"https:\/\/diariolanoticia.com.mx\/wp-content\/uploads\/2026\/01\/615219579_122222988518511062_4504885638645450738_n-1024x768.jpg 1024w, https:\/\/diariolanoticia.com.mx\/wp-content\/uploads\/2026\/01\/615219579_122222988518511062_4504885638645450738_n-300x225.jpg 300w, https:\/\/diariolanoticia.com.mx\/wp-content\/uploads\/2026\/01\/615219579_122222988518511062_4504885638645450738_n-768x576.jpg 768w, https:\/\/diariolanoticia.com.mx\/wp-content\/uploads\/2026\/01\/615219579_122222988518511062_4504885638645450738_n-1536x1152.jpg 1536w, https:\/\/diariolanoticia.com.mx\/wp-content\/uploads\/2026\/01\/615219579_122222988518511062_4504885638645450738_n-136x102.jpg 136w, https:\/\/diariolanoticia.com.mx\/wp-content\/uploads\/2026\/01\/615219579_122222988518511062_4504885638645450738_n.jpg 2048w\" sizes=\"auto, (max-width: 1024px) 100vw, 1024px\" \/><\/figure>\n\n\n\n<figure class=\"wp-block-image size-large\"><img loading=\"lazy\" decoding=\"async\" width=\"1024\" height=\"768\" data-id=\"131704\" src=\"https:\/\/diariolanoticia.com.mx\/wp-content\/uploads\/2026\/01\/615422128_122222988416511062_1552649104662558581_n-1024x768.jpg\" alt=\"\" class=\"wp-image-131704\" srcset=\"https:\/\/diariolanoticia.com.mx\/wp-content\/uploads\/2026\/01\/615422128_122222988416511062_1552649104662558581_n-1024x768.jpg 1024w, https:\/\/diariolanoticia.com.mx\/wp-content\/uploads\/2026\/01\/615422128_122222988416511062_1552649104662558581_n-300x225.jpg 300w, https:\/\/diariolanoticia.com.mx\/wp-content\/uploads\/2026\/01\/615422128_122222988416511062_1552649104662558581_n-768x576.jpg 768w, https:\/\/diariolanoticia.com.mx\/wp-content\/uploads\/2026\/01\/615422128_122222988416511062_1552649104662558581_n-1536x1152.jpg 1536w, https:\/\/diariolanoticia.com.mx\/wp-content\/uploads\/2026\/01\/615422128_122222988416511062_1552649104662558581_n-136x102.jpg 136w, https:\/\/diariolanoticia.com.mx\/wp-content\/uploads\/2026\/01\/615422128_122222988416511062_1552649104662558581_n.jpg 2048w\" sizes=\"auto, (max-width: 1024px) 100vw, 1024px\" \/><\/figure>\n\n\n\n<figure class=\"wp-block-image size-large\"><img loading=\"lazy\" decoding=\"async\" width=\"1024\" height=\"768\" data-id=\"131703\" src=\"https:\/\/diariolanoticia.com.mx\/wp-content\/uploads\/2026\/01\/615438773_122222988254511062_3597992570999059963_n-1024x768.jpg\" alt=\"\" class=\"wp-image-131703\" srcset=\"https:\/\/diariolanoticia.com.mx\/wp-content\/uploads\/2026\/01\/615438773_122222988254511062_3597992570999059963_n-1024x768.jpg 1024w, https:\/\/diariolanoticia.com.mx\/wp-content\/uploads\/2026\/01\/615438773_122222988254511062_3597992570999059963_n-300x225.jpg 300w, https:\/\/diariolanoticia.com.mx\/wp-content\/uploads\/2026\/01\/615438773_122222988254511062_3597992570999059963_n-768x576.jpg 768w, https:\/\/diariolanoticia.com.mx\/wp-content\/uploads\/2026\/01\/615438773_122222988254511062_3597992570999059963_n-1536x1152.jpg 1536w, https:\/\/diariolanoticia.com.mx\/wp-content\/uploads\/2026\/01\/615438773_122222988254511062_3597992570999059963_n-136x102.jpg 136w, https:\/\/diariolanoticia.com.mx\/wp-content\/uploads\/2026\/01\/615438773_122222988254511062_3597992570999059963_n.jpg 2048w\" sizes=\"auto, (max-width: 1024px) 100vw, 1024px\" \/><\/figure>\n<\/figure>\n\n\n\n<p>\u00a1Caminemos Juntos!<\/p>\n\n\n\n<p><a href=\"https:\/\/www.facebook.com\/hashtag\/ayuntamientodeyauhquemehcan?__eep__=6&amp;__cft__[0]=AZbcRJd4iI7UZMu-9ic6pr-GlrcWu4P8dAqhGjh-4-23EQFjKvd0zt-ss7fScRnsFsmtyOyWNG_M8kxi7MSHaGT88mBTbef4RrnT9QMqxlQhmu4nmacmxP27iDUXaUItcI7vJ6jRs67R-OHgCMgUNzP6ENEIwgYarR4WZ-gCqoMY6ktlPSNR4r6yMs8sFlOxbiboUGKiXo4O4TuuGMa5OaEO&amp;__tn__=*NK-R\">#AyuntamientodeYauhquemehcan<\/a><a href=\"https:\/\/www.facebook.com\/hashtag\/tlaxcala?__eep__=6&amp;__cft__[0]=AZbcRJd4iI7UZMu-9ic6pr-GlrcWu4P8dAqhGjh-4-23EQFjKvd0zt-ss7fScRnsFsmtyOyWNG_M8kxi7MSHaGT88mBTbef4RrnT9QMqxlQhmu4nmacmxP27iDUXaUItcI7vJ6jRs67R-OHgCMgUNzP6ENEIwgYarR4WZ-gCqoMY6ktlPSNR4r6yMs8sFlOxbiboUGKiXo4O4TuuGMa5OaEO&amp;__tn__=*NK-R\">#Tlaxcala<\/a><a href=\"https:\/\/www.facebook.com\/hashtag\/yauhquemehcan?__eep__=6&amp;__cft__[0]=AZbcRJd4iI7UZMu-9ic6pr-GlrcWu4P8dAqhGjh-4-23EQFjKvd0zt-ss7fScRnsFsmtyOyWNG_M8kxi7MSHaGT88mBTbef4RrnT9QMqxlQhmu4nmacmxP27iDUXaUItcI7vJ6jRs67R-OHgCMgUNzP6ENEIwgYarR4WZ-gCqoMY6ktlPSNR4r6yMs8sFlOxbiboUGKiXo4O4TuuGMa5OaEO&amp;__tn__=*NK-R\">#Yauhquemehcan<\/a><\/p>\n","protected":false},"excerpt":{"rendered":"<p>El General Jos\u00e9 Mario Vega Hern\u00e1ndez, comandante de la 23\/a Zona Militar, visit\u00f3 nuestro municipio para reunirse con el Presidente Municipal de Yauhquemehcan, David Vega Terrazas y reforzar la colaboraci\u00f3n entre los tres \u00f3rdenes de gobierno. Durante la reuni\u00f3n, el General Vega Hern\u00e1ndez destac\u00f3 la importancia de trabajar de manera coordinada para atender las necesidades [&hellip;]<\/p>\n","protected":false},"author":1,"featured_media":0,"comment_status":"open","ping_status":"open","sticky":false,"template":"","format":"standard","meta":{"footnotes":""},"categories":[46],"tags":[],"class_list":["post-131701","post","type-post","status-publish","format-standard","hentry","category-yauhquemehcan"],"blog_post_layout_featured_media_urls":{"thumbnail":"","full":""},"categories_names":{"46":{"name":"Yauhquemehcan","link":"https:\/\/diariolanoticia.com.mx\/?cat=46"}},"tags_names":[],"comments_number":"0","wpmagazine_modules_lite_featured_media_urls":{"thumbnail":"","cvmm-medium":"","cvmm-medium-plus":"","cvmm-portrait":"","cvmm-medium-square":"","cvmm-large":"","cvmm-small":"","full":""},"_links":{"self":[{"href":"https:\/\/diariolanoticia.com.mx\/index.php?rest_route=\/wp\/v2\/posts\/131701","targetHints":{"allow":["GET"]}}],"collection":[{"href":"https:\/\/diariolanoticia.com.mx\/index.php?rest_route=\/wp\/v2\/posts"}],"about":[{"href":"https:\/\/diariolanoticia.com.mx\/index.php?rest_route=\/wp\/v2\/types\/post"}],"author":[{"embeddable":true,"href":"https:\/\/diariolanoticia.com.mx\/index.php?rest_route=\/wp\/v2\/users\/1"}],"replies":[{"embeddable":true,"href":"https:\/\/diariolanoticia.com.mx\/index.php?rest_route=%2Fwp%2Fv2%2Fcomments&post=131701"}],"version-history":[{"count":1,"href":"https:\/\/diariolanoticia.com.mx\/index.php?rest_route=\/wp\/v2\/posts\/131701\/revisions"}],"predecessor-version":[{"id":131705,"href":"https:\/\/diariolanoticia.com.mx\/index.php?rest_route=\/wp\/v2\/posts\/131701\/revisions\/131705"}],"wp:attachment":[{"href":"https:\/\/diariolanoticia.com.mx\/index.php?rest_route=%2Fwp%2Fv2%2Fmedia&parent=131701"}],"wp:term":[{"taxonomy":"category","embeddable":true,"href":"https:\/\/diariolanoticia.com.mx\/index.php?rest_route=%2Fwp%2Fv2%2Fcategories&post=131701"},{"taxonomy":"post_tag","embeddable":true,"href":"https:\/\/diariolanoticia.com.mx\/index.php?rest_route=%2Fwp%2Fv2%2Ftags&post=131701"}],"curies":[{"name":"wp","href":"https:\/\/api.w.org\/{rel}","templated":true}]}}