{"id":131713,"date":"2026-03-21T13:06:20","date_gmt":"2026-03-21T19:06:20","guid":{"rendered":"https:\/\/diariolanoticia.com.mx\/?p=131713"},"modified":"2026-03-21T13:06:20","modified_gmt":"2026-03-21T19:06:20","slug":"131713","status":"publish","type":"post","link":"https:\/\/diariolanoticia.com.mx\/?p=131713","title":{"rendered":""},"content":{"rendered":"\n<p>La Direcci\u00f3n de Servicios P\u00fablicos Municipales realiz\u00f3 trabajos de limpieza en calle Alejandro Guillot de la Comunidad de San Benito Xaltocan. <img loading=\"lazy\" decoding=\"async\" height=\"16\" width=\"16\" alt=\"\ud83d\uddd1\ufe0f\" src=\"https:\/\/static.xx.fbcdn.net\/images\/emoji.php\/v9\/t5a\/1\/16\/1f5d1.png\"><\/p>\n\n\n\n<p><a><\/a>Contin\u00faamos trabajando para mantener en \u00f3ptimas condiciones los espacios p\u00fablicos de nuestro municipio. <img loading=\"lazy\" decoding=\"async\" height=\"16\" width=\"16\" alt=\"\ud83e\udd1d\" src=\"https:\/\/static.xx.fbcdn.net\/images\/emoji.php\/v9\/t64\/1\/16\/1f91d.png\"><\/p>\n\n\n\n<p>\u00a1Caminemos Juntos!<\/p>\n\n\n\n<figure class=\"wp-block-gallery has-nested-images columns-default is-cropped wp-block-gallery-1 is-layout-flex wp-block-gallery-is-layout-flex\">\n<figure class=\"wp-block-image size-large\"><img loading=\"lazy\" decoding=\"async\" width=\"1024\" height=\"770\" data-id=\"131716\" src=\"https:\/\/diariolanoticia.com.mx\/wp-content\/uploads\/2026\/01\/612232241_122222068880511062_2432024306373366179_n-1024x770.jpg\" alt=\"\" class=\"wp-image-131716\" srcset=\"https:\/\/diariolanoticia.com.mx\/wp-content\/uploads\/2026\/01\/612232241_122222068880511062_2432024306373366179_n-1024x770.jpg 1024w, https:\/\/diariolanoticia.com.mx\/wp-content\/uploads\/2026\/01\/612232241_122222068880511062_2432024306373366179_n-300x226.jpg 300w, https:\/\/diariolanoticia.com.mx\/wp-content\/uploads\/2026\/01\/612232241_122222068880511062_2432024306373366179_n-768x578.jpg 768w, https:\/\/diariolanoticia.com.mx\/wp-content\/uploads\/2026\/01\/612232241_122222068880511062_2432024306373366179_n-136x102.jpg 136w, https:\/\/diariolanoticia.com.mx\/wp-content\/uploads\/2026\/01\/612232241_122222068880511062_2432024306373366179_n.jpg 1280w\" sizes=\"auto, (max-width: 1024px) 100vw, 1024px\" \/><\/figure>\n\n\n\n<figure class=\"wp-block-image size-large\"><img loading=\"lazy\" decoding=\"async\" width=\"1024\" height=\"770\" data-id=\"131714\" src=\"https:\/\/diariolanoticia.com.mx\/wp-content\/uploads\/2026\/01\/612330934_122222068838511062_5895712258898719037_n-1024x770.jpg\" alt=\"\" class=\"wp-image-131714\" srcset=\"https:\/\/diariolanoticia.com.mx\/wp-content\/uploads\/2026\/01\/612330934_122222068838511062_5895712258898719037_n-1024x770.jpg 1024w, https:\/\/diariolanoticia.com.mx\/wp-content\/uploads\/2026\/01\/612330934_122222068838511062_5895712258898719037_n-300x226.jpg 300w, https:\/\/diariolanoticia.com.mx\/wp-content\/uploads\/2026\/01\/612330934_122222068838511062_5895712258898719037_n-768x578.jpg 768w, https:\/\/diariolanoticia.com.mx\/wp-content\/uploads\/2026\/01\/612330934_122222068838511062_5895712258898719037_n-136x102.jpg 136w, https:\/\/diariolanoticia.com.mx\/wp-content\/uploads\/2026\/01\/612330934_122222068838511062_5895712258898719037_n.jpg 1280w\" sizes=\"auto, (max-width: 1024px) 100vw, 1024px\" \/><\/figure>\n\n\n\n<figure class=\"wp-block-image size-large\"><img loading=\"lazy\" decoding=\"async\" width=\"1024\" height=\"770\" data-id=\"131715\" src=\"https:\/\/diariolanoticia.com.mx\/wp-content\/uploads\/2026\/01\/612690419_122222068790511062_4961939734931925266_n-1024x770.jpg\" alt=\"\" class=\"wp-image-131715\" srcset=\"https:\/\/diariolanoticia.com.mx\/wp-content\/uploads\/2026\/01\/612690419_122222068790511062_4961939734931925266_n-1024x770.jpg 1024w, https:\/\/diariolanoticia.com.mx\/wp-content\/uploads\/2026\/01\/612690419_122222068790511062_4961939734931925266_n-300x226.jpg 300w, https:\/\/diariolanoticia.com.mx\/wp-content\/uploads\/2026\/01\/612690419_122222068790511062_4961939734931925266_n-768x578.jpg 768w, https:\/\/diariolanoticia.com.mx\/wp-content\/uploads\/2026\/01\/612690419_122222068790511062_4961939734931925266_n-136x102.jpg 136w, https:\/\/diariolanoticia.com.mx\/wp-content\/uploads\/2026\/01\/612690419_122222068790511062_4961939734931925266_n.jpg 1280w\" sizes=\"auto, (max-width: 1024px) 100vw, 1024px\" \/><\/figure>\n<\/figure>\n\n\n\n<p><a href=\"https:\/\/www.facebook.com\/hashtag\/ayuntamientodeyauhquemehcan?__eep__=6&amp;__cft__[0]=AZYvrlEAcbEGZXSV72gx0P10vCLL8bKpe6vV0Dwx8pG2XJdEkb2ewhDeNgPFSRrBJBeZGroyDqCZyhG-xj8ihb5mw5B1ovU-6xmXVgGr4OqQ3_ZkWq8TfyR4Vv-XQyF2UGjvnH9Nk3bSPhjAEv0qLcEa45VhVu6tzAm8rMm-iGmLZkl5KeZInZdKBuI7umwuH6aY7LaAvLxD8AL59Di6F6z4&amp;__tn__=*NK-R\">#AyuntamientodeYauhquemehcan<\/a><a href=\"https:\/\/www.facebook.com\/hashtag\/tlaxcala?__eep__=6&amp;__cft__[0]=AZYvrlEAcbEGZXSV72gx0P10vCLL8bKpe6vV0Dwx8pG2XJdEkb2ewhDeNgPFSRrBJBeZGroyDqCZyhG-xj8ihb5mw5B1ovU-6xmXVgGr4OqQ3_ZkWq8TfyR4Vv-XQyF2UGjvnH9Nk3bSPhjAEv0qLcEa45VhVu6tzAm8rMm-iGmLZkl5KeZInZdKBuI7umwuH6aY7LaAvLxD8AL59Di6F6z4&amp;__tn__=*NK-R\">#Tlaxcala<\/a><a href=\"https:\/\/www.facebook.com\/hashtag\/yauhquemehcan?__eep__=6&amp;__cft__[0]=AZYvrlEAcbEGZXSV72gx0P10vCLL8bKpe6vV0Dwx8pG2XJdEkb2ewhDeNgPFSRrBJBeZGroyDqCZyhG-xj8ihb5mw5B1ovU-6xmXVgGr4OqQ3_ZkWq8TfyR4Vv-XQyF2UGjvnH9Nk3bSPhjAEv0qLcEa45VhVu6tzAm8rMm-iGmLZkl5KeZInZdKBuI7umwuH6aY7LaAvLxD8AL59Di6F6z4&amp;__tn__=*NK-R\">#Yauhquemehcan<\/a><a href=\"https:\/\/www.facebook.com\/profile.php?id=61557359309656&amp;__cft__[0]=AZYvrlEAcbEGZXSV72gx0P10vCLL8bKpe6vV0Dwx8pG2XJdEkb2ewhDeNgPFSRrBJBeZGroyDqCZyhG-xj8ihb5mw5B1ovU-6xmXVgGr4OqQ3_ZkWq8TfyR4Vv-XQyF2UGjvnH9Nk3bSPhjAEv0qLcEa45VhVu6tzAm8rMm-iGmLZkl5KeZInZdKBuI7umwuH6aY7LaAvLxD8AL59Di6F6z4&amp;__tn__=-]K-R\">David Vega Terrazas<\/a><\/p>\n","protected":false},"excerpt":{"rendered":"<p>La Direcci\u00f3n de Servicios P\u00fablicos Municipales realiz\u00f3 trabajos de limpieza en calle Alejandro Guillot de la Comunidad de San Benito Xaltocan. Contin\u00faamos trabajando para mantener en \u00f3ptimas condiciones los espacios p\u00fablicos de nuestro municipio. \u00a1Caminemos Juntos! #AyuntamientodeYauhquemehcan#Tlaxcala#YauhquemehcanDavid Vega Terrazas<\/p>\n","protected":false},"author":1,"featured_media":0,"comment_status":"open","ping_status":"open","sticky":false,"template":"","format":"standard","meta":{"footnotes":""},"categories":[46],"tags":[],"class_list":["post-131713","post","type-post","status-publish","format-standard","hentry","category-yauhquemehcan"],"blog_post_layout_featured_media_urls":{"thumbnail":"","full":""},"categories_names":{"46":{"name":"Yauhquemehcan","link":"https:\/\/diariolanoticia.com.mx\/?cat=46"}},"tags_names":[],"comments_number":"0","wpmagazine_modules_lite_featured_media_urls":{"thumbnail":"","cvmm-medium":"","cvmm-medium-plus":"","cvmm-portrait":"","cvmm-medium-square":"","cvmm-large":"","cvmm-small":"","full":""},"_links":{"self":[{"href":"https:\/\/diariolanoticia.com.mx\/index.php?rest_route=\/wp\/v2\/posts\/131713","targetHints":{"allow":["GET"]}}],"collection":[{"href":"https:\/\/diariolanoticia.com.mx\/index.php?rest_route=\/wp\/v2\/posts"}],"about":[{"href":"https:\/\/diariolanoticia.com.mx\/index.php?rest_route=\/wp\/v2\/types\/post"}],"author":[{"embeddable":true,"href":"https:\/\/diariolanoticia.com.mx\/index.php?rest_route=\/wp\/v2\/users\/1"}],"replies":[{"embeddable":true,"href":"https:\/\/diariolanoticia.com.mx\/index.php?rest_route=%2Fwp%2Fv2%2Fcomments&post=131713"}],"version-history":[{"count":1,"href":"https:\/\/diariolanoticia.com.mx\/index.php?rest_route=\/wp\/v2\/posts\/131713\/revisions"}],"predecessor-version":[{"id":131717,"href":"https:\/\/diariolanoticia.com.mx\/index.php?rest_route=\/wp\/v2\/posts\/131713\/revisions\/131717"}],"wp:attachment":[{"href":"https:\/\/diariolanoticia.com.mx\/index.php?rest_route=%2Fwp%2Fv2%2Fmedia&parent=131713"}],"wp:term":[{"taxonomy":"category","embeddable":true,"href":"https:\/\/diariolanoticia.com.mx\/index.php?rest_route=%2Fwp%2Fv2%2Fcategories&post=131713"},{"taxonomy":"post_tag","embeddable":true,"href":"https:\/\/diariolanoticia.com.mx\/index.php?rest_route=%2Fwp%2Fv2%2Ftags&post=131713"}],"curies":[{"name":"wp","href":"https:\/\/api.w.org\/{rel}","templated":true}]}}