{"id":131728,"date":"2026-03-21T13:06:20","date_gmt":"2026-03-21T19:06:20","guid":{"rendered":"https:\/\/diariolanoticia.com.mx\/?p=131728"},"modified":"2026-03-21T13:06:20","modified_gmt":"2026-03-21T19:06:20","slug":"incrementa-cronista-municipal-acervo-del-archivo-de-yauhquemehcan","status":"publish","type":"post","link":"https:\/\/diariolanoticia.com.mx\/?p=131728","title":{"rendered":"Incrementa Cronista Municipal acervo del Archivo de Yauhquemehcan"},"content":{"rendered":"\n<p>De <a><\/a>acuerdo a las l\u00edneas de trabajo se\u00f1aladas por <a href=\"https:\/\/www.facebook.com\/profile.php?id=61557359309656&amp;__cft__[0]=AZbqd4y2rGd60PO_C5FD6w7Uyn8ZJDdgtV_e9lfYJMF5OJMV-ZvhO4JuQhdjWFx5GxO4n-1ang0rwngsDTrflxJBWFU5REICHJRAZMBfxQtgCmtEnXMg_Nbih1DS1hZ-NNSIkDrfdGm71a98o5Ke5QxTEc6jiZkrOikWIIxvcAZTI-cGofdYd3o-Ax9aKO0FwoIVPTHJWEWAAO0NZAslswRZ&amp;__tn__=-]K-R\">David Vega Terrazas<\/a>, Presidente Municipal de Yauhquemehcan, el Cronista entreg\u00f3 este d\u00eda al Archivo Municipal dos libros m\u00e1s, con lo que se incrementa el acervo de este repositorio documental.<\/p>\n\n\n\n<p>\u201cAlforja de Cuentos\u201d es un libro con relatos literarios, basados en ciertos hechos hist\u00f3ricos, que pretenden acercar a la comunidad a acontecimientos del pasado de nuestras localidades; en tanto, el libro \u201cCr\u00f3nicas 2025\u201d recopila los art\u00edculos diversos redactados en los \u00faltimos meses.<\/p>\n\n\n\n<p>El Presidente Vega Terrazas invit\u00f3 a la poblaci\u00f3n, especialmente a quienes tengan inter\u00e9s en el conocimiento hist\u00f3rico, para que visiten el Archivo Municipal y accedan al acervo del Cronista que ya cuenta con cinco libros publicados en torno de nuestro pasado e identidad.<\/p>\n\n\n\n<p>Por \u00faltimo, el Alcalde Vega Terrazas refrend\u00f3 su compromiso por el impulso al rescate de la historia, as\u00ed como a incentivar actividades art\u00edsticas y culturales, para lograr un desarrollo municipal integral.<img loading=\"lazy\" decoding=\"async\" height=\"16\" width=\"16\" alt=\"\ud83e\udd1d\" src=\"https:\/\/static.xx.fbcdn.net\/images\/emoji.php\/v9\/t64\/1\/16\/1f91d.png\"><\/p>\n\n\n\n<p>\u00a1Caminemos Juntos!<\/p>\n\n\n\n<p><a href=\"https:\/\/www.facebook.com\/hashtag\/ayuntamientodeyauhquemehcan?__eep__=6&amp;__cft__[0]=AZbqd4y2rGd60PO_C5FD6w7Uyn8ZJDdgtV_e9lfYJMF5OJMV-ZvhO4JuQhdjWFx5GxO4n-1ang0rwngsDTrflxJBWFU5REICHJRAZMBfxQtgCmtEnXMg_Nbih1DS1hZ-NNSIkDrfdGm71a98o5Ke5QxTEc6jiZkrOikWIIxvcAZTI-cGofdYd3o-Ax9aKO0FwoIVPTHJWEWAAO0NZAslswRZ&amp;__tn__=*NK-R\">#AyuntamientodeYauhquemehcan<\/a><a href=\"https:\/\/www.facebook.com\/hashtag\/tlaxcala?__eep__=6&amp;__cft__[0]=AZbqd4y2rGd60PO_C5FD6w7Uyn8ZJDdgtV_e9lfYJMF5OJMV-ZvhO4JuQhdjWFx5GxO4n-1ang0rwngsDTrflxJBWFU5REICHJRAZMBfxQtgCmtEnXMg_Nbih1DS1hZ-NNSIkDrfdGm71a98o5Ke5QxTEc6jiZkrOikWIIxvcAZTI-cGofdYd3o-Ax9aKO0FwoIVPTHJWEWAAO0NZAslswRZ&amp;__tn__=*NK-R\">#Tlaxcala<\/a><a href=\"https:\/\/www.facebook.com\/hashtag\/yauhquemehcan?__eep__=6&amp;__cft__[0]=AZbqd4y2rGd60PO_C5FD6w7Uyn8ZJDdgtV_e9lfYJMF5OJMV-ZvhO4JuQhdjWFx5GxO4n-1ang0rwngsDTrflxJBWFU5REICHJRAZMBfxQtgCmtEnXMg_Nbih1DS1hZ-NNSIkDrfdGm71a98o5Ke5QxTEc6jiZkrOikWIIxvcAZTI-cGofdYd3o-Ax9aKO0FwoIVPTHJWEWAAO0NZAslswRZ&amp;__tn__=*NK-R\">#Yauhquemehcan<\/a><\/p>\n","protected":false},"excerpt":{"rendered":"<p>De acuerdo a las l\u00edneas de trabajo se\u00f1aladas por David Vega Terrazas, Presidente Municipal de Yauhquemehcan, el Cronista entreg\u00f3 este d\u00eda al Archivo Municipal dos libros m\u00e1s, con lo que se incrementa el acervo de este repositorio documental. \u201cAlforja de Cuentos\u201d es un libro con relatos literarios, basados en ciertos hechos hist\u00f3ricos, que pretenden acercar [&hellip;]<\/p>\n","protected":false},"author":1,"featured_media":131729,"comment_status":"open","ping_status":"open","sticky":false,"template":"","format":"standard","meta":{"footnotes":""},"categories":[46],"tags":[],"class_list":["post-131728","post","type-post","status-publish","format-standard","has-post-thumbnail","hentry","category-yauhquemehcan"],"blog_post_layout_featured_media_urls":{"thumbnail":["https:\/\/diariolanoticia.com.mx\/wp-content\/uploads\/2026\/01\/611375223_122221361474511062_8061473275008502300_n-216x160.jpg",216,160,true],"full":["https:\/\/diariolanoticia.com.mx\/wp-content\/uploads\/2026\/01\/611375223_122221361474511062_8061473275008502300_n.jpg",1609,2048,false]},"categories_names":{"46":{"name":"Yauhquemehcan","link":"https:\/\/diariolanoticia.com.mx\/?cat=46"}},"tags_names":[],"comments_number":"0","wpmagazine_modules_lite_featured_media_urls":{"thumbnail":["https:\/\/diariolanoticia.com.mx\/wp-content\/uploads\/2026\/01\/611375223_122221361474511062_8061473275008502300_n-216x160.jpg",216,160,true],"cvmm-medium":["https:\/\/diariolanoticia.com.mx\/wp-content\/uploads\/2026\/01\/611375223_122221361474511062_8061473275008502300_n-300x300.jpg",300,300,true],"cvmm-medium-plus":["https:\/\/diariolanoticia.com.mx\/wp-content\/uploads\/2026\/01\/611375223_122221361474511062_8061473275008502300_n-305x207.jpg",305,207,true],"cvmm-portrait":["https:\/\/diariolanoticia.com.mx\/wp-content\/uploads\/2026\/01\/611375223_122221361474511062_8061473275008502300_n-400x600.jpg",400,600,true],"cvmm-medium-square":["https:\/\/diariolanoticia.com.mx\/wp-content\/uploads\/2026\/01\/611375223_122221361474511062_8061473275008502300_n-600x600.jpg",600,600,true],"cvmm-large":["https:\/\/diariolanoticia.com.mx\/wp-content\/uploads\/2026\/01\/611375223_122221361474511062_8061473275008502300_n-1024x1024.jpg",1024,1024,true],"cvmm-small":["https:\/\/diariolanoticia.com.mx\/wp-content\/uploads\/2026\/01\/611375223_122221361474511062_8061473275008502300_n-130x95.jpg",130,95,true],"full":["https:\/\/diariolanoticia.com.mx\/wp-content\/uploads\/2026\/01\/611375223_122221361474511062_8061473275008502300_n.jpg",1609,2048,false]},"_links":{"self":[{"href":"https:\/\/diariolanoticia.com.mx\/index.php?rest_route=\/wp\/v2\/posts\/131728","targetHints":{"allow":["GET"]}}],"collection":[{"href":"https:\/\/diariolanoticia.com.mx\/index.php?rest_route=\/wp\/v2\/posts"}],"about":[{"href":"https:\/\/diariolanoticia.com.mx\/index.php?rest_route=\/wp\/v2\/types\/post"}],"author":[{"embeddable":true,"href":"https:\/\/diariolanoticia.com.mx\/index.php?rest_route=\/wp\/v2\/users\/1"}],"replies":[{"embeddable":true,"href":"https:\/\/diariolanoticia.com.mx\/index.php?rest_route=%2Fwp%2Fv2%2Fcomments&post=131728"}],"version-history":[{"count":1,"href":"https:\/\/diariolanoticia.com.mx\/index.php?rest_route=\/wp\/v2\/posts\/131728\/revisions"}],"predecessor-version":[{"id":131730,"href":"https:\/\/diariolanoticia.com.mx\/index.php?rest_route=\/wp\/v2\/posts\/131728\/revisions\/131730"}],"wp:featuredmedia":[{"embeddable":true,"href":"https:\/\/diariolanoticia.com.mx\/index.php?rest_route=\/wp\/v2\/media\/131729"}],"wp:attachment":[{"href":"https:\/\/diariolanoticia.com.mx\/index.php?rest_route=%2Fwp%2Fv2%2Fmedia&parent=131728"}],"wp:term":[{"taxonomy":"category","embeddable":true,"href":"https:\/\/diariolanoticia.com.mx\/index.php?rest_route=%2Fwp%2Fv2%2Fcategories&post=131728"},{"taxonomy":"post_tag","embeddable":true,"href":"https:\/\/diariolanoticia.com.mx\/index.php?rest_route=%2Fwp%2Fv2%2Ftags&post=131728"}],"curies":[{"name":"wp","href":"https:\/\/api.w.org\/{rel}","templated":true}]}}