{"id":131734,"date":"2026-03-21T13:06:20","date_gmt":"2026-03-21T19:06:20","guid":{"rendered":"https:\/\/diariolanoticia.com.mx\/?p=131734"},"modified":"2026-03-21T13:06:20","modified_gmt":"2026-03-21T19:06:20","slug":"pt-zacatlan-inicia-campana-de-afiliacion","status":"publish","type":"post","link":"https:\/\/diariolanoticia.com.mx\/?p=131734","title":{"rendered":"PT Zacatl\u00e1n inicia campa\u00f1a de afiliaci\u00f3n"},"content":{"rendered":"\n<figure class=\"wp-block-gallery has-nested-images columns-default is-cropped wp-block-gallery-1 is-layout-flex wp-block-gallery-is-layout-flex\">\n<figure class=\"wp-block-image\"><img loading=\"lazy\" decoding=\"async\" width=\"1024\" height=\"768\" data-id=\"131736\" src=\"https:\/\/diariolanoticia.com.mx\/wp-content\/uploads\/2026\/01\/b83b23f7-8ed2-47a5-b257-848fb9644dff-1024x768.jpg\" alt=\"\" class=\"wp-image-131736\" srcset=\"https:\/\/diariolanoticia.com.mx\/wp-content\/uploads\/2026\/01\/b83b23f7-8ed2-47a5-b257-848fb9644dff-1024x768.jpg 1024w, https:\/\/diariolanoticia.com.mx\/wp-content\/uploads\/2026\/01\/b83b23f7-8ed2-47a5-b257-848fb9644dff-300x225.jpg 300w, https:\/\/diariolanoticia.com.mx\/wp-content\/uploads\/2026\/01\/b83b23f7-8ed2-47a5-b257-848fb9644dff-768x576.jpg 768w, https:\/\/diariolanoticia.com.mx\/wp-content\/uploads\/2026\/01\/b83b23f7-8ed2-47a5-b257-848fb9644dff-136x102.jpg 136w, https:\/\/diariolanoticia.com.mx\/wp-content\/uploads\/2026\/01\/b83b23f7-8ed2-47a5-b257-848fb9644dff.jpg 1500w\" sizes=\"auto, (max-width: 1024px) 100vw, 1024px\" \/><\/figure>\n\n\n\n<figure class=\"wp-block-image\"><img loading=\"lazy\" decoding=\"async\" width=\"1024\" height=\"768\" data-id=\"131737\" src=\"https:\/\/diariolanoticia.com.mx\/wp-content\/uploads\/2026\/01\/b9d1d105-ce7d-4ccc-9b06-48614c3cc4bd-1024x768.jpg\" alt=\"\" class=\"wp-image-131737\" srcset=\"https:\/\/diariolanoticia.com.mx\/wp-content\/uploads\/2026\/01\/b9d1d105-ce7d-4ccc-9b06-48614c3cc4bd-1024x768.jpg 1024w, https:\/\/diariolanoticia.com.mx\/wp-content\/uploads\/2026\/01\/b9d1d105-ce7d-4ccc-9b06-48614c3cc4bd-300x225.jpg 300w, https:\/\/diariolanoticia.com.mx\/wp-content\/uploads\/2026\/01\/b9d1d105-ce7d-4ccc-9b06-48614c3cc4bd-768x576.jpg 768w, https:\/\/diariolanoticia.com.mx\/wp-content\/uploads\/2026\/01\/b9d1d105-ce7d-4ccc-9b06-48614c3cc4bd-136x102.jpg 136w, https:\/\/diariolanoticia.com.mx\/wp-content\/uploads\/2026\/01\/b9d1d105-ce7d-4ccc-9b06-48614c3cc4bd.jpg 1280w\" sizes=\"auto, (max-width: 1024px) 100vw, 1024px\" \/><\/figure>\n<\/figure>\n\n\n\n<p>Zacatl\u00e1n, Pue.- Con el objetivo de fortalecer la participaci\u00f3n ciudadana y promover la inclusi\u00f3n social en la vida pol\u00edtica, el Partido del Trabajo (PT) en el municipio de Zacatl\u00e1n dio inicio al a\u00f1o con una campa\u00f1a de afiliaci\u00f3n partidista, inform\u00f3 Eybar M\u00e1rquez Manzano, coordinador distrital del partido en la Sierra Norte de Puebla.<\/p>\n\n\n\n<p>El dirigente destac\u00f3 que en esta regi\u00f3n la encomienda principal es la construcci\u00f3n de una estructura pol\u00edtica propia, incluyente y representativa, que permita consolidar el posicionamiento territorial del PT con miras al proceso electoral local de 2027.<\/p>\n\n\n\n<p>Se\u00f1al\u00f3 que la campa\u00f1a de afiliaci\u00f3n comenz\u00f3 en Zacatl\u00e1n, pero en las pr\u00f3ximas semanas se extender\u00e1 a diversos municipios de la Sierra Norte de Puebla.<\/p>\n\n\n\n<p>M\u00e1rquez Manzano explic\u00f3 que el proceso de afiliaci\u00f3n se realizar\u00e1 de manera digital en una primera etapa, priorizando la participaci\u00f3n de ciudadanos y ciudadanas que han simpatizado con el partido en procesos electorales anteriores, as\u00ed como de personas que, de forma libre e informada, decidan sumarse al trabajo pol\u00edtico del PT.<\/p>\n\n\n\n<p>Finalmente, indic\u00f3 que las y los interesados en formar parte del Partido del Trabajo podr\u00e1n iniciar su solicitud mediante un mensaje de texto a trav\u00e9s de la p\u00e1gina oficial de Facebook: PT Zacatl\u00e1n, como parte de una estrategia que busca facilitar el acceso y promover la participaci\u00f3n abierta y equitativa.<\/p>\n","protected":false},"excerpt":{"rendered":"<p>Zacatl\u00e1n, Pue.- Con el objetivo de fortalecer la participaci\u00f3n ciudadana y promover la inclusi\u00f3n social en la vida pol\u00edtica, el Partido del Trabajo (PT) en el municipio de Zacatl\u00e1n dio inicio al a\u00f1o con una campa\u00f1a de afiliaci\u00f3n partidista, inform\u00f3 Eybar M\u00e1rquez Manzano, coordinador distrital del partido en la Sierra Norte de Puebla. El dirigente [&hellip;]<\/p>\n","protected":false},"author":1,"featured_media":131733,"comment_status":"closed","ping_status":"open","sticky":false,"template":"","format":"standard","meta":{"footnotes":""},"categories":[20],"tags":[],"class_list":["post-131734","post","type-post","status-publish","format-standard","has-post-thumbnail","hentry","category-norte-de-puebla"],"blog_post_layout_featured_media_urls":{"thumbnail":["https:\/\/diariolanoticia.com.mx\/wp-content\/uploads\/2026\/01\/b93d0cb1-6cd1-43e3-8d3c-aed398df5663-216x160.jpg",216,160,true],"full":["https:\/\/diariolanoticia.com.mx\/wp-content\/uploads\/2026\/01\/b93d0cb1-6cd1-43e3-8d3c-aed398df5663.jpg",1500,1125,false]},"categories_names":{"20":{"name":"Norte de Puebla","link":"https:\/\/diariolanoticia.com.mx\/?cat=20"}},"tags_names":[],"comments_number":"0","wpmagazine_modules_lite_featured_media_urls":{"thumbnail":["https:\/\/diariolanoticia.com.mx\/wp-content\/uploads\/2026\/01\/b93d0cb1-6cd1-43e3-8d3c-aed398df5663-216x160.jpg",216,160,true],"cvmm-medium":["https:\/\/diariolanoticia.com.mx\/wp-content\/uploads\/2026\/01\/b93d0cb1-6cd1-43e3-8d3c-aed398df5663-300x300.jpg",300,300,true],"cvmm-medium-plus":["https:\/\/diariolanoticia.com.mx\/wp-content\/uploads\/2026\/01\/b93d0cb1-6cd1-43e3-8d3c-aed398df5663-305x207.jpg",305,207,true],"cvmm-portrait":["https:\/\/diariolanoticia.com.mx\/wp-content\/uploads\/2026\/01\/b93d0cb1-6cd1-43e3-8d3c-aed398df5663-400x600.jpg",400,600,true],"cvmm-medium-square":["https:\/\/diariolanoticia.com.mx\/wp-content\/uploads\/2026\/01\/b93d0cb1-6cd1-43e3-8d3c-aed398df5663-600x600.jpg",600,600,true],"cvmm-large":["https:\/\/diariolanoticia.com.mx\/wp-content\/uploads\/2026\/01\/b93d0cb1-6cd1-43e3-8d3c-aed398df5663-1024x1024.jpg",1024,1024,true],"cvmm-small":["https:\/\/diariolanoticia.com.mx\/wp-content\/uploads\/2026\/01\/b93d0cb1-6cd1-43e3-8d3c-aed398df5663-130x95.jpg",130,95,true],"full":["https:\/\/diariolanoticia.com.mx\/wp-content\/uploads\/2026\/01\/b93d0cb1-6cd1-43e3-8d3c-aed398df5663.jpg",1500,1125,false]},"_links":{"self":[{"href":"https:\/\/diariolanoticia.com.mx\/index.php?rest_route=\/wp\/v2\/posts\/131734","targetHints":{"allow":["GET"]}}],"collection":[{"href":"https:\/\/diariolanoticia.com.mx\/index.php?rest_route=\/wp\/v2\/posts"}],"about":[{"href":"https:\/\/diariolanoticia.com.mx\/index.php?rest_route=\/wp\/v2\/types\/post"}],"author":[{"embeddable":true,"href":"https:\/\/diariolanoticia.com.mx\/index.php?rest_route=\/wp\/v2\/users\/1"}],"replies":[{"embeddable":true,"href":"https:\/\/diariolanoticia.com.mx\/index.php?rest_route=%2Fwp%2Fv2%2Fcomments&post=131734"}],"version-history":[{"count":2,"href":"https:\/\/diariolanoticia.com.mx\/index.php?rest_route=\/wp\/v2\/posts\/131734\/revisions"}],"predecessor-version":[{"id":131738,"href":"https:\/\/diariolanoticia.com.mx\/index.php?rest_route=\/wp\/v2\/posts\/131734\/revisions\/131738"}],"wp:featuredmedia":[{"embeddable":true,"href":"https:\/\/diariolanoticia.com.mx\/index.php?rest_route=\/wp\/v2\/media\/131733"}],"wp:attachment":[{"href":"https:\/\/diariolanoticia.com.mx\/index.php?rest_route=%2Fwp%2Fv2%2Fmedia&parent=131734"}],"wp:term":[{"taxonomy":"category","embeddable":true,"href":"https:\/\/diariolanoticia.com.mx\/index.php?rest_route=%2Fwp%2Fv2%2Fcategories&post=131734"},{"taxonomy":"post_tag","embeddable":true,"href":"https:\/\/diariolanoticia.com.mx\/index.php?rest_route=%2Fwp%2Fv2%2Ftags&post=131734"}],"curies":[{"name":"wp","href":"https:\/\/api.w.org\/{rel}","templated":true}]}}